{"id":106562,"date":"2020-01-16T13:40:08","date_gmt":"2020-01-16T10:40:08","guid":{"rendered":"https:\/\/www.enerjigazetesi.ist\/?p=106562"},"modified":"2020-01-16T13:41:12","modified_gmt":"2020-01-16T10:41:12","slug":"english-sedas-ogrencilere-enerji-tasarrufu-bilincini-asiliyor","status":"publish","type":"post","link":"https:\/\/www.enerjigazetesi.ist\/en\/english-sedas-ogrencilere-enerji-tasarrufu-bilincini-asiliyor\/","title":{"rendered":"(Turkish) &#8217;SEDA\u015e&#8217; \u00d6\u011frencilere Enerji Tasarrufu Bilincini A\u015f\u0131l\u0131yor!"},"content":{"rendered":"<p class=\"qtranxs-available-languages-message qtranxs-available-languages-message-en\">Sorry, this entry is only available in <a href=\"https:\/\/www.enerjigazetesi.ist\/tr\/wp-json\/wp\/v2\/posts\/106562\" class=\"qtranxs-available-language-link qtranxs-available-language-link-tr\" title=\"Turkish\">Turkish<\/a>. For the sake of viewer convenience, the content is shown below in the alternative language. You may click the link to switch the active language.<\/p><p><\/p>\n<h1>Sakarya Elektrik Da\u011f\u0131t\u0131m A.\u015e (SEDA\u015e) taraf\u0131ndan Enerji Tasarrufu haftas\u0131 kapsam\u0131nda ger\u00e7ekle\u015ftirdi\u011fi \u00e7e\u015fitli okul ziyaretleri ile \u00f6\u011frencilere elektri\u011fin verimli ve g\u00fcvenli kullan\u0131lmas\u0131na y\u00f6nelik bilgiler verildi.<\/h1>\n<p><strong>Gelece\u011fin yeti\u015fkin bireyleri<\/strong> olarak <strong>s\u00fcrd\u00fcr\u00fclebilir enerji<\/strong> konusunda \u00e7ocuklar\u0131n fark\u0131ndal\u0131\u011f\u0131n\u0131n artt\u0131r\u0131lmas\u0131na b\u00fcy\u00fck \u00f6nem veren <strong>SEDA\u015e<\/strong>; sunum ve g\u00f6rsellerle zenginle\u015ftirdi\u011fi i\u00e7erik ile <strong>\u00f6\u011frencilere verimli enerji kullan\u0131m\u0131na<\/strong> dair uygulanabilir \u00f6rnekler sundu. SEDA\u015e Kurumsal \u0130leti\u015fim M\u00fcd\u00fcr\u00fc <img loading=\"lazy\" class=\"alignright wp-image-106564\" src=\"https:\/\/www.enerjigazetesi.ist\/wp-content\/uploads\/2020\/01\/sedas-ogrencilere-enerji-tasarrufu-bilincini-asiliyor-1.jpg\" alt=\"\" width=\"320\" height=\"170\" srcset=\"https:\/\/www.enerjigazetesi.ist\/wp-content\/uploads\/2020\/01\/sedas-ogrencilere-enerji-tasarrufu-bilincini-asiliyor-1.jpg 918w, https:\/\/www.enerjigazetesi.ist\/wp-content\/uploads\/2020\/01\/sedas-ogrencilere-enerji-tasarrufu-bilincini-asiliyor-1-300x159.jpg 300w, https:\/\/www.enerjigazetesi.ist\/wp-content\/uploads\/2020\/01\/sedas-ogrencilere-enerji-tasarrufu-bilincini-asiliyor-1-768x408.jpg 768w, https:\/\/www.enerjigazetesi.ist\/wp-content\/uploads\/2020\/01\/sedas-ogrencilere-enerji-tasarrufu-bilincini-asiliyor-1-500x266.jpg 500w, https:\/\/www.enerjigazetesi.ist\/wp-content\/uploads\/2020\/01\/sedas-ogrencilere-enerji-tasarrufu-bilincini-asiliyor-1-80x43.jpg 80w\" sizes=\"(max-width: 320px) 100vw, 320px\" \/><strong>Neslihan SE\u00c7EN<\/strong> taraf\u0131ndan yap\u0131lan bilgilendirme de <strong>ya\u015f aral\u0131klar\u0131na uygun<\/strong> olarak haz\u0131rlanan bilgileri dikkatle dinleyen \u00f6\u011frenciler; sorduklar\u0131 sorular ile daha k\u00fc\u00e7\u00fck ya\u015ftan itibaren okullarda \u00f6\u011fretilmeye ba\u015flanan <strong>enerji tasarrufu ve enerji verimlili\u011fi bilincini<\/strong> yans\u0131tt\u0131lar. <strong>\u015eebeke \u0130\u015fletme Bak\u0131m<\/strong> G\u00f6revlisi <strong>Erdem G\u00dcL<\/strong> taraf\u0131ndan da <strong>\u00e7ocuklara sahada al\u0131nan g\u00fcvenli \u00e7al\u0131\u015fma \u00f6nlemleri<\/strong> ve <strong>kullan\u0131lan ekipmanlar<\/strong> konusunda bilgiler payla\u015f\u0131ld\u0131.<\/p>\n<p>Program sonunda, \u00f6\u011frencilere <strong>enerji tasarrufu ve g\u00fcvenli elektrik kullan\u0131m\u0131<\/strong> bro\u015f\u00fcrleri da\u011f\u0131t\u0131larak hem <strong>SEDA\u015e<\/strong> hem de <strong>enerji verimlili\u011fi<\/strong> konusunda aktar\u0131lan bilgilerin daha kal\u0131c\u0131 olmas\u0131 sa\u011fland\u0131. <strong>Okul \u00f6\u011fretmenleri ve SEDA\u015e<\/strong> taraf\u0131ndan organize edilen sunum sonras\u0131nda; <strong>\u00f6\u011fretmenler SEDA\u015e\u2019a ve y\u00f6neticilerine<\/strong> te\u015fekk\u00fcr ettiler.<\/p>","protected":false},"excerpt":{"rendered":"<p>Sorry, this entry is only available in Turkish. For the sake of viewer convenience, the content is shown below in the alternative language. You may click the link to switch the active language. Sakarya Elektrik Da\u011f\u0131t\u0131m A.\u015e (SEDA\u015e) taraf\u0131ndan Enerji Tasarrufu haftas\u0131 kapsam\u0131nda ger\u00e7ekle\u015ftirdi\u011fi \u00e7e\u015fitli okul ziyaretleri ile \u00f6\u011frencilere elektri\u011fin verimli ve g\u00fcvenli kullan\u0131lmas\u0131na y\u00f6nelik [&hellip;]<\/p>\n","protected":false},"author":1,"featured_media":106565,"comment_status":"open","ping_status":"open","sticky":false,"template":"","format":"standard","meta":[],"categories":[51,53,52],"tags":[65023,65021,52259,35423,1715,65022,65024,26559,57229,63832,56856,2444,40153,793],"views":108,"_links":{"self":[{"href":"https:\/\/www.enerjigazetesi.ist\/en\/wp-json\/wp\/v2\/posts\/106562"}],"collection":[{"href":"https:\/\/www.enerjigazetesi.ist\/en\/wp-json\/wp\/v2\/posts"}],"about":[{"href":"https:\/\/www.enerjigazetesi.ist\/en\/wp-json\/wp\/v2\/types\/post"}],"author":[{"embeddable":true,"href":"https:\/\/www.enerjigazetesi.ist\/en\/wp-json\/wp\/v2\/users\/1"}],"replies":[{"embeddable":true,"href":"https:\/\/www.enerjigazetesi.ist\/en\/wp-json\/wp\/v2\/comments?post=106562"}],"version-history":[{"count":2,"href":"https:\/\/www.enerjigazetesi.ist\/en\/wp-json\/wp\/v2\/posts\/106562\/revisions"}],"predecessor-version":[{"id":106566,"href":"https:\/\/www.enerjigazetesi.ist\/en\/wp-json\/wp\/v2\/posts\/106562\/revisions\/106566"}],"wp:featuredmedia":[{"embeddable":true,"href":"https:\/\/www.enerjigazetesi.ist\/en\/wp-json\/wp\/v2\/media\/106565"}],"wp:attachment":[{"href":"https:\/\/www.enerjigazetesi.ist\/en\/wp-json\/wp\/v2\/media?parent=106562"}],"wp:term":[{"taxonomy":"category","embeddable":true,"href":"https:\/\/www.enerjigazetesi.ist\/en\/wp-json\/wp\/v2\/categories?post=106562"},{"taxonomy":"post_tag","embeddable":true,"href":"https:\/\/www.enerjigazetesi.ist\/en\/wp-json\/wp\/v2\/tags?post=106562"}],"curies":[{"name":"wp","href":"https:\/\/api.w.org\/{rel}","templated":true}]}}