{"id":106456,"date":"2020-01-14T23:29:01","date_gmt":"2020-01-14T20:29:01","guid":{"rendered":"https:\/\/www.enerjigazetesi.ist\/?p=106456"},"modified":"2020-01-14T23:37:32","modified_gmt":"2020-01-14T20:37:32","slug":"lise-ogrencileri-enerji-verimliligi-proje-yarismasi-cagri-duyurusu","status":"publish","type":"post","link":"https:\/\/www.enerjigazetesi.ist\/en\/lise-ogrencileri-enerji-verimliligi-proje-yarismasi-cagri-duyurusu\/","title":{"rendered":"(Turkish) Lise \u00d6\u011frencileri \u0130\u00e7in Enerji Verimlili\u011fi Proje Yar\u0131\u015fmas\u0131 \u00c7a\u011fr\u0131 Duyurusu"},"content":{"rendered":"<p class=\"qtranxs-available-languages-message qtranxs-available-languages-message-en\">Sorry, this entry is only available in <a href=\"https:\/\/www.enerjigazetesi.ist\/tr\/wp-json\/wp\/v2\/posts\/106456\" class=\"qtranxs-available-language-link qtranxs-available-language-link-tr\" title=\"Turkish\">Turkish<\/a>. For the sake of viewer convenience, the content is shown below in the alternative language. You may click the link to switch the active language.<\/p><p><\/p>\n<h1><strong>1. \u00c7a\u011fr\u0131n\u0131n Amac\u0131 ve Kapsam\u0131<\/strong><\/h1>\n<p>\u00c7a\u011fr\u0131n\u0131n amac\u0131, <strong>lise \u00f6\u011frenimine<\/strong> devam etmekte olan <strong>\u00f6\u011frencileri<\/strong> \u00f6zellikle <strong>Konut, Sanayi, Ula\u015f\u0131m ve Tar\u0131m sekt\u00f6rlerinde, enerjinin verimli kullan\u0131lmas\u0131 konusunda<\/strong> bilin\u00e7lendirmektir. Bu amaca uygun olarak sunulan projelerin, yukar\u0131da an\u0131lan sekt\u00f6rlerde, <strong>enerjinin verimli kullan\u0131lmas\u0131na, enerji tasarrufuna, enerji tasarrufunun \u00e7evreyle ili\u015fkisi ve etkilerine y\u00f6nelik<\/strong> olmas\u0131 ve <strong>T\u00fcrkiye ekonomisine<\/strong> katk\u0131da bulunabilecek, <strong>uygulanabilir \u00f6nerilerden<\/strong> olu\u015fmas\u0131 gerekir.<\/p>\n<p><strong>Bu \u00e7a\u011fr\u0131,<\/strong> program kapsam\u0131nda d\u00fczenlenecek olan <strong>yar\u0131\u015fmaya y\u00f6nelik kurallar\u0131, i\u015flemleri ve <img loading=\"lazy\" class=\"alignright wp-image-106458\" src=\"https:\/\/www.enerjigazetesi.ist\/wp-content\/uploads\/2020\/01\/lise-ogrencileri-enerji-verimliligi-proje-yarismasi-cagri-duyurusu.jpg\" alt=\"\" width=\"320\" height=\"257\" srcset=\"https:\/\/www.enerjigazetesi.ist\/wp-content\/uploads\/2020\/01\/lise-ogrencileri-enerji-verimliligi-proje-yarismasi-cagri-duyurusu.jpg 785w, https:\/\/www.enerjigazetesi.ist\/wp-content\/uploads\/2020\/01\/lise-ogrencileri-enerji-verimliligi-proje-yarismasi-cagri-duyurusu-300x241.jpg 300w, https:\/\/www.enerjigazetesi.ist\/wp-content\/uploads\/2020\/01\/lise-ogrencileri-enerji-verimliligi-proje-yarismasi-cagri-duyurusu-768x616.jpg 768w, https:\/\/www.enerjigazetesi.ist\/wp-content\/uploads\/2020\/01\/lise-ogrencileri-enerji-verimliligi-proje-yarismasi-cagri-duyurusu-498x400.jpg 498w, https:\/\/www.enerjigazetesi.ist\/wp-content\/uploads\/2020\/01\/lise-ogrencileri-enerji-verimliligi-proje-yarismasi-cagri-duyurusu-62x50.jpg 62w\" sizes=\"(max-width: 320px) 100vw, 320px\" \/>y\u00fck\u00fcml\u00fcl\u00fckleri kapsar<\/strong>.<\/p>\n<h2>2. Ba\u015fvuru Ko\u015fullar\u0131, Belgeleri ve Y\u00f6ntemi<\/h2>\n<h2>2.1. Ba\u015fvuru Ko\u015fullar\u0131<\/h2>\n<p><strong>2.1.1<\/strong> Yar\u0131\u015fmaya, <strong>T\u00fcrkiye<\/strong> ve <strong>KKTC\u2019de \u00f6\u011frenim g\u00f6ren<\/strong> t\u00fcm lise \u00f6\u011frencileri kat\u0131labilir.<br \/>\n<strong>2.1.2<\/strong> Yar\u0131\u015fmaya <strong>her \u00f6\u011frenci yaln\u0131zca bir proje<\/strong> ile kat\u0131labilir ve her proje en \u00e7ok <strong>2 \u00f6\u011frenci<\/strong> taraf\u0131ndan haz\u0131rlan\u0131r.<br \/>\n<strong>2.1.3<\/strong> Bir projede sadece <strong>bir dan\u0131\u015fman g\u00f6rev alabilir<\/strong> ve dan\u0131\u015fman birden fazla projeye dan\u0131\u015fmanl\u0131k yapabilir. <strong>Projede dan\u0131\u015fman olmas\u0131 zorunlu de\u011fildir.<\/strong><br \/>\n<strong>2.1.4<\/strong> Projeler 2020 y\u0131l\u0131 <strong>Lise \u00d6\u011frencileri Ara\u015ft\u0131rma Projeleri Yar\u0131\u015fmas\u0131 Proje Rehberine<\/strong> g\u00f6re haz\u0131rlan\u0131r.<br \/>\n<strong>2.1.5<\/strong> Ayn\u0131 ya da ba\u015fka <strong>isimlerle ve\/veya ayn\u0131 ya da benzer i\u00e7erikle (konuyla)<\/strong> herhangi bir proje yar\u0131\u015fmas\u0131na, bu yar\u0131\u015fman\u0131n <strong>son ba\u015fvuru tarihinden \u00f6nce<\/strong> ba\u015fvurusu yap\u0131lm\u0131\u015f veya kat\u0131lm\u0131\u015f projelerle bu yar\u0131\u015fmaya ba\u015fvuru yap\u0131lamaz. <strong>Son ba\u015fvuru tarihinden \u00f6nce<\/strong> ayn\u0131 projeyle bu veya ba\u015fka bir yar\u0131\u015fmaya kat\u0131ld\u0131\u011f\u0131 ya da <strong>ba\u015fvurdu\u011fu tespit edilen projeler<\/strong>, hangi a\u015famada olursa olsun yar\u0131\u015fmadan elenir.<br \/>\n<strong>2.1.6<\/strong> Ba\u015fvuru belgelerinde <strong>eksik veya yanl\u0131\u015f bilgi verilmesi, ba\u015fvurusu yap\u0131lacak<\/strong> projenin <strong>halk sa\u011fl\u0131\u011f\u0131 ve g\u00fcvenli\u011fi<\/strong> i\u00e7in risk te\u015fkil etmesi, insanlar\u0131n ki\u015filik haklar\u0131na ayk\u0131r\u0131 \u00e7al\u0131\u015fma yap\u0131lmas\u0131, projede <strong>etnik k\u00f6kene, ki\u015fi veya toplumu karalamaya y\u00f6nelik i\u00e7erik<\/strong> bulunmas\u0131,<strong> sa\u011fl\u0131\u011f\u0131 tehdit eden deneyler yap\u0131lmas\u0131<\/strong> durumlar\u0131nda proje ba\u015fvurular\u0131 hangi a\u015famada olursa olsun yar\u0131\u015fmadan elenir.<\/p>\n<h2>2.2. Ba\u015fvuru \u0130\u015flemi<\/h2>\n<p><strong>2.2.1<\/strong> <strong>Proje Ba\u015fvuru Formu<\/strong> ile <strong>Bilimsel Etik ve Projeye Katk\u0131 Beyan Formu<\/strong> doldurularak proje raporu ile birlikte belirtilen adrese g\u00f6nderilir. Bu formlar <a href=\"http:\/\/www.tubitak.gov.tr\/tr\/yarismalar\/icerik-enerji-verimliligi-proje-yarismasi\" target=\"_blank\" rel=\"noopener\">http:\/\/www.tubitak.gov.tr\/tr\/yarismalar\/icerik-enerji-verimliligi-proje-yarismasi<\/a> \u0130nternet adresinden temin edilir.<br \/>\n<strong>2.2.2<\/strong> Proje Raporu <a href=\"http:\/\/www.tubitak.gov.tr\/tr\/yarismalar\/icerik-lise-ogrencileri-arastirmaprojeleri-yarismasi\" target=\"_blank\" rel=\"noopener\">http:\/\/www.tubitak.gov.tr\/tr\/yarismalar\/icerik-lise-ogrencileri-arastirmaprojeleri-yarismasi<\/a> adresinde bulunan \u015fablon kullan\u0131larak haz\u0131rlan\u0131r.<br \/>\n<strong>2.2.3<\/strong> Proje Raporu Word dosyas\u0131, Proje Ba\u015fvuru Formu, Bilimsel Etik ve Proje Katk\u0131 Beyan Formu PDF dosyas\u0131 olarak kaydedilmi\u015f bellek \u00e7ubu\u011fu veya CD ba\u015fvuru evraklar\u0131 ile birlikte g\u00f6nderilir.<br \/>\n<strong>2.2.4<\/strong> 2020 y\u0131l\u0131 Lise \u00d6\u011frencileri Enerji Verimlili\u011fi Proje Yar\u0131\u015fmas\u0131 ba\u015fvurular\u0131 <strong>07 \u015eubat 2020<\/strong> tarihinde, <strong>saat 17.30\u2019da<\/strong> sona erer.<br \/>\n<strong>2.2.5<\/strong> Proje \u00f6zeti en az 150, en fazla 250 kelime, proje raporu en az 2, en fazla 20 sayfa olmal\u0131d\u0131r.<\/p>\n<h2><strong>3. Yar\u0131\u015fma Kategorileri<\/strong><\/h2>\n<p><strong>3.1<\/strong> Yar\u0131\u015fma; <strong>Konut, Sanayi, Ula\u015f\u0131m, Tar\u0131m<\/strong> olmak \u00fczere <strong>4 alanda<\/strong> d\u00fczenlenir.<\/p>\n<h2><strong>4. De\u011ferlendirme Y\u00f6ntemi ve Kriterleri<\/strong><\/h2>\n<p><strong>4.1<\/strong> Projeler \u00f6nce, ilgili j\u00fcrilerce, <strong>\u201cProje Raporu\u201d<\/strong> \u00fczerinden de\u011ferlendirilecektir. Bu de\u011ferlendirme sonucunda s\u00f6zl\u00fc sunum i\u00e7in uygun g\u00f6r\u00fclen projeler <strong>Ankara\u2019ya<\/strong> davet edilir.<\/p>\n<p><strong>4.2<\/strong> <strong>S\u00f6zl\u00fc sunuma \u00e7a\u011f\u0131r\u0131lan projeler<\/strong> j\u00fcriler taraf\u0131ndan s\u00f6zl\u00fc sunuma al\u0131n\u0131r. S\u00f6zl\u00fc sunum s\u0131ras\u0131nda gerekli olan bilgisayar ve projeksiyon cihaz\u0131 <strong>Enerji Verimlili\u011fi ve \u00c7evre Dairesi Ba\u015fkanl\u0131\u011f\u0131<\/strong> taraf\u0131ndan temin edilir. Bunlar\u0131n d\u0131\u015f\u0131nda kullan\u0131lmas\u0131 \u00f6ng\u00f6r\u00fclen teknik donan\u0131m yar\u0131\u015fmac\u0131lar taraf\u0131ndan temin edilir.<\/p>\n<p><strong>4.3<\/strong> Tak\u0131m halinde yar\u0131\u015fmaya kat\u0131lan \u00f6\u011frencilerin <strong>s\u00f6zl\u00fc sunuma davet edilmeleri<\/strong> durumunda, her iki \u00f6\u011frencinin de sunumda bulunmas\u0131 zorunludur, aksi halde <strong>her iki \u00f6\u011frenci de<\/strong> yar\u0131\u015fmadan elenir.<\/p>\n<p><strong>4.4<\/strong> Projelerin, \u00f6\u011frencilerin tamamen kendi <strong>bilgi, beceri ve \u00f6zg\u00fcn d\u00fc\u015f\u00fcncelerinden<\/strong> kaynaklanm\u0131\u015f, geli\u015ftirilmi\u015f ve dan\u0131\u015fman deste\u011fi ile tamamlanm\u0131\u015f olmas\u0131 beklenir.<br \/>\nKendisine\/lerine ait olmayan bir \u00e7al\u0131\u015fman\u0131n (devam etmekte ya da sonu\u00e7land\u0131r\u0131lm\u0131\u015f) proje olarak sunuldu\u011fu, projede sahipleri d\u0131\u015f\u0131ndaki <strong>ki\u015filerin d\u00fc\u015f\u00fcnce, ifade veya bulu\u015flar\u0131n\u0131<\/strong> kaynak g\u00f6stermeksizin kullan\u0131ld\u0131\u011f\u0131 <strong>tespit edilen projeler<\/strong> hangi a\u015famada olursa olsun yar\u0131\u015fmadan elenir. Ayr\u0131ca bu durumda olan proje sahibi \u00f6\u011frenciler ve dan\u0131\u015fmanlar <strong>MEB\u2019e<\/strong> bildirilir. Yar\u0131\u015fma sonras\u0131nda da s\u00f6z konusu kurallara uyulmad\u0131\u011f\u0131n\u0131n tespiti durumunda yukar\u0131da <strong>s\u00f6z edilen yapt\u0131r\u0131mlar<\/strong> uygulan\u0131r.<\/p>\n<h2><strong>5. \u00d6d\u00fcller<\/strong><\/h2>\n<p><strong>5.1<\/strong> De\u011ferlendirmeler sonucunda ilk <strong>3 dereceyi elde eden<\/strong> \u00f6\u011frenciler ve dan\u0131\u015fman \u00f6\u011fretmenlerine a\u015fa\u011f\u0131da belirtilen miktarda <strong>para \u00f6d\u00fcl\u00fc<\/strong> verilir.<\/p>\n<p><strong>5.2<\/strong> Kazanan \u00f6\u011frencilere \u00f6d\u00fclleri <strong>2021 y\u0131l\u0131nda Enerji Verimlili\u011fi ve \u00c7evre Dairesi Ba\u015fkanl\u0131\u011f\u0131<\/strong> taraf\u0131ndan belirlenen tarihte verilecektir. Yap\u0131lacak <strong>s\u00f6zl\u00fc sunumun yeri<\/strong> ve tarihi daha sonra a\u00e7\u0131klanacakt\u0131r. Ankara d\u0131\u015f\u0131ndan gelecek \u00f6\u011frencilerin ve okul m\u00fcd\u00fcrl\u00fc\u011f\u00fcnce g\u00f6revlendirilecek bir <strong>\u00f6\u011fretmenin konaklama<\/strong> ve <strong>geli\u015f-d\u00f6n\u00fc\u015f otob\u00fcs<\/strong> ya da <strong>tren (yatakl\u0131 hari\u00e7)<\/strong> yol \u00fccretleri <strong>Enerji Verimlili\u011fi ve \u00c7evre Dairesi Ba\u015fkanl\u0131\u011f\u0131<\/strong> taraf\u0131ndan \u00f6denir.<\/p>\n<p><strong>DERECE &#8211; \u00d6\u011eRENC\u0130 \u00d6D\u00dcL\u00dc &#8211;\u00a0\u00d6\u011eRETMEN \u00d6D\u00dcL\u00dc <\/strong><\/p>\n<p><strong>(Proje Ba\u015f\u0131na)<\/strong><br \/>\n<strong>B\u0130R\u0130NC\u0130L\u0130K &#8211;<\/strong> 2.500,00-TL &#8211; 1.500,00-TL<br \/>\n<strong>\u0130K\u0130NC\u0130L\u0130K<\/strong>\u00a0&#8211; 2.000,00-TL &#8211; 1.200,00-TL<br \/>\n<strong>\u00dc\u00c7\u00dcNC\u00dcL\u00dcK &#8211;<\/strong>\u00a01.200,00-TL &#8211; 900,00-TL<br \/>\n<strong>TE\u015eV\u0130K &#8211;<\/strong> 1.000,00-TL &#8211;\u00a0 &#8212;<\/p>\n<h2>6. \u00c7a\u011fr\u0131 Takvimi<\/h2>\n<p><strong>6.1<\/strong> Proje Ba\u015fvurular\u0131 yar\u0131\u015fman\u0131n <strong>son ba\u015fvuru tarihi<\/strong> olan <strong>07 \u015eubat 2020<\/strong> tarihi, saat <strong>17.30\u2019a<\/strong> kadar <strong>Enerji Verimlili\u011fi ve \u00c7evre Dairesi Ba\u015fkanl\u0131\u011f\u0131<\/strong> adresine iletilmi\u015f olmal\u0131d\u0131r.<\/p>\n<h2><strong>7. Di\u011fer H\u00fck\u00fcmler<\/strong><\/h2>\n<p><strong>7.1<\/strong> S\u00f6zl\u00fc sunum i\u00e7in <strong>Ankara d\u0131\u015f\u0131ndan gelecek<\/strong> \u00f6\u011frencilerin ve <strong>okul m\u00fcd\u00fcrl\u00fc\u011f\u00fcnce<\/strong> g\u00f6revlendirilecek bir <strong>\u00f6\u011fretmenin konaklama<\/strong> ve geli\u015f-d\u00f6n\u00fc\u015f otob\u00fcs ya da tren (yatakl\u0131 hari\u00e7) yol \u00fccretleri <strong>Enerji Verimlili\u011fi ve \u00c7evre Dairesi Ba\u015fkanl\u0131\u011f\u0131<\/strong> taraf\u0131ndan \u00f6denir.<br \/>\n<strong>7.2<\/strong> <strong>S\u00f6zl\u00fc sunumun yeri<\/strong> ve tarihleri ilgililere <strong>e-posta yoluyla<\/strong> bildirilir. <strong>S\u00f6zl\u00fc sunuma<\/strong> davet edilen \u00f6\u011frencilerin <strong>t\u00fcm sorumlulu\u011fu g\u00f6revlendirilen<\/strong> \u00f6\u011fretmene aittir.<br \/>\n<strong>7.3<\/strong> <strong>Yar\u0131\u015fma ile ilgili gerekli belgeler<\/strong>, \u00f6\u011frenci, varsa dan\u0131\u015fman ve okul m\u00fcd\u00fcrl\u00fcklerine e-posta olarak g\u00f6nderilir. Yar\u0131\u015fma s\u00fcresince <strong>\u00f6\u011frenci ve dan\u0131\u015fmanlar\u0131n ba\u015fvuru<\/strong> formunda belirttikleri <strong>e-posta adreslerini<\/strong> takip etmeleri gerekir.<br \/>\n<strong>7.4<\/strong> Ticari bir de\u011feri oldu\u011fu d\u00fc\u015f\u00fcn\u00fclen <strong>projeler i\u00e7in sergilenmeden<\/strong> \u00f6nce\u00a0<a href=\"http:\/\/www.turkpatent.gov.tr\" target=\"_blank\" rel=\"noopener\">www.turkpatent.gov.tr<\/a> adresinden <strong>patent ba\u015fvurusunda bulunulmas\u0131<\/strong> \u00f6nerilir.<br \/>\n<strong>7.5<\/strong> Gerekli g\u00f6r\u00fclmesi durumunda bu <strong>\u00e7a\u011fr\u0131 duyurusunda<\/strong> son ba\u015fvuru tarihine kadar de\u011fi\u015fiklik yap\u0131labilir.<\/p>\n<h2><strong>8. \u0130lgili Mevzuat<\/strong><\/h2>\n<p>Bu program a\u015fa\u011f\u0131da belirtilen <strong>Mevzuat do\u011frultusunda<\/strong> y\u00fcr\u00fct\u00fclmektedir.<br \/>\n<strong>8.1<\/strong> <strong>T\u00dcB\u0130TAK<\/strong> ve <strong>Enerji Verimlili\u011fi ve \u00c7evre Dairesi Ba\u015fkanl\u0131\u011f\u0131<\/strong> ile <strong>2013 y\u0131l\u0131nda<\/strong> yap\u0131lan \u0130\u015fbirli\u011fi Protokol\u00fc<br \/>\n<strong>8.2<\/strong> T\u00fcrkiye Bilimsel ve Teknolojik Ara\u015ft\u0131rma Kurumu Bilim \u0130nsan\u0131 Destek Programlar\u0131 Ba\u015fkanl\u0131\u011f\u0131 Taraf\u0131ndan Y\u00fcr\u00fct\u00fclen Programlara \u0130li\u015fkin Y\u00f6netmelik<br \/>\n<strong>8.3<\/strong> <strong>T\u00fcrkiye Bilimsel ve Teknolojik Ara\u015ft\u0131rma Kurumu<\/strong>, Bilim \u0130nsan\u0131 Destek Programlar\u0131 Ba\u015fkanl\u0131\u011f\u0131 Burs ve Destek Programlar\u0131n\u0131n Y\u00fcr\u00fct\u00fclmesine \u0130li\u015fkin Usul ve Esaslar.<br \/>\n<strong>8.4<\/strong> <strong>B\u0130DEB Burs ve Destek Programlar\u0131nda<\/strong> Ba\u015fvurular\u0131n ve Raporlar\u0131n Panel\/D\u0131\u015f Dan\u0131\u015fman\/Dan\u0131\u015fma Kurulu Y\u00f6ntemi ile De\u011ferlendirilmesi ve \u0130zlenmesine \u0130li\u015fkin Y\u00f6nerge.<\/p>","protected":false},"excerpt":{"rendered":"<p>Sorry, this entry is only available in Turkish. For the sake of viewer convenience, the content is shown below in the alternative language. You may click the link to switch the active language. 1. \u00c7a\u011fr\u0131n\u0131n Amac\u0131 ve Kapsam\u0131 \u00c7a\u011fr\u0131n\u0131n amac\u0131, lise \u00f6\u011frenimine devam etmekte olan \u00f6\u011frencileri \u00f6zellikle Konut, Sanayi, Ula\u015f\u0131m ve Tar\u0131m sekt\u00f6rlerinde, enerjinin verimli [&hellip;]<\/p>\n","protected":false},"author":1,"featured_media":106458,"comment_status":"open","ping_status":"open","sticky":false,"template":"","format":"standard","meta":[],"categories":[53,52],"tags":[52259,58103,44430,5725,2288,1902,5296,998],"views":234,"_links":{"self":[{"href":"https:\/\/www.enerjigazetesi.ist\/en\/wp-json\/wp\/v2\/posts\/106456"}],"collection":[{"href":"https:\/\/www.enerjigazetesi.ist\/en\/wp-json\/wp\/v2\/posts"}],"about":[{"href":"https:\/\/www.enerjigazetesi.ist\/en\/wp-json\/wp\/v2\/types\/post"}],"author":[{"embeddable":true,"href":"https:\/\/www.enerjigazetesi.ist\/en\/wp-json\/wp\/v2\/users\/1"}],"replies":[{"embeddable":true,"href":"https:\/\/www.enerjigazetesi.ist\/en\/wp-json\/wp\/v2\/comments?post=106456"}],"version-history":[{"count":0,"href":"https:\/\/www.enerjigazetesi.ist\/en\/wp-json\/wp\/v2\/posts\/106456\/revisions"}],"wp:featuredmedia":[{"embeddable":true,"href":"https:\/\/www.enerjigazetesi.ist\/en\/wp-json\/wp\/v2\/media\/106458"}],"wp:attachment":[{"href":"https:\/\/www.enerjigazetesi.ist\/en\/wp-json\/wp\/v2\/media?parent=106456"}],"wp:term":[{"taxonomy":"category","embeddable":true,"href":"https:\/\/www.enerjigazetesi.ist\/en\/wp-json\/wp\/v2\/categories?post=106456"},{"taxonomy":"post_tag","embeddable":true,"href":"https:\/\/www.enerjigazetesi.ist\/en\/wp-json\/wp\/v2\/tags?post=106456"}],"curies":[{"name":"wp","href":"https:\/\/api.w.org\/{rel}","templated":true}]}}