{"id":106433,"date":"2020-01-14T17:41:23","date_gmt":"2020-01-14T14:41:23","guid":{"rendered":"https:\/\/www.enerjigazetesi.ist\/?p=106433"},"modified":"2020-01-15T11:40:39","modified_gmt":"2020-01-15T08:40:39","slug":"4uncu-solarenada-gelecege-yonelik-fv-depolama-vurgusu-yapildi","status":"publish","type":"post","link":"https:\/\/www.enerjigazetesi.ist\/en\/4uncu-solarenada-gelecege-yonelik-fv-depolama-vurgusu-yapildi\/","title":{"rendered":"(Turkish) &#8217;4&#8217;\u00fcnc\u00fc SOLARENA&#8217;da &#8216;FV ve Depolama&#8217; Vurgusu Yap\u0131ld\u0131"},"content":{"rendered":"<p class=\"qtranxs-available-languages-message qtranxs-available-languages-message-en\">Sorry, this entry is only available in <a href=\"https:\/\/www.enerjigazetesi.ist\/tr\/wp-json\/wp\/v2\/posts\/106433\" class=\"qtranxs-available-language-link qtranxs-available-language-link-tr\" title=\"Turkish\">Turkish<\/a>. For the sake of viewer convenience, the content is shown below in the alternative language. You may click the link to switch the active language.<\/p><p><\/p>\n<h1><strong>Uluslararas\u0131 G\u00fcne\u015f Enerjisi Toplulu\u011fu T\u00fcrkiye B\u00f6l\u00fcm\u00fc G\u00dcNDER, 14 Ocak 2020\u2019de JW Marriott Ankara\u2019da ger\u00e7ekle\u015ftirilen 4&#8217;\u00fcnc\u00fc SOLARENA etkinli\u011fi ile \u201cG\u00fcne\u015f \u00c7at\u0131 Sistemleri ve Depolama Uygulamalar\u0131n\u0131n Ekonomik Analizi\u201d raporunu kamuoyuyla payla\u015ft\u0131. G\u00fcne\u015f enerjisi yat\u0131r\u0131mlar\u0131n\u0131n oda\u011f\u0131ndaki son geli\u015fmeleri \u00f6zetleyen \u00e7al\u0131\u015fma, T\u00fcrkiye\u2019de 7 co\u011frafi b\u00f6lgede benzer karakteristiklere sahip hanelerdeki \u00f6l\u00e7\u00fcmleri temel alarak \u201cFV (Fotovoltaik) + Depolama\u201d teknolojilerindeki i\u015f birliklerinin fizibilitesini inceliyor. Raporda \u00f6nerilen te\u015fvik paketleri ile hem bireysel hem de kurumsal yat\u0131r\u0131mc\u0131lar\u0131n, FV ve batarya birle\u015fik uygulamalar\u0131 ile desteklenmesi hedefleniyor.<\/strong><\/h1>\n<p><strong>G\u00dcNDER\u2019in<\/strong> her y\u0131l d\u00fczenledi\u011fi <strong>SOLARENA etkinli\u011finin<\/strong> 4&#8217;\u00fcnc\u00fcs\u00fc <strong>14 Ocak 2020<\/strong> g\u00fcn\u00fc Ankara\u2019da <strong><img loading=\"lazy\" class=\"alignright wp-image-106437\" src=\"https:\/\/www.enerjigazetesi.ist\/wp-content\/uploads\/2020\/01\/4uncu-solarenada-gelecege-yonelik-fv-depolama-vurgusu-yapildi-2.jpg\" alt=\"\" width=\"320\" height=\"320\" srcset=\"https:\/\/www.enerjigazetesi.ist\/wp-content\/uploads\/2020\/01\/4uncu-solarenada-gelecege-yonelik-fv-depolama-vurgusu-yapildi-2.jpg 488w, https:\/\/www.enerjigazetesi.ist\/wp-content\/uploads\/2020\/01\/4uncu-solarenada-gelecege-yonelik-fv-depolama-vurgusu-yapildi-2-150x150.jpg 150w, https:\/\/www.enerjigazetesi.ist\/wp-content\/uploads\/2020\/01\/4uncu-solarenada-gelecege-yonelik-fv-depolama-vurgusu-yapildi-2-300x300.jpg 300w, https:\/\/www.enerjigazetesi.ist\/wp-content\/uploads\/2020\/01\/4uncu-solarenada-gelecege-yonelik-fv-depolama-vurgusu-yapildi-2-400x400.jpg 400w, https:\/\/www.enerjigazetesi.ist\/wp-content\/uploads\/2020\/01\/4uncu-solarenada-gelecege-yonelik-fv-depolama-vurgusu-yapildi-2-50x50.jpg 50w, https:\/\/www.enerjigazetesi.ist\/wp-content\/uploads\/2020\/01\/4uncu-solarenada-gelecege-yonelik-fv-depolama-vurgusu-yapildi-2-100x100.jpg 100w\" sizes=\"(max-width: 320px) 100vw, 320px\" \/><\/strong>ger\u00e7ekle\u015ftirildi. <strong>\u201cG\u00fcne\u015f \u00c7at\u0131 Sistemleri ve Depolama Uygulamalar\u0131n\u0131n Ekonomik Analizi\u201d<\/strong> ba\u015fl\u0131kl\u0131 toplant\u0131n\u0131n a\u00e7\u0131l\u0131\u015f konu\u015fmalar\u0131, <strong>G\u00dcNDER<\/strong> Y\u00f6netim Kurulu Ba\u015fkan\u0131 <strong>Kutay KALEL\u0130<\/strong>, <strong>ERC Sistem Elektrik<\/strong> Genel M\u00fcd\u00fcr\u00fc <strong>Ali ERCAN<\/strong>, Elin A.\u015e. Elektrik &amp; Elektronik M\u00fchendisi <strong>Aykut G\u00dcM\u00dc\u015e<\/strong> taraf\u0131ndan ger\u00e7ekle\u015ftirildi.<\/p>\n<p>A\u00e7\u0131l\u0131\u015f konu\u015fmalar\u0131n\u0131n ard\u0131ndan, uzman konuklar\u0131n kat\u0131l\u0131m\u0131yla <strong>&#8220;G\u00fcne\u015f Enerjisi Payda\u015flar\u0131 i\u00e7in Yeni Teknolojilerle Gelen F\u0131rsatlar&#8221;<\/strong> paneli d\u00fczenlendi.\u00a0 <strong>Bilkent \u00dcniversitesi<\/strong> \u00d6\u011fretim G\u00f6revlisi <strong>Bengisu \u00d6ZEN\u00c7<\/strong>\u2019in moderat\u00f6rl\u00fc\u011f\u00fcnde ger\u00e7ekle\u015ftirilen panelde, <strong>SHURA Enerji D\u00f6n\u00fc\u015f\u00fcm\u00fc<\/strong> Merkezi Direkt\u00f6r\u00fc <strong>De\u011fer SAYGIN<\/strong>, <strong>Endoks Enerji<\/strong> Genel M\u00fcd\u00fcr\u00fc Alper <strong>TERC\u0130YANLI<\/strong>, <strong>TEHAD T\u00fcrkiye<\/strong> Elektrikli ve Hibrid Ara\u00e7lar Derne\u011fi Ba\u015fkan\u0131 <strong>Berkan BAYRAM<\/strong> ve PEM Enerji Genel M\u00fcd\u00fcr\u00fc <strong>\u015eahin BAYRAM<\/strong> yer ald\u0131.<\/p>\n<h2><strong>\u201cDa\u011f\u0131t\u0131k enerji yat\u0131r\u0131mlar\u0131 i\u00e7in solar te\u015fvik mekanizmalar\u0131 \u015fart\u201d<\/strong><\/h2>\n<p><strong>\u201cG\u00fcne\u015f \u00c7at\u0131 Sistemleri ve Depolama Uygulamalar\u0131n\u0131n Ekonomik Analizi\u201d<\/strong> raporuna g\u00f6re, <strong>yenilenebilir enerji kaynaklar\u0131n\u0131n<\/strong> genelinde izlenebilen <strong>yeni kapasite yat\u0131r\u0131mlar\u0131ndaki<\/strong> h\u0131zl\u0131 art\u0131\u015f, <strong>geli\u015fen teknolojiler ve geni\u015fleyen pazarlar<\/strong> ile birlikte h\u0131zla d\u00fc\u015fen fiyatlardan kaynaklan\u0131yor. Ge\u00e7ti\u011fimiz <strong>10 y\u0131ldaki<\/strong> seviyelendirilmi\u015f <strong>enerji maliyetlerine \u015febeke \u00f6l\u00e7e\u011finde<\/strong> bak\u0131ld\u0131\u011f\u0131nda, <strong>FV uygulamalar\u0131nda<\/strong> ya\u015fanan <strong>% 89\u2019luk<\/strong> d\u00fc\u015f\u00fc\u015f\u00fcn <strong>di\u011fer yenilenebilir ve fosil yak\u0131t kaynaklar\u0131n\u0131<\/strong> geride b\u0131rakt\u0131\u011f\u0131 g\u00f6r\u00fcl\u00fcyor.<\/p>\n<p><strong>Yenilenebilir enerji teknolojilerindeki<\/strong> h\u0131zl\u0131 geli\u015fmelerin getirdi\u011fi maliyet d\u00fc\u015f\u00fc\u015fleri bu alandaki yat\u0131r\u0131mlar\u0131 h\u0131zland\u0131r\u0131rken <strong>sekt\u00f6rdeki ilerlemeyi desteklemek<\/strong> i\u00e7in <strong>uygun finansman imkanlar\u0131n\u0131n<\/strong> yan\u0131nda tamamlay\u0131c\u0131 teknolojiler ile <strong>i\u015f birli\u011fini destekleyecek<\/strong> mekanizmalar \u00f6n plana \u00e7\u0131k\u0131yor. Art\u0131k <strong>g\u00fcne\u015f enerjisi yat\u0131r\u0131mlar\u0131<\/strong> oda\u011f\u0131ndaki geli\u015fmeler, <strong>FV (Fotovoltaik) + Depolama teknolojileri<\/strong> ile birlikte ele al\u0131n\u0131yor.<\/p>\n<p>S\u00f6z konusu sistem yat\u0131r\u0131mlar\u0131na ili\u015fkin olarak, T\u00fcrkiye\u2019nin <strong>7 co\u011frafi b\u00f6lgesinde<\/strong>, benzer karakteristiklere sahip hanelerdeki \u00f6l\u00e7\u00fcmlerin temel al\u0131nd\u0131\u011f\u0131 fizibilite hesaplar\u0131 yap\u0131ld\u0131. <strong>Temiz ve da\u011f\u0131t\u0131k k\u00fc\u00e7\u00fck \u00f6l\u00e7ekli enerji yat\u0131r\u0131mlar\u0131<\/strong> i\u00e7in solar te\u015fvik mekanizmalar\u0131 uygulanarak <strong>d\u00fc\u015f\u00fck faiz-uzun vade imkanlar\u0131<\/strong> ile <strong>bireysel ve kurumsal yat\u0131r\u0131mc\u0131lar\u0131n<\/strong> desteklenebilece\u011fi belirlendi. D\u00fcnyada da gittik\u00e7e artan oranda talep g\u00f6ren <strong>FV + Depolama yat\u0131r\u0131mlar\u0131<\/strong>, farkl\u0131 te\u015fvik mekanizmalar\u0131 ile destekleniyor. T\u00fcrkiye i\u00e7in \u00f6nerilen <strong>te\u015fvik paketleri<\/strong> ile <strong>bireysel ve kurumsal<\/strong> yat\u0131r\u0131mc\u0131lar\u0131n <strong>FV ve batarya birle\u015fik uygulamalar\u0131nda<\/strong> desteklenmesi hedefleniyor.<\/p>\n<h2><strong>\u201cElektrik tarifeleri, FV ve depolama uygulamalar\u0131n\u0131 desteklemeli\u201d<\/strong><\/h2>\n<p>Rapor, <strong>finansal ve \u00e7evresel maliyetlerin<\/strong> azalt\u0131lmas\u0131 i\u00e7in <span style=\"text-decoration: underline;\">g\u00fcne\u015f enerjisi yat\u0131r\u0131mlar\u0131na;<\/span><\/p>\n<p>&#8211; G\u00fc\u00e7 al\u0131m anla\u015fmalar\u0131,<\/p>\n<p>&#8211; Uygun kredi imkanlar\u0131,<\/p>\n<p>&#8211; Vergi indirimleri gibi<\/p>\n<p>te\u015fvikler getirilerek <strong>depolama yat\u0131r\u0131m\u0131 d\u00fc\u015f\u00fcnenler<\/strong> i\u00e7in <strong>ek destekler sa\u011flanabilece\u011fini<\/strong> belirledi. Yerel y\u00f6netimlere y\u00f6nelik <strong>yenilenebilir enerji stratejilerine<\/strong> ve <strong>kanun tasar\u0131lar\u0131na da<\/strong> de\u011finen \u00e7al\u0131\u015fmada, <strong>elektrik tarifelerinin g\u00fcne\u015f enerjisi ve depolama uygulamalar\u0131n\u0131n<\/strong> bir arada yap\u0131lmas\u0131n\u0131 <strong>destekleyecek seviyede belirlenmesi<\/strong> gerekti\u011finin alt\u0131 \u00e7iziliyor.<\/p>\n<p><strong>Saya\u00e7-arkas\u0131 kurulumlar\u0131n<\/strong> pay\u0131n\u0131n <strong>yenilenebilir enerjinin gelece\u011finde<\/strong> \u00f6nemli bir rol oynayaca\u011f\u0131 d\u00fc\u015f\u00fcn\u00fcld\u00fc\u011f\u00fcnde, <strong>batarya kurulumlar\u0131<\/strong> ile birlikte ele al\u0131nan <strong>g\u00fcne\u015f sekt\u00f6r\u00fc<\/strong>, yak\u0131n gelecekte<strong> kritik bir \u00f6nem<\/strong> ta\u015f\u0131yacak.<\/p>\n<p><strong>\u201cG\u00fcne\u015f \u00c7at\u0131 Sistemleri ve Depolama Uygulamalar\u0131n\u0131n Ekonomik Analizi\u201d raporu i\u00e7in\u00a0<a href=\"https:\/\/www.gunder.org.tr\/wp-content\/uploads\/GU%CC%88NDER-RAPOR-Ocak-2020-final-small1.pdf\" target=\"_blank\" rel=\"noopener\">T\u0131klay\u0131n\u0131z &gt;&gt;&gt;<\/a><\/strong><\/p>","protected":false},"excerpt":{"rendered":"<p>Sorry, this entry is only available in Turkish. For the sake of viewer convenience, the content is shown below in the alternative language. You may click the link to switch the active language. Uluslararas\u0131 G\u00fcne\u015f Enerjisi Toplulu\u011fu T\u00fcrkiye B\u00f6l\u00fcm\u00fc G\u00dcNDER, 14 Ocak 2020\u2019de JW Marriott Ankara\u2019da ger\u00e7ekle\u015ftirilen 4&#8217;\u00fcnc\u00fc SOLARENA etkinli\u011fi ile \u201cG\u00fcne\u015f \u00c7at\u0131 Sistemleri ve [&hellip;]<\/p>\n","protected":false},"author":1,"featured_media":106438,"comment_status":"open","ping_status":"open","sticky":false,"template":"","format":"standard","meta":[],"categories":[51,53,49],"tags":[64902,2674,64912,52362,64906,4341,37461,64904,64907,63794,64905,64909,64910,1382,64903,53157,5982,64690,55167,64913,17901,64911,16258,64908],"views":203,"_links":{"self":[{"href":"https:\/\/www.enerjigazetesi.ist\/en\/wp-json\/wp\/v2\/posts\/106433"}],"collection":[{"href":"https:\/\/www.enerjigazetesi.ist\/en\/wp-json\/wp\/v2\/posts"}],"about":[{"href":"https:\/\/www.enerjigazetesi.ist\/en\/wp-json\/wp\/v2\/types\/post"}],"author":[{"embeddable":true,"href":"https:\/\/www.enerjigazetesi.ist\/en\/wp-json\/wp\/v2\/users\/1"}],"replies":[{"embeddable":true,"href":"https:\/\/www.enerjigazetesi.ist\/en\/wp-json\/wp\/v2\/comments?post=106433"}],"version-history":[{"count":0,"href":"https:\/\/www.enerjigazetesi.ist\/en\/wp-json\/wp\/v2\/posts\/106433\/revisions"}],"wp:featuredmedia":[{"embeddable":true,"href":"https:\/\/www.enerjigazetesi.ist\/en\/wp-json\/wp\/v2\/media\/106438"}],"wp:attachment":[{"href":"https:\/\/www.enerjigazetesi.ist\/en\/wp-json\/wp\/v2\/media?parent=106433"}],"wp:term":[{"taxonomy":"category","embeddable":true,"href":"https:\/\/www.enerjigazetesi.ist\/en\/wp-json\/wp\/v2\/categories?post=106433"},{"taxonomy":"post_tag","embeddable":true,"href":"https:\/\/www.enerjigazetesi.ist\/en\/wp-json\/wp\/v2\/tags?post=106433"}],"curies":[{"name":"wp","href":"https:\/\/api.w.org\/{rel}","templated":true}]}}