{"id":106325,"date":"2020-01-13T10:49:50","date_gmt":"2020-01-13T07:49:50","guid":{"rendered":"https:\/\/www.enerjigazetesi.ist\/?p=106325"},"modified":"2020-01-13T11:01:30","modified_gmt":"2020-01-13T08:01:30","slug":"enerji-tasarrufu-haftasi-nda-copten-uretilen-alternatif-yakit-cagrisi-yapildi","status":"publish","type":"post","link":"https:\/\/www.enerjigazetesi.ist\/en\/enerji-tasarrufu-haftasi-nda-copten-uretilen-alternatif-yakit-cagrisi-yapildi\/","title":{"rendered":"(Turkish) &#8217;Enerji Tasarrufu Haftas\u0131&#8217;nda \u00c7\u00f6pten \u00dcretilen Alternatif Yak\u0131t \u00c7a\u011fr\u0131s\u0131 Yap\u0131ld\u0131"},"content":{"rendered":"<p class=\"qtranxs-available-languages-message qtranxs-available-languages-message-en\">Sorry, this entry is only available in <a href=\"https:\/\/www.enerjigazetesi.ist\/tr\/wp-json\/wp\/v2\/posts\/106325\" class=\"qtranxs-available-language-link qtranxs-available-language-link-tr\" title=\"Turkish\">Turkish<\/a>. For the sake of viewer convenience, the content is shown below in the alternative language. You may click the link to switch the active language.<\/p><p><\/p>\n<h1><strong>\u00c7imento End\u00fcstrisi \u0130\u015fverenleri Sendikas\u0131 (\u00c7E\u0130S) Y\u00f6netim Kurulu Ba\u015fkan\u0131 Suat \u00c7ALBIYIK, T\u00fcrkiye\u2019de yakla\u015f\u0131k 32 milyon ton\/y\u0131l belediye kat\u0131 at\u0131\u011f\u0131 \u00fcretildi\u011fini belirterek \u201cBu at\u0131klar\u0131n en az 7 milyon ton ek yak\u0131t \u00fcretim potansiyeli bulunuyor. Ek yak\u0131tlar\u0131n \u00e7imento sekt\u00f6r\u00fcnde kullan\u0131m\u0131 ile 3 milyon tona yak\u0131n k\u00f6m\u00fcr\u00fcn ithali \u00f6nlenerek d\u00f6viz tasarrufu sa\u011flanabilir\u201d dedi. <\/strong><\/h1>\n<p><strong>\u00c7imento End\u00fcstrisi \u0130\u015fverenleri Sendikas\u0131<\/strong> <strong>Y\u00f6netim Kurulu Ba\u015fkan\u0131 Suat \u00c7ALBIYIK<\/strong>, Enerji Tasarrufu Haftas\u0131\u2019nda <strong>T\u00fcrk \u00c7imento Sekt\u00f6r\u00fc<\/strong>ndeki at\u0131k kullan\u0131m\u0131na ili\u015fkin de\u011ferlendirmelerde bulundu. T\u00fcrkiye\u2019deki <strong>alternatif yak\u0131t kullan\u0131m<\/strong> oran\u0131n\u0131 Avrupa ve d\u00fcnyada oldu\u011fu gibi y\u00fcksek ortalamaya \u00e7\u0131karabilmek i\u00e7in <strong>belediye at\u0131klar\u0131n\u0131n (\u00e7\u00f6plerin)<\/strong> kritik bir \u00f6neme sahip oldu\u011funu belirten <strong>Suat \u00c7ALBIYIK<\/strong>, \u201cT\u00fcrkiye\u2019de yakla\u015f\u0131k <strong>32 milyon ton\/y\u0131l<\/strong> belediye <strong>kat\u0131 at\u0131\u011f\u0131 \u00fcretilmekte<\/strong> <img loading=\"lazy\" class=\"alignright wp-image-106331\" src=\"https:\/\/www.enerjigazetesi.ist\/wp-content\/uploads\/2020\/01\/enerji-tasarrufu-haftasi-nda-copten-uretilen-alternatif-yakit-cagrisi-yapildi-1.jpg\" alt=\"\" width=\"320\" height=\"294\" srcset=\"https:\/\/www.enerjigazetesi.ist\/wp-content\/uploads\/2020\/01\/enerji-tasarrufu-haftasi-nda-copten-uretilen-alternatif-yakit-cagrisi-yapildi-1.jpg 531w, https:\/\/www.enerjigazetesi.ist\/wp-content\/uploads\/2020\/01\/enerji-tasarrufu-haftasi-nda-copten-uretilen-alternatif-yakit-cagrisi-yapildi-1-300x276.jpg 300w, https:\/\/www.enerjigazetesi.ist\/wp-content\/uploads\/2020\/01\/enerji-tasarrufu-haftasi-nda-copten-uretilen-alternatif-yakit-cagrisi-yapildi-1-435x400.jpg 435w, https:\/\/www.enerjigazetesi.ist\/wp-content\/uploads\/2020\/01\/enerji-tasarrufu-haftasi-nda-copten-uretilen-alternatif-yakit-cagrisi-yapildi-1-54x50.jpg 54w\" sizes=\"(max-width: 320px) 100vw, 320px\" \/>olup, bu at\u0131klardan en az 7 milyon ton <strong>ek yak\u0131t \u00fcretim potansiyeli<\/strong> bulunmaktad\u0131r. Bu ek yak\u0131tlar\u0131n \u00e7imento sekt\u00f6r\u00fcnde kullan\u0131m\u0131 sayesinde, <strong>3 milyon tona yak\u0131n k\u00f6m\u00fcr\u00fcn<\/strong> ithali \u00f6nlenerek d\u00f6viz <strong>tasarrufu sa\u011flanabilir<\/strong> ve <strong>cari a\u00e7\u0131\u011f\u0131n azalt\u0131m\u0131<\/strong> m\u00fcmk\u00fcn olabilir. \u00d6te yandan, <strong>iklim de\u011fi\u015fikli\u011fi<\/strong>ne neden olan <strong>sera gazlar\u0131n\u0131n azalt\u0131m\u0131na<\/strong> ve <strong>belediye kat\u0131 at\u0131k depolama alanlar\u0131na<\/strong> gidecek <strong>at\u0131k y\u00fck\u00fcn\u00fcn hafifletilmesine<\/strong> olanak sa\u011flanabilir. Ayn\u0131 zamanda <strong>belediyenin depolama tesisi i\u015fletme maliyetleri<\/strong> de d\u00fc\u015fer.<\/p>\n<p>Bununla birlikte <strong>belediye kat\u0131 at\u0131klar\u0131n\u0131n<\/strong>, belediye <strong>kat\u0131 at\u0131k sahalar\u0131nda<\/strong> kurulacak <strong>biyolojik kurutma sistemlerine<\/strong> sahip <strong>\u00f6n i\u015fleme tesislerinde<\/strong> i\u015flenmesi ile <strong>\u201cat\u0131ktan t\u00fcretilmi\u015f yak\u0131t\u201d<\/strong> \u00fcretilebilir. Bu tesisleri <strong>belediyeler veya \u00f6zel i\u015ftirakler<\/strong> kurabilir. <em>Geri d\u00f6n\u00fc\u015f\u00fcm\u00fc m\u00fcmk\u00fcn olmayan<\/em> <strong>plastik, ka\u011f\u0131t, karton, tekstil gibi malzemeler ve organik i\u00e7erik kurutulur<\/strong> ve \u00e7imento sekt\u00f6r\u00fcnde alternatif yak\u0131t olarak kullan\u0131l\u0131r. Tesis, <strong>geri kazan\u0131labilir malzemelerin<\/strong> ve <strong>\u00fcretilen alternatif yak\u0131tlar\u0131n<\/strong> sat\u0131\u015f\u0131ndan gelir eder\u201d dedi.<\/p>\n<h2><strong>\u201c2018 y\u0131l\u0131nda 60 milyon dolar tasarruf sa\u011fland\u0131\u201d<\/strong><\/h2>\n<p><strong>T\u00fcrkiye genelinde<\/strong> faaliyet g\u00f6steren <strong>55<\/strong> \u00e7imento fabrikas\u0131n\u0131n <strong>35\u2019inin<\/strong>, <strong>at\u0131klar\u0131 alternatif yak\u0131t<\/strong> olarak <strong>kullanma lisans\u0131na sahip<\/strong> oldu\u011funu da hat\u0131rlatan <strong>Suat \u00c7ALBIYIK<\/strong> \u015funlar\u0131 s\u00f6yledi: \u201c2008 y\u0131l\u0131nda \u00fclkemizde 88 bin ton olan <strong>alternatif yak\u0131t kullan\u0131m\u0131<\/strong>, 2018 y\u0131l\u0131nda ancak <strong>1 milyon tona<\/strong> ula\u015fm\u0131\u015ft\u0131r. Sekt\u00f6r\u00fcm\u00fcz\u00fcn <strong>at\u0131klar\u0131 alternatif hammadde<\/strong> olarak kullan\u0131m miktar\u0131 ise 2018 y\u0131l\u0131nda <strong>1,5 milyon ton<\/strong>\u2019dur. 1 milyon ton <strong>alternatif yak\u0131t kullan\u0131m\u0131<\/strong>, yakla\u015f\u0131k <strong>%7 termal ikame oran\u0131na<\/strong> kar\u015f\u0131l\u0131k gelmektedir. <strong>Avrupa Birli\u011fi<\/strong> \u00fclkelerindeki \u00e7imento fabrikalar\u0131nda ise <strong>\u0131s\u0131l g\u00fcc\u00fcn ortalama<\/strong> olarak yakla\u015f\u0131k <strong>%44\u2019\u00fc<\/strong> (baz\u0131 tesislerde %100\u2019e yak\u0131n) at\u0131klardan kar\u015f\u0131lanmaktad\u0131r. \u00dclkemizde <strong>\u00e7imento fabrikalar\u0131n\u0131n<\/strong> 2018 y\u0131l\u0131nda kulland\u0131\u011f\u0131 <strong>1 milyon ton at\u0131k<\/strong> ile yakla\u015f\u0131k <strong>600 bin ton ithal k\u00f6m\u00fcr tasarrufu<\/strong> sa\u011flanm\u0131\u015f ve yine yakla\u015f\u0131k <strong>60 milyon USD<\/strong> d\u00f6viz \u00fclkemizde kalm\u0131\u015ft\u0131r.\u201d<\/p>","protected":false},"excerpt":{"rendered":"<p>Sorry, this entry is only available in Turkish. For the sake of viewer convenience, the content is shown below in the alternative language. You may click the link to switch the active language. \u00c7imento End\u00fcstrisi \u0130\u015fverenleri Sendikas\u0131 (\u00c7E\u0130S) Y\u00f6netim Kurulu Ba\u015fkan\u0131 Suat \u00c7ALBIYIK, T\u00fcrkiye\u2019de yakla\u015f\u0131k 32 milyon ton\/y\u0131l belediye kat\u0131 at\u0131\u011f\u0131 \u00fcretildi\u011fini belirterek \u201cBu at\u0131klar\u0131n [&hellip;]<\/p>\n","protected":false},"author":1,"featured_media":106329,"comment_status":"open","ping_status":"open","sticky":false,"template":"","format":"standard","meta":[],"categories":[51,53,52],"tags":[1192,40379,64812,2132,64808,64809,64811,34145,64810,64805,64806,52259,64807,35423,1715,26559,41159,64804,64802,64803,793],"views":270,"_links":{"self":[{"href":"https:\/\/www.enerjigazetesi.ist\/en\/wp-json\/wp\/v2\/posts\/106325"}],"collection":[{"href":"https:\/\/www.enerjigazetesi.ist\/en\/wp-json\/wp\/v2\/posts"}],"about":[{"href":"https:\/\/www.enerjigazetesi.ist\/en\/wp-json\/wp\/v2\/types\/post"}],"author":[{"embeddable":true,"href":"https:\/\/www.enerjigazetesi.ist\/en\/wp-json\/wp\/v2\/users\/1"}],"replies":[{"embeddable":true,"href":"https:\/\/www.enerjigazetesi.ist\/en\/wp-json\/wp\/v2\/comments?post=106325"}],"version-history":[{"count":0,"href":"https:\/\/www.enerjigazetesi.ist\/en\/wp-json\/wp\/v2\/posts\/106325\/revisions"}],"wp:featuredmedia":[{"embeddable":true,"href":"https:\/\/www.enerjigazetesi.ist\/en\/wp-json\/wp\/v2\/media\/106329"}],"wp:attachment":[{"href":"https:\/\/www.enerjigazetesi.ist\/en\/wp-json\/wp\/v2\/media?parent=106325"}],"wp:term":[{"taxonomy":"category","embeddable":true,"href":"https:\/\/www.enerjigazetesi.ist\/en\/wp-json\/wp\/v2\/categories?post=106325"},{"taxonomy":"post_tag","embeddable":true,"href":"https:\/\/www.enerjigazetesi.ist\/en\/wp-json\/wp\/v2\/tags?post=106325"}],"curies":[{"name":"wp","href":"https:\/\/api.w.org\/{rel}","templated":true}]}}