{"id":106256,"date":"2020-01-11T15:37:33","date_gmt":"2020-01-11T12:37:33","guid":{"rendered":"https:\/\/www.enerjigazetesi.ist\/?p=106256"},"modified":"2020-01-11T15:38:33","modified_gmt":"2020-01-11T12:38:33","slug":"sedas-10-ocak-calisan-gazeteciler-gununu-yonelik-bir-mesaj-yayinladi","status":"publish","type":"post","link":"https:\/\/www.enerjigazetesi.ist\/en\/sedas-10-ocak-calisan-gazeteciler-gununu-yonelik-bir-mesaj-yayinladi\/","title":{"rendered":"(Turkish) &#8217;SEDA\u015e&#8217; 10 Ocak &#8216;\u00c7al\u0131\u015fan Gazeteciler G\u00fcn\u00fc&#8217;n\u00fc Y\u00f6nelik Bir Mesaj Yay\u0131nlad\u0131!"},"content":{"rendered":"<p class=\"qtranxs-available-languages-message qtranxs-available-languages-message-en\">Sorry, this entry is only available in <a href=\"https:\/\/www.enerjigazetesi.ist\/tr\/wp-json\/wp\/v2\/posts\/106256\" class=\"qtranxs-available-language-link qtranxs-available-language-link-tr\" title=\"Turkish\">Turkish<\/a>. For the sake of viewer convenience, the content is shown below in the alternative language. You may click the link to switch the active language.<\/p><p><\/p>\n<h1><strong>SEDA\u015e, 10 Ocak &#8216;\u00c7al\u0131\u015fan Gazeteciler G\u00fcn\u00fc&#8217; vesilesiyle bir mesaj yay\u0131nlayarak, tarafs\u0131z ve objektif habercili\u011fi ilke edinen t\u00fcm bas\u0131n emek\u00e7ilerini tebrik etti.<\/strong><\/h1>\n<p><strong>SEDA\u015e<\/strong>, gazetecilik <strong>mesle\u011fini icra edenleri<\/strong> onurland\u0131rmak i\u00e7in <strong>1961\u2019den bu yana<\/strong> T\u00fcrkiye\u2019de kutlanmaya ba\u015flanan <strong>10 Ocak \u00c7al\u0131\u015fan Gazeteciler g\u00fcn\u00fc<\/strong> i\u00e7in bir mesaj yay\u0131nlad\u0131.<\/p>\n<p>Yay\u0131nlanan mesajda; <em>bas\u0131n yay\u0131n organlar\u0131nda g\u00f6rev yapan <strong>muhabirinden, sayfa edit\u00f6r\u00fcne, yazar\u0131ndan, matbaas\u0131na kadar t\u00fcm medya sekt\u00f6r\u00fc \u00e7al\u0131\u015fanlar\u0131n\u0131n<\/strong> \u00e7ok \u00f6nemli bir kamu g\u00f6revi <img loading=\"lazy\" class=\"alignright wp-image-106258\" src=\"https:\/\/www.enerjigazetesi.ist\/wp-content\/uploads\/2020\/01\/sedas-10-ocak-calisan-gazeteciler-gununu-yonelik-bir-mesaj-yayinladi.jpg\" alt=\"\" width=\"320\" height=\"293\" srcset=\"https:\/\/www.enerjigazetesi.ist\/wp-content\/uploads\/2020\/01\/sedas-10-ocak-calisan-gazeteciler-gununu-yonelik-bir-mesaj-yayinladi.jpg 533w, https:\/\/www.enerjigazetesi.ist\/wp-content\/uploads\/2020\/01\/sedas-10-ocak-calisan-gazeteciler-gununu-yonelik-bir-mesaj-yayinladi-300x275.jpg 300w, https:\/\/www.enerjigazetesi.ist\/wp-content\/uploads\/2020\/01\/sedas-10-ocak-calisan-gazeteciler-gununu-yonelik-bir-mesaj-yayinladi-437x400.jpg 437w, https:\/\/www.enerjigazetesi.ist\/wp-content\/uploads\/2020\/01\/sedas-10-ocak-calisan-gazeteciler-gununu-yonelik-bir-mesaj-yayinladi-55x50.jpg 55w\" sizes=\"(max-width: 320px) 100vw, 320px\" \/>\u00fcstlendiklerine vurgu yap\u0131larak<\/em>, <span style=\"text-decoration: underline;\">\u015fu ifadelere yer verildi;<\/span><\/p>\n<p>\u201c<strong>Kamuoyunun bilgilendirilmesi, tarafs\u0131z ve objektif habercilik ilkelerine ba\u011fl\u0131 kalarak<\/strong> toplumun bilin\u00e7lenmesine katk\u0131da bulunmak i\u00e7in \u00f6zveriyle \u00e7al\u0131\u015fan t\u00fcm bas\u0131n mensuplar\u0131, \u00e7ok \u00f6nemli bir g\u00f6revi ba\u015far\u0131yla s\u00fcrd\u00fcrmekteler. \u00d6zellikle <strong>yerel bas\u0131nda g\u00f6rev yapan ve gece g\u00fcnd\u00fcz, s\u0131cak ya da so\u011fuk demeden gazetecilik mesle\u011fine sahip \u00e7\u0131kan, haber kayg\u0131s\u0131yla g\u00fc\u00e7l\u00fcklere g\u00f6\u011f\u00fcs geren bas\u0131n mensuplar\u0131m\u0131z\u0131n<\/strong> ko\u015fullar\u0131n\u0131n iyile\u015ftirilmesi hepimizin \u00f6ncelikli dile\u011fidir. Bu vesileyle, <strong>tarafs\u0131z ve objektif habercili\u011fi ilke edinen, bas\u0131n ve yay\u0131n kurulu\u015flar\u0131nda<\/strong> mesle\u011fini icra eden <strong>t\u00fcm emek\u00e7ilerin<\/strong> <em>\u00c7al\u0131\u015fan Gazeteciler G\u00fcn\u00fc\u2019n\u00fc<\/em> kutluyoruz.\u201d<\/p>\n<h2><strong><em>\u00c7ALI\u015eAN GAZETEC\u0130LER G\u00dcN\u00dc NASIL ORTAYA \u00c7IKTI?<\/em><\/strong><\/h2>\n<p><em><strong>4 Ocak 1961&#8217;de<\/strong> kabul edilen ve bas\u0131n \u00e7al\u0131\u015fanlar\u0131n\u0131n baz\u0131 <strong>haklar ve yasal g\u00fcvence sa\u011flayan<\/strong> \u201c212 say\u0131l\u0131 kanun\u201d adl\u0131 d\u00fczenlemenin <strong>Resm\u00ee gazetede yay\u0131nlan\u0131\u015f\u0131n\u0131n<\/strong> ard\u0131ndan <strong>10 Ocak g\u00fcn\u00fc \u00c7al\u0131\u015fan Gazeteciler G\u00fcn\u00fc<\/strong> oldu. S\u00f6z konusu d\u00fczenleme, i\u015f s\u00f6zle\u015fmelerinin yaz\u0131l\u0131 olarak yap\u0131lmas\u0131, s\u00f6zle\u015fmelere i\u015fin t\u00fcr\u00fc ve \u00fccret miktar\u0131n\u0131n yaz\u0131lmas\u0131 gibi gazetecilerin sosyal ve yasal haklar\u0131n\u0131 belirleyen h\u00fck\u00fcmleri i\u00e7eriyordu. \u00c7al\u0131\u015fan gazeteciler g\u00fcn\u00fc, gazetecilik mesle\u011fini icra edenleri onurland\u0131rmak i\u00e7in <strong>1961\u2019den beri<\/strong> <span style=\"text-decoration: underline;\">10 Ocak g\u00fcn\u00fc<\/span> d\u00fczenlenen T\u00fcrkiye\u2019ye \u00f6zg\u00fc bir kutlama g\u00fcn\u00fcd\u00fcr.<\/em><\/p>","protected":false},"excerpt":{"rendered":"<p>Sorry, this entry is only available in Turkish. For the sake of viewer convenience, the content is shown below in the alternative language. You may click the link to switch the active language. SEDA\u015e, 10 Ocak &#8216;\u00c7al\u0131\u015fan Gazeteciler G\u00fcn\u00fc&#8217; vesilesiyle bir mesaj yay\u0131nlayarak, tarafs\u0131z ve objektif habercili\u011fi ilke edinen t\u00fcm bas\u0131n emek\u00e7ilerini tebrik etti. SEDA\u015e, [&hellip;]<\/p>\n","protected":false},"author":1,"featured_media":106258,"comment_status":"open","ping_status":"open","sticky":false,"template":"","format":"standard","meta":[],"categories":[51,53],"tags":[64623,64726,64628,52674,52259,64561,64725],"views":234,"_links":{"self":[{"href":"https:\/\/www.enerjigazetesi.ist\/en\/wp-json\/wp\/v2\/posts\/106256"}],"collection":[{"href":"https:\/\/www.enerjigazetesi.ist\/en\/wp-json\/wp\/v2\/posts"}],"about":[{"href":"https:\/\/www.enerjigazetesi.ist\/en\/wp-json\/wp\/v2\/types\/post"}],"author":[{"embeddable":true,"href":"https:\/\/www.enerjigazetesi.ist\/en\/wp-json\/wp\/v2\/users\/1"}],"replies":[{"embeddable":true,"href":"https:\/\/www.enerjigazetesi.ist\/en\/wp-json\/wp\/v2\/comments?post=106256"}],"version-history":[{"count":0,"href":"https:\/\/www.enerjigazetesi.ist\/en\/wp-json\/wp\/v2\/posts\/106256\/revisions"}],"wp:featuredmedia":[{"embeddable":true,"href":"https:\/\/www.enerjigazetesi.ist\/en\/wp-json\/wp\/v2\/media\/106258"}],"wp:attachment":[{"href":"https:\/\/www.enerjigazetesi.ist\/en\/wp-json\/wp\/v2\/media?parent=106256"}],"wp:term":[{"taxonomy":"category","embeddable":true,"href":"https:\/\/www.enerjigazetesi.ist\/en\/wp-json\/wp\/v2\/categories?post=106256"},{"taxonomy":"post_tag","embeddable":true,"href":"https:\/\/www.enerjigazetesi.ist\/en\/wp-json\/wp\/v2\/tags?post=106256"}],"curies":[{"name":"wp","href":"https:\/\/api.w.org\/{rel}","templated":true}]}}