{"id":10616,"date":"2013-05-07T22:21:26","date_gmt":"2013-05-07T19:21:26","guid":{"rendered":"https:\/\/www.enerjigazetesi.ist\/?p=10616"},"modified":"2013-05-07T22:21:26","modified_gmt":"2013-05-07T19:21:26","slug":"fransaya-5-gwlik-hedef-yetmez","status":"publish","type":"post","link":"https:\/\/www.enerjigazetesi.ist\/en\/fransaya-5-gwlik-hedef-yetmez\/","title":{"rendered":"(Turkish) Fransa\u2019ya 5 GW\u2019l\u0131k Hedef Yetmez"},"content":{"rendered":"<p class=\"qtranxs-available-languages-message qtranxs-available-languages-message-en\">Sorry, this entry is only available in <a href=\"https:\/\/www.enerjigazetesi.ist\/tr\/wp-json\/wp\/v2\/posts\/10616\" class=\"qtranxs-available-language-link qtranxs-available-language-link-tr\" title=\"Turkish\">Turkish<\/a>. For the sake of viewer convenience, the content is shown below in the alternative language. You may click the link to switch the active language.<\/p><p><strong>Fransa \u00c7evre ve Enerji Y\u00f6netimi Ajans\u0131 (ADEME) taraf\u0131ndan yay\u0131nlanan bir analizde \u00fclkenin g\u00fcne\u015f enerjisindeki hedeflerini y\u00fckseltmesi gerekti\u011fi belirtildi.<\/strong><\/p>\n<p>Ajansa g\u00f6re Fransa 2020 y\u0131l\u0131 i\u00e7in belirledi\u011fi 5.4 GW\u2019l\u0131k g\u00fcne\u015f elektri\u011fi\u00a0 hedefini sekt\u00f6rdeki ve teknolojideki geli\u015fmelere ba\u011fl\u0131 olarak 15 GW\u2019a\u00a0 \u00e7\u0131karmal\u0131.<\/p>\n<p>Analizde fotovoltaik sekt\u00f6r\u00fcn\u00fcn ve<a href=\"https:\/\/www.enerjigazetesi.ist\/wp-content\/uploads\/2013\/05\/fransa-gunes-elektrigi.jpg\"><img loading=\"lazy\" class=\"alignleft size-medium wp-image-10617\" title=\"fransa-gunes-elektrigi\" src=\"https:\/\/www.enerjigazetesi.ist\/wp-content\/uploads\/2013\/05\/fransa-gunes-elektrigi-300x163.jpg\" alt=\"\" width=\"300\" height=\"163\" srcset=\"https:\/\/www.enerjigazetesi.ist\/wp-content\/uploads\/2013\/05\/fransa-gunes-elektrigi-300x163.jpg 300w, https:\/\/www.enerjigazetesi.ist\/wp-content\/uploads\/2013\/05\/fransa-gunes-elektrigi-80x43.jpg 80w, https:\/\/www.enerjigazetesi.ist\/wp-content\/uploads\/2013\/05\/fransa-gunes-elektrigi.jpg 460w\" sizes=\"(max-width: 300px) 100vw, 300px\" \/><\/a>rimlilik art\u0131\u015f\u0131 ve maliyet d\u00fc\u015f\u00fc\u015f\u00fc anlam\u0131nda\u00a0 h\u0131zla geli\u015fti\u011fi bildirilirken g\u00fcne\u015f elektri\u011finin gelecek y\u0131llarda Fransa\u2019da\u00a0 ekonomik olarak rekabet\u00e7i seviyeye ula\u015faca\u011f\u0131 kaydedildi.<\/p>\n<p>ADEME&#8217;ye g\u00f6re Fransa g\u00fcne\u015f elektri\u011findeki kurulu g\u00fcc\u00fc art\u0131rmada ticari\u00a0 binalar ve depolar gibi b\u00fcy\u00fck \u00e7at\u0131 tipi sistemlere odaklanmal\u0131 iken ayn\u0131 zamanda\u00a0 yerli g\u00fcne\u015f enerjisi sekt\u00f6r\u00fc desteklenmeli.<\/p>\n<p>Bununla birlikte Ajans\u0131n analizine g\u00f6re g\u00fcne\u015f elektri\u011fi, s\u00fcrd\u00fcr\u00fclebilir\u00a0 enerji politikalar\u0131 i\u00e7in zorunlu bile\u015fenlerden biri iken sekt\u00f6r hen\u00fcz yayg\u0131n\u00a0 geli\u015fim i\u00e7in ise yeterli noktada de\u011fil.<\/p>\n<p>Analizde ajans\u0131n Fransa\u2019da g\u00fcne\u015f elektri\u011finin yayg\u0131nla\u015fmas\u0131 i\u00e7in ekonomik ve\u00a0 teknolojik \u00e7\u00f6z\u00fcmleri h\u0131zland\u0131rma \u00fczerinde \u00e7al\u0131\u015ft\u0131\u011f\u0131 bildirilirken, sekt\u00f6re\u00a0 deste\u011fin enerji tedari\u011fi, sanayi geli\u015fimi, istihdam, ve iklim de\u011fi\u015fikli\u011fi ile\u00a0 m\u00fccadele alanlar\u0131nda ta\u015f\u0131d\u0131\u011f\u0131 \u00f6neme de vurgu yap\u0131ld\u0131.<\/p>\n<p>Kaynak: <a href=\"http:\/\/www.yesilekonomi.com\/yenilenebilir-enerji\/fransaya-5-gwlik-hedef-yetmez\" target=\"_blank\">Ye\u015fil Ekonomi<\/a><\/p>","protected":false},"excerpt":{"rendered":"<p>Sorry, this entry is only available in Turkish. For the sake of viewer convenience, the content is shown below in the alternative language. You may click the link to switch the active language.Fransa \u00c7evre ve Enerji Y\u00f6netimi Ajans\u0131 (ADEME) taraf\u0131ndan yay\u0131nlanan bir analizde \u00fclkenin g\u00fcne\u015f enerjisindeki hedeflerini y\u00fckseltmesi gerekti\u011fi belirtildi. Ajansa g\u00f6re Fransa 2020 y\u0131l\u0131 [&hellip;]<\/p>\n","protected":false},"author":1,"featured_media":10617,"comment_status":"open","ping_status":"open","sticky":false,"template":"","format":"standard","meta":[],"categories":[53,49],"tags":[5158,19,63,67,502,1346,5157,227,1169,13,105],"views":726,"_links":{"self":[{"href":"https:\/\/www.enerjigazetesi.ist\/en\/wp-json\/wp\/v2\/posts\/10616"}],"collection":[{"href":"https:\/\/www.enerjigazetesi.ist\/en\/wp-json\/wp\/v2\/posts"}],"about":[{"href":"https:\/\/www.enerjigazetesi.ist\/en\/wp-json\/wp\/v2\/types\/post"}],"author":[{"embeddable":true,"href":"https:\/\/www.enerjigazetesi.ist\/en\/wp-json\/wp\/v2\/users\/1"}],"replies":[{"embeddable":true,"href":"https:\/\/www.enerjigazetesi.ist\/en\/wp-json\/wp\/v2\/comments?post=10616"}],"version-history":[{"count":2,"href":"https:\/\/www.enerjigazetesi.ist\/en\/wp-json\/wp\/v2\/posts\/10616\/revisions"}],"predecessor-version":[{"id":10619,"href":"https:\/\/www.enerjigazetesi.ist\/en\/wp-json\/wp\/v2\/posts\/10616\/revisions\/10619"}],"wp:featuredmedia":[{"embeddable":true,"href":"https:\/\/www.enerjigazetesi.ist\/en\/wp-json\/wp\/v2\/media\/10617"}],"wp:attachment":[{"href":"https:\/\/www.enerjigazetesi.ist\/en\/wp-json\/wp\/v2\/media?parent=10616"}],"wp:term":[{"taxonomy":"category","embeddable":true,"href":"https:\/\/www.enerjigazetesi.ist\/en\/wp-json\/wp\/v2\/categories?post=10616"},{"taxonomy":"post_tag","embeddable":true,"href":"https:\/\/www.enerjigazetesi.ist\/en\/wp-json\/wp\/v2\/tags?post=10616"}],"curies":[{"name":"wp","href":"https:\/\/api.w.org\/{rel}","templated":true}]}}