{"id":105927,"date":"2020-01-06T20:18:32","date_gmt":"2020-01-06T17:18:32","guid":{"rendered":"https:\/\/www.enerjigazetesi.ist\/?p=105927"},"modified":"2020-01-06T20:18:32","modified_gmt":"2020-01-06T17:18:32","slug":"sifir-enerji-ve-pasif-ev-dernegi-olagan-genel-kurul-toplanti-duyurusu","status":"publish","type":"post","link":"https:\/\/www.enerjigazetesi.ist\/en\/sifir-enerji-ve-pasif-ev-dernegi-olagan-genel-kurul-toplanti-duyurusu\/","title":{"rendered":"(Turkish) &#8217;S\u0131f\u0131r Enerji ve Pasif Ev Derne\u011fi&#8217; Ola\u011fan Genel Kurul Toplant\u0131 Duyurusu"},"content":{"rendered":"<p class=\"qtranxs-available-languages-message qtranxs-available-languages-message-en\">Sorry, this entry is only available in <a href=\"https:\/\/www.enerjigazetesi.ist\/tr\/wp-json\/wp\/v2\/posts\/105927\" class=\"qtranxs-available-language-link qtranxs-available-language-link-tr\" title=\"Turkish\">Turkish<\/a>. For the sake of viewer convenience, the content is shown below in the alternative language. You may click the link to switch the active language.<\/p><p><\/p>\n<h1><strong>Sevgili \u00fcyelerimiz ve de\u011ferli SEPEV dostlar\u0131,<\/strong><\/h1>\n<p>Derne\u011fimiz <strong>2017-2018 y\u0131llar\u0131<\/strong> faaliyet d\u00f6nemine ait <strong>5&#8217;inci Ola\u011fan Genel Kurul Toplant\u0131s\u0131<\/strong>; a\u015fa\u011f\u0131da yaz\u0131l\u0131 g\u00fcndem maddelerini g\u00f6r\u00fc\u015f\u00fcp karara ba\u011flamak \u00fczere <strong>25 Ocak 2020<\/strong> <em>Cumartesi<\/em> g\u00fcn\u00fc, saat <strong>14:00<\/strong>\u2019da <strong>Dumlup\u0131nar Mah. Eski\u015fehir Yolu Next Level 3C1-160\u00a0 S\u00f6\u011f\u00fct\u00f6z\u00fc &#8211; \u00c7ankaya \/ <img loading=\"lazy\" class=\"alignright size-full wp-image-105932\" src=\"https:\/\/www.enerjigazetesi.ist\/wp-content\/uploads\/2020\/01\/sifir-enerji-ve-pasif-ev-dernegi-olagan-genel-kurul-toplanti-duyurusu-1.png\" alt=\"\" width=\"224\" height=\"400\" srcset=\"https:\/\/www.enerjigazetesi.ist\/wp-content\/uploads\/2020\/01\/sifir-enerji-ve-pasif-ev-dernegi-olagan-genel-kurul-toplanti-duyurusu-1.png 224w, https:\/\/www.enerjigazetesi.ist\/wp-content\/uploads\/2020\/01\/sifir-enerji-ve-pasif-ev-dernegi-olagan-genel-kurul-toplanti-duyurusu-1-168x300.png 168w, https:\/\/www.enerjigazetesi.ist\/wp-content\/uploads\/2020\/01\/sifir-enerji-ve-pasif-ev-dernegi-olagan-genel-kurul-toplanti-duyurusu-1-28x50.png 28w\" sizes=\"(max-width: 224px) 100vw, 224px\" \/>Ankara<\/strong> adresinde yap\u0131lacakt\u0131r.<\/p>\n<p>Toplant\u0131ya <strong>te\u015frifinizi<\/strong> rica eder, sayg\u0131lar sunar\u0131m.<\/p>\n<p><strong>Engin Duras<\/strong><\/p>\n<p><strong>Y\u00f6netim Kurulu Ba\u015fkan\u0131<\/strong><\/p>\n<p><strong>G\u00dcNDEM<\/strong><\/p>\n<p>1- A\u00e7\u0131l\u0131\u015f ve sayg\u0131 duru\u015fu<\/p>\n<p>2- Divan Kurulu Se\u00e7imi, Divan Kurulu\u2019na toplant\u0131 tutanaklar\u0131n\u0131n imza yetkisi verilmesi<\/p>\n<p>3- Yoklama ve yeter say\u0131s\u0131n\u0131n tespiti<\/p>\n<p>4- G\u00fcndem maddelerinin okunmas\u0131 ve kabul\u00fc<\/p>\n<p>5- 2016-2017 Y\u00f6netim Kurulu\u2019nun Faaliyet Raporu ve bilan\u00e7osunun okunmas\u0131 ve g\u00f6r\u00fc\u015f\u00fclmesi<\/p>\n<p>6- 2016-2017 Denetleme Kurulu\u2019nun raporunun okunmas\u0131 ve g\u00f6r\u00fc\u015f\u00fclmesi<\/p>\n<p>7- 2016-2017 Y\u00f6netim Kurulu\u2019nun ibras\u0131<\/p>\n<p>8- 2016-2017 Denetleme Kurulu\u2019nun ibras\u0131<\/p>\n<p>9- 2018-2019 y\u0131l\u0131 Y\u00f6netim Kurulu faaliyet raporunun, gelir gider \u00e7izelgesinin ve denetleme raporunun s\u0131rayla okunmas\u0131<\/p>\n<p>10- 2020-2021 Y\u00f6netim Kurulu <strong>Asil ve Yedek<\/strong> se\u00e7imi<\/p>\n<p>11- 2020-2021 Denetleme Kurulu <strong>Asil ve Yedek<\/strong> \u00fcyelerinin se\u00e7imi<\/p>\n<p>12- Yeni d\u00f6nem <strong>dernek aidatlar\u0131n\u0131n ve IPHA<\/strong> \u00fcyeli\u011finin g\u00f6r\u00fc\u015f\u00fclmesi<\/p>\n<p>13- 2020-2021 y\u0131l\u0131 \u00e7al\u0131\u015fma program\u0131 ve tahmini b\u00fct\u00e7esinin g\u00f6r\u00fc\u015f\u00fcl\u00fcp karara ba\u011flanmas\u0131<\/p>\n<p><strong>Dilek ve temenniler<\/strong><\/p>\n<p><strong>Kapan\u0131\u015f<\/strong><\/p>\n<p style=\"text-align: left;\"><strong>S\u0131f\u0131r Enerji ve Pasif Ev Derne\u011fi<\/strong><\/p>\n<p style=\"text-align: left;\"><strong>Telefon:<\/strong>\u00a0+90 312 235 1932 &#8211; <strong>E-posta:<\/strong>\u00a0<a href=\"mailto:info@sepev.org\" target=\"_blank\" rel=\"noopener\">info@sepev.org<\/a><\/p>\n<p><\/p>","protected":false},"excerpt":{"rendered":"<p>Sorry, this entry is only available in Turkish. For the sake of viewer convenience, the content is shown below in the alternative language. You may click the link to switch the active language. Sevgili \u00fcyelerimiz ve de\u011ferli SEPEV dostlar\u0131, Derne\u011fimiz 2017-2018 y\u0131llar\u0131 faaliyet d\u00f6nemine ait 5&#8217;inci Ola\u011fan Genel Kurul Toplant\u0131s\u0131; a\u015fa\u011f\u0131da yaz\u0131l\u0131 g\u00fcndem maddelerini g\u00f6r\u00fc\u015f\u00fcp [&hellip;]<\/p>\n","protected":false},"author":1,"featured_media":105931,"comment_status":"open","ping_status":"open","sticky":false,"template":"","format":"standard","meta":[],"categories":[53,52],"tags":[64386,2674,64393,64390,64389,52259,58103,64387,64392,64388,22267,64394,11477,64395,37032,64391],"views":367,"_links":{"self":[{"href":"https:\/\/www.enerjigazetesi.ist\/en\/wp-json\/wp\/v2\/posts\/105927"}],"collection":[{"href":"https:\/\/www.enerjigazetesi.ist\/en\/wp-json\/wp\/v2\/posts"}],"about":[{"href":"https:\/\/www.enerjigazetesi.ist\/en\/wp-json\/wp\/v2\/types\/post"}],"author":[{"embeddable":true,"href":"https:\/\/www.enerjigazetesi.ist\/en\/wp-json\/wp\/v2\/users\/1"}],"replies":[{"embeddable":true,"href":"https:\/\/www.enerjigazetesi.ist\/en\/wp-json\/wp\/v2\/comments?post=105927"}],"version-history":[{"count":0,"href":"https:\/\/www.enerjigazetesi.ist\/en\/wp-json\/wp\/v2\/posts\/105927\/revisions"}],"wp:featuredmedia":[{"embeddable":true,"href":"https:\/\/www.enerjigazetesi.ist\/en\/wp-json\/wp\/v2\/media\/105931"}],"wp:attachment":[{"href":"https:\/\/www.enerjigazetesi.ist\/en\/wp-json\/wp\/v2\/media?parent=105927"}],"wp:term":[{"taxonomy":"category","embeddable":true,"href":"https:\/\/www.enerjigazetesi.ist\/en\/wp-json\/wp\/v2\/categories?post=105927"},{"taxonomy":"post_tag","embeddable":true,"href":"https:\/\/www.enerjigazetesi.ist\/en\/wp-json\/wp\/v2\/tags?post=105927"}],"curies":[{"name":"wp","href":"https:\/\/api.w.org\/{rel}","templated":true}]}}