{"id":105537,"date":"2019-12-30T20:34:45","date_gmt":"2019-12-30T17:34:45","guid":{"rendered":"https:\/\/www.enerjigazetesi.ist\/?p=105537"},"modified":"2019-12-30T20:35:13","modified_gmt":"2019-12-30T17:35:13","slug":"bosch-yetkili-servisleri-ile-gelisen-teknoloji-kapiniza-gelsin","status":"publish","type":"post","link":"https:\/\/www.enerjigazetesi.ist\/en\/bosch-yetkili-servisleri-ile-gelisen-teknoloji-kapiniza-gelsin\/","title":{"rendered":"(Turkish) &#8217;Bosch Yetkili Servisleri&#8217; ile Geli\u015fen Teknoloji Kap\u0131n\u0131za Gelsin!"},"content":{"rendered":"<p class=\"qtranxs-available-languages-message qtranxs-available-languages-message-en\">Sorry, this entry is only available in <a href=\"https:\/\/www.enerjigazetesi.ist\/tr\/wp-json\/wp\/v2\/posts\/105537\" class=\"qtranxs-available-language-link qtranxs-available-language-link-tr\" title=\"Turkish\">Turkish<\/a>. For the sake of viewer convenience, the content is shown below in the alternative language. You may click the link to switch the active language.<\/p><p><\/p>\n<h1><strong>Bosch Termoteknoloji, uzun y\u0131llardan g\u00fcn\u00fcm\u00fcze dek teknolojik olarak m\u00fc\u015fterilerine en \u00fcst d\u00fczeyde hizmet sunuyor. Kurulu\u015fundan g\u00fcn\u00fcm\u00fcze her zaman \u00fcreten, geli\u015fen, yenilik\u00e7i, kurumsal ve kullan\u0131c\u0131 dostu olan marka, teknolojisi ile kullan\u0131c\u0131lar\u0131n\u0131n hayat\u0131n\u0131 olduk\u00e7a kolayla\u015ft\u0131r\u0131yor. S\u00fcrekli yenilenen ve \u00fcst\u00fcn tasar\u0131mlar\u0131yla kendini geli\u015ftiren marka hak etti\u011finiz ya\u015fam konforunu size vadediyor.<\/strong><\/h1>\n<p>T\u00fcrkiye&#8217;nin bir\u00e7ok noktas\u0131nda <strong>sat\u0131\u015f a\u011f\u0131 ve yetkili servisi<\/strong> bulunan <strong>Bosch Termoteknoloji<\/strong>, geli\u015fen <strong>teknolojisi ve inovatif yakla\u015f\u0131m\u0131<\/strong> ile d\u00fcnya markas\u0131 olmay\u0131 ba\u015farm\u0131\u015ft\u0131r. M\u00fc\u015fterileri taraf\u0131ndan her <img loading=\"lazy\" class=\"alignright wp-image-105539\" src=\"https:\/\/www.enerjigazetesi.ist\/wp-content\/uploads\/2019\/12\/bosch-yetkili-servisleri-ile-gelisen-teknoloji-kapiniza-gelsin.jpg\" alt=\"\" width=\"320\" height=\"213\" srcset=\"https:\/\/www.enerjigazetesi.ist\/wp-content\/uploads\/2019\/12\/bosch-yetkili-servisleri-ile-gelisen-teknoloji-kapiniza-gelsin.jpg 732w, https:\/\/www.enerjigazetesi.ist\/wp-content\/uploads\/2019\/12\/bosch-yetkili-servisleri-ile-gelisen-teknoloji-kapiniza-gelsin-300x200.jpg 300w, https:\/\/www.enerjigazetesi.ist\/wp-content\/uploads\/2019\/12\/bosch-yetkili-servisleri-ile-gelisen-teknoloji-kapiniza-gelsin-500x333.jpg 500w, https:\/\/www.enerjigazetesi.ist\/wp-content\/uploads\/2019\/12\/bosch-yetkili-servisleri-ile-gelisen-teknoloji-kapiniza-gelsin-75x50.jpg 75w, https:\/\/www.enerjigazetesi.ist\/wp-content\/uploads\/2019\/12\/bosch-yetkili-servisleri-ile-gelisen-teknoloji-kapiniza-gelsin-450x300.jpg 450w\" sizes=\"(max-width: 320px) 100vw, 320px\" \/>zaman g\u00fcven kazanan ve o g\u00fcveni her zaman korumay\u0131 kurumsal felsefesi olarak benimseyen marka, hizmet kalitesi sayesinde g\u00fcvenilirli\u011fini her a\u015famada ispat ediyor. Yaln\u0131zca <strong>sat\u0131\u015f \u00f6ncesinde<\/strong> de\u011fil, <strong>sat\u0131\u015f sonras\u0131ndaki servis s\u00fcre\u00e7lerinde<\/strong> de her zaman kullan\u0131c\u0131lar\u0131n\u0131n yan\u0131nda yer al\u0131yor. \u00dcr\u00fcnlerin kullan\u0131m\u0131nda ortaya \u00e7\u0131kabilecek aksakl\u0131klarda s\u00fcratle m\u00fcdahale eden <strong>Bosch yetkili servis<\/strong>, olu\u015fan sorunlar\u0131 en k\u0131sa zamanda gideriyor ve servis kalitesi ile m\u00fc\u015fterilerine her zaman g\u00fcven sa\u011fl\u0131yor. <strong>Yayg\u0131n a\u011f\u0131<\/strong> ile Bosch Termoteknoloji, <strong>geli\u015fen teknolojisi ve \u00e7\u00f6z\u00fcm odakl\u0131<\/strong> yetkili servisleriyle bir\u00e7ok noktada <strong>m\u00fc\u015fterilerine hizmet<\/strong> veriyor.<\/p>\n<h2><strong>\u0130\u00e7inizi Is\u0131tan Kombiler Bosch Termoteknoloji&#8217;de<\/strong><\/h2>\n<p>Bosch Termoteknoloji, her daim <strong>kullan\u0131c\u0131lar\u0131n ya\u015fam\u0131n\u0131 teknolojisiyle kolayla\u015ft\u0131rmay\u0131<\/strong> ama\u00e7 edinmi\u015ftir. Tasar\u0131m\u0131 olduk\u00e7a estetik ve \u00fcst\u00fcn m\u00fchendislik anlay\u0131\u015f\u0131yla \u00fcretilen kombi serisi, \u015f\u0131k ve g\u00f6z al\u0131c\u0131 tasar\u0131m\u0131n\u0131n yan\u0131 s\u0131ra i\u00e7inizi de \u0131s\u0131tacak. Bosch termoteknoloji, <strong>yo\u011fu\u015fma teknolojisi ile<\/strong> \u00e7ok <strong>y\u00fcksek verim ve \u00e7ok d\u00fc\u015f\u00fck gaz t\u00fcketimi<\/strong> sa\u011flamas\u0131n\u0131n yan\u0131 s\u0131ra, <strong>y\u00fcksek (25 kW) s\u0131cak kullan\u0131m suyu kapasitesi<\/strong>, sessiz \u00e7al\u0131\u015fma, y\u00fcksek enerji verimi ile yak\u0131ttan tasarruf ve kompakt \u00f6l\u00e7\u00fcleri sayesinde alandan tasarruf sa\u011flar. Ayn\u0131 zamanda kolay kurulum ve montaj \u00f6zelli\u011fi ile zamandan tasarruf ettirip maliyeti tasarrufa d\u00f6n\u00fc\u015ft\u00fcr\u00fcr. Bosch Termoteknoloji, <strong>\u0131s\u0131tma ve so\u011futma, iklimlendirme<\/strong> sistemleri ve <strong>s\u0131cak su \u00e7\u00f6z\u00fcmleri<\/strong> ile <strong>d\u00fcnyan\u0131n \u00f6nc\u00fc iklimlendirme \u00fcreticisi<\/strong> olma \u00f6zelli\u011fini koruyor. <strong>Yo\u011fu\u015fmal\u0131 kombilerden<\/strong> <em>konvansiyonel kombilere<\/em> dek pek \u00e7ok <strong>teknolojik \u00fcr\u00fcn geli\u015ftiren<\/strong> Bosch Termoteknoloji, \u00fcretti\u011fi <strong>do\u011fa dostu ve enerji tasarruflu \u00fcr\u00fcnleri<\/strong> sayesinde <strong>y\u00fcksek performans<\/strong> sa\u011fl\u0131yor.<\/p>\n<h2><strong>H\u0131zl\u0131 Yetkili Servis \u0130mkan\u0131<\/strong><\/h2>\n<p>Bosch Termoteknoloji \u00fcst d\u00fczey teknolojisini ve <strong>kusursuz \u00fcr\u00fcn kalitesini servis uygulamalar\u0131yla<\/strong> da destekliyor. <strong>Bosch kombi servisi<\/strong>, kurulum a\u015famas\u0131nda da yan\u0131n\u0131zda olmas\u0131n\u0131n yan\u0131 s\u0131ra, sat\u0131\u015f sonras\u0131ndaki s\u00fcre\u00e7lerde de daima m\u00fc\u015fterisinin yan\u0131nda yer al\u0131yor. \u00dcr\u00fcn kullan\u0131m\u0131nda ortaya \u00e7\u0131kabilecek t\u00fcm aksakl\u0131klarda <strong>gecikmeden, son s\u00fcratle \u00fcr\u00fcne m\u00fcdahale<\/strong> edebilen <em>Bosch kombi servisi<\/em>, ya\u015fanan sorunlar\u0131 en k\u0131sa zamanda gideriyor. Kullan\u0131c\u0131s\u0131na kendisini kan\u0131tlam\u0131\u015f <strong>Bosch Termoteknolojinin<\/strong> yetkili servis kalitesi, kullan\u0131c\u0131ya her zaman <strong>g\u00fcven<\/strong> veriyor. <strong>Bosch kombi yetkili servisleri<\/strong> her zaman m\u00fc\u015fterinin yan\u0131nda yer al\u0131yor.<\/p>\n<h2><strong>Bosch Yetkili Servislerine Her Zaman Ula\u015fabilirsiniz<\/strong><\/h2>\n<p><strong>Kurulu\u015f felsefesi<\/strong> olarak <strong>m\u00fc\u015fteri memnuniyetini<\/strong> benimseyen, <strong>y\u00f6netim k\u00fclt\u00fcr\u00fcn\u00fc<\/strong> kullan\u0131c\u0131lar\u0131n\u0131n ya\u015fam\u0131n\u0131 kolayla\u015ft\u0131rma ve g\u00fcven \u00fczerine kuran <strong>marka, sat\u0131\u015f sonras\u0131nda sundu\u011fu m\u00fc\u015fteri hizmetleri<\/strong> ile de ilkelerine ba\u011fl\u0131 oldu\u011funu bir kez daha g\u00f6steriyor. <strong>Geni\u015f servis a\u011f\u0131<\/strong>n\u0131n haricinde bir de <strong>hafta i\u00e7i ve hafta sonu<\/strong> canl\u0131 olarak destek alabilece\u011finiz, <strong>m\u00fc\u015fteri hizmetleri<\/strong> ile direkt ileti\u015fim kurulabilmesi sayesinde sorunlar\u0131n\u0131za an\u0131nda <strong>etkili ve kesin \u00e7\u00f6z\u00fcmler \u00fcretmeye<\/strong> devam ediyor. \u00dcr\u00fcn kullan\u0131c\u0131s\u0131na <strong>bir telefon ya da bir mesaj kadar yak\u0131n<\/strong> olan <a href=\"https:\/\/www.bosch-thermotechnology.com\/tr\/tr\/residential\/bayi-ve-servislerimiz\/yetkili-servisler\/\" target=\"_blank\" rel=\"noopener\">Bosch yetkili servis<\/a>, kolay ula\u015f\u0131labilirli\u011fi sayesinde <strong>her zaman haz\u0131rl\u0131kl\u0131<\/strong> bir \u015fekilde <strong>m\u00fc\u015fterilerini<\/strong> bekliyor.<\/p>\n<p><strong>G\u00fcvenilirlik<\/strong> denilince akla gelen<strong> ilk markalardan<\/strong> olan <strong>Bosch<\/strong>, yaln\u0131zca <strong>yetkili servis <\/strong>ile de\u011fil <strong>n\u00f6bet\u00e7i servisler ile de<\/strong> ula\u015f\u0131labilirli\u011fini kolayla\u015ft\u0131r\u0131yor ve <strong>m\u00fc\u015fteri memnuniyetini<\/strong> her daim \u00f6n planda tutuyor. Siz de <strong>y\u00fcksek m\u00fc\u015fteri memnuniyeti<\/strong> sa\u011flayan ve <strong>g\u00fcvenilirli\u011fini d\u00fcnyaya kan\u0131tlayan<\/strong> <em>Bosch Termoteknoloji kombileri<\/em> tercih edebilir; b\u00f6ylelikle ihtiyac\u0131n\u0131z oldu\u011fu her an <strong>Bosch yetkili servislerine<\/strong> ula\u015fabilir ve teknolojinin <strong>en k\u0131sa ve en h\u0131zl\u0131 zamanda<\/strong> kap\u0131n\u0131za gelmesini sa\u011flayabilirsiniz.<\/p>","protected":false},"excerpt":{"rendered":"<p>Sorry, this entry is only available in Turkish. For the sake of viewer convenience, the content is shown below in the alternative language. You may click the link to switch the active language. Bosch Termoteknoloji, uzun y\u0131llardan g\u00fcn\u00fcm\u00fcze dek teknolojik olarak m\u00fc\u015fterilerine en \u00fcst d\u00fczeyde hizmet sunuyor. Kurulu\u015fundan g\u00fcn\u00fcm\u00fcze her zaman \u00fcreten, geli\u015fen, yenilik\u00e7i, kurumsal [&hellip;]<\/p>\n","protected":false},"author":1,"featured_media":105539,"comment_status":"open","ping_status":"open","sticky":false,"template":"","format":"standard","meta":[],"categories":[46,51,53,52],"tags":[63992,63993,42402,63997,63996,63995,63985,63989,54036,35353,63998,52259,26559,58103,63994,64001,63984,63987,63986,63988,63982,64000,63991,20702,6600,63983,63990,793,51077,63999,55467],"views":363,"_links":{"self":[{"href":"https:\/\/www.enerjigazetesi.ist\/en\/wp-json\/wp\/v2\/posts\/105537"}],"collection":[{"href":"https:\/\/www.enerjigazetesi.ist\/en\/wp-json\/wp\/v2\/posts"}],"about":[{"href":"https:\/\/www.enerjigazetesi.ist\/en\/wp-json\/wp\/v2\/types\/post"}],"author":[{"embeddable":true,"href":"https:\/\/www.enerjigazetesi.ist\/en\/wp-json\/wp\/v2\/users\/1"}],"replies":[{"embeddable":true,"href":"https:\/\/www.enerjigazetesi.ist\/en\/wp-json\/wp\/v2\/comments?post=105537"}],"version-history":[{"count":0,"href":"https:\/\/www.enerjigazetesi.ist\/en\/wp-json\/wp\/v2\/posts\/105537\/revisions"}],"wp:featuredmedia":[{"embeddable":true,"href":"https:\/\/www.enerjigazetesi.ist\/en\/wp-json\/wp\/v2\/media\/105539"}],"wp:attachment":[{"href":"https:\/\/www.enerjigazetesi.ist\/en\/wp-json\/wp\/v2\/media?parent=105537"}],"wp:term":[{"taxonomy":"category","embeddable":true,"href":"https:\/\/www.enerjigazetesi.ist\/en\/wp-json\/wp\/v2\/categories?post=105537"},{"taxonomy":"post_tag","embeddable":true,"href":"https:\/\/www.enerjigazetesi.ist\/en\/wp-json\/wp\/v2\/tags?post=105537"}],"curies":[{"name":"wp","href":"https:\/\/api.w.org\/{rel}","templated":true}]}}