{"id":105384,"date":"2019-12-27T21:24:10","date_gmt":"2019-12-27T18:24:10","guid":{"rendered":"https:\/\/www.enerjigazetesi.ist\/?p=105384"},"modified":"2019-12-27T21:36:22","modified_gmt":"2019-12-27T18:36:22","slug":"enerex-otelcilere-yonelik-ozel-enerji-oturumlari-duzenleyecek","status":"publish","type":"post","link":"https:\/\/www.enerjigazetesi.ist\/en\/enerex-otelcilere-yonelik-ozel-enerji-oturumlari-duzenleyecek\/","title":{"rendered":"(Turkish) &#8217;Enerex&#8217; Otelcilere Y\u00f6nelik \u00d6zel Enerji Oturumlar\u0131 D\u00fczenleyecek"},"content":{"rendered":"<p class=\"qtranxs-available-languages-message qtranxs-available-languages-message-en\">Sorry, this entry is only available in <a href=\"https:\/\/www.enerjigazetesi.ist\/tr\/wp-json\/wp\/v2\/posts\/105384\" class=\"qtranxs-available-language-link qtranxs-available-language-link-tr\" title=\"Turkish\">Turkish<\/a>. For the sake of viewer convenience, the content is shown below in the alternative language. You may click the link to switch the active language.<\/p><p><\/p>\n<h1><strong>27-29 \u015eubat 2020\u2019de Antalya ANFA\u015e Fuar ve Kongre Merkezi&#8217;nde 1&#8217;incisi d\u00fczenlenecek olan GENSED, G\u00dcNDER, EYODER, EdeasDer gibi enerji sekt\u00f6r\u00fcn\u00fcn \u00f6nde gelen sivil toplum kurulu\u015flar\u0131 taraf\u0131ndan da desteklenen ENEREX Enerji Verimlili\u011fi ve D\u00f6n\u00fc\u015f\u00fcm\u00fc fuar\u0131 b\u00f6lgenin ekonomi lokomotifi olan turizm sekt\u00f6r\u00fcn\u00fcn uluslararas\u0131 arenada rekabet\u00e7i olmas\u0131na y\u00f6nelik \u00f6rnek bir \u00e7al\u0131\u015fmayla sekt\u00f6re y\u00f6nelik \u00f6nemli oturumlar da ger\u00e7ekle\u015ftirecek.<\/strong><\/h1>\n<p><em>ENEREX Enerji Verimlili\u011fi ve D\u00f6n\u00fc\u015f\u00fcm\u00fc Fuar\u0131<\/em> <strong>15-18 Ocak 2020<\/strong>\u2019de d\u00fczenlenecek <strong>ANFA\u015e Hotel Equipment &amp; Food Product fuar\u0131nda<\/strong> <strong><em>3 \u00f6zel<\/em> enerji temal\u0131 oturumla<\/strong> sahnede yerini alacak.<\/p>\n<p><img loading=\"lazy\" class=\"alignright wp-image-105391\" src=\"https:\/\/www.enerjigazetesi.ist\/wp-content\/uploads\/2019\/12\/enerex-otelcilere-yonelik-ozel-enerji-oturumlari-duzenleyecek-1.jpg\" alt=\"\" width=\"320\" height=\"150\" srcset=\"https:\/\/www.enerjigazetesi.ist\/wp-content\/uploads\/2019\/12\/enerex-otelcilere-yonelik-ozel-enerji-oturumlari-duzenleyecek-1.jpg 960w, https:\/\/www.enerjigazetesi.ist\/wp-content\/uploads\/2019\/12\/enerex-otelcilere-yonelik-ozel-enerji-oturumlari-duzenleyecek-1-300x141.jpg 300w, https:\/\/www.enerjigazetesi.ist\/wp-content\/uploads\/2019\/12\/enerex-otelcilere-yonelik-ozel-enerji-oturumlari-duzenleyecek-1-768x360.jpg 768w, https:\/\/www.enerjigazetesi.ist\/wp-content\/uploads\/2019\/12\/enerex-otelcilere-yonelik-ozel-enerji-oturumlari-duzenleyecek-1-500x234.jpg 500w, https:\/\/www.enerjigazetesi.ist\/wp-content\/uploads\/2019\/12\/enerex-otelcilere-yonelik-ozel-enerji-oturumlari-duzenleyecek-1-80x38.jpg 80w\" sizes=\"(max-width: 320px) 100vw, 320px\" \/>Fuar&#8217;da <strong>T\u00fcrkiye\u2019de bir ilke<\/strong> de imza at\u0131larak ilk kez bir fuar i\u00e7inde <strong>\u00f6zel enerji oturumu<\/strong> da d\u00fczenlenecek. ENEREX ekibi, <strong>ANFA\u015e Hotel Equipment &amp; Food Product fuar\u0131<\/strong>nda konu\u015fmac\u0131 olarak <strong>T\u00fcrkiye\u2019nin<\/strong> \u00f6nde gelen \u015firketlerini bu oturumlarda a\u011f\u0131rlayacak.<\/p>\n<p>Fuar kapsam\u0131nda d\u00fczenlenecek <span style=\"text-decoration: underline;\">oturumlar ise;<\/span><\/p>\n<p>&#8211; Solarbaba&#8217;n\u0131n kurucusu <strong>Ate\u015f U\u011eUREL<\/strong> moderat\u00f6rl\u00fc\u011f\u00fcnde<strong> \u201c\u00c7at\u0131lar\u0131m\u0131zda G\u00fcne\u015f Toplayal\u0131m\u201d<\/strong> oturumu,<\/p>\n<p>&#8211; EYODER Y\u00f6n. Krl. \u00dcyesi <strong>Tevfik SPORCU\u00a0<\/strong> moderat\u00f6rl\u00fc\u011f\u00fcnde <strong>\u201cEnd\u00fcstriyel Yap\u0131larda ve Otellerde Enerji Verimlili\u011fi\u201d<\/strong> oturumu,<\/p>\n<p>&#8211; Enerji Sekt\u00f6r\u00fcn\u00fcn k\u00f6\u015fe yazarlar\u0131ndan ve <strong>ENEREX fuar\u0131n\u0131n<\/strong> Koordinat\u00f6r\u00fc <strong>Hasan Y\u0130\u011e\u0130T<\/strong> moderat\u00f6rl\u00fc\u011f\u00fcnde <strong>\u201cDepolama ve Elektrikli \u015earj \u0130stasyonlar\u0131\u201d<\/strong> oturumu \u015feklinde ger\u00e7ekle\u015fecektir.<\/p>\n<p><strong>ENEREX ekibi<\/strong>, bu <span style=\"text-decoration: underline;\">3 \u00f6zel enerji<\/span> oturumu ile <strong>ba\u015fta otelcilik sekt\u00f6r\u00fc olmak \u00fczere<\/strong> bir\u00e7ok sekt\u00f6r\u00fcn de en <strong>b\u00fcy\u00fck maliyet gideri<\/strong> olan <strong>enerji maliyetlerini d\u00fc\u015f\u00fcrmeleri ve enerjiyi verimli kullanmalar\u0131<\/strong> i\u00e7in konunun uzmanlar\u0131 ile sekt\u00f6r y\u00f6neticilerini bir araya getirecek.<\/p>\n<p>Ayr\u0131ca <strong>\u00f6zel g\u00f6r\u00fc\u015fmelerimizde<\/strong> bir\u00e7ok otel sahibinden gelen talepler \u00fczerine <strong>ENEREX ekibi<\/strong> olarak <strong>27-29 \u015eubat 2020\u2019de<\/strong> d\u00fczenlenecek <strong>ENEREX Enerji Verimlili\u011fi ve D\u00f6n\u00fc\u015f\u00fcm\u00fc Fuar\u0131<\/strong> kapsam\u0131nda <strong>\u201cG\u00fcne\u015f Enerjisi\u201d, \u201cR\u00fczgar Enerjisi\u201d \u201cEnerji Verimlili\u011fi\u201d, \u201cDepolama ve elektrikli araba \u015farj istasyonlar\u0131\u201d ve \u201cEnerji Yat\u0131r\u0131mlar\u0131 \/ YEKA\u201d<\/strong> konu ba\u015fl\u0131kl\u0131 kapal\u0131 \u00f6zel <strong>B2B oturum<\/strong> d\u00fczenlenecek. Bu \u00f6zel oturumda <strong>\u00fcst d\u00fczey otel y\u00f6neticileri<\/strong> i\u00e7in enerji sekt\u00f6r\u00fcn\u00fcn \u00f6nde gelen <strong>Y\u00f6netim Kurulu Ba\u015fkanlar\u0131<\/strong> veya <strong>CEO\u2019lar\u0131<\/strong> taraf\u0131ndan sunumlar ger\u00e7ekle\u015ftirilecek.<\/p>\n<p><strong>ANFA\u015e Enerex Enerji Verimlili\u011fi ve D\u00f6n\u00fc\u015f\u00fcm\u00fc Fuar\u0131<\/strong> Proje Y\u00f6neticisi Makine Y\u00fcksek M\u00fchendisi <strong>Ruhsar G\u00f6zde Y\u0131ld\u0131r\u0131m <\/strong>yapt\u0131\u011f\u0131 a\u00e7\u0131klamada,\u00a0&#8220;B\u00f6lgemizin \u00f6nde gelen sekt\u00f6r\u00fc olan turizmin enerji maliyetlerini d\u00fc\u015f\u00fcrerek, \u00fclke turizminin geli\u015fmesi ve uluslararas\u0131 arenada rekabet\u00e7i olmalar\u0131 i\u00e7in, biz <strong>ANFA\u015e<\/strong> olarak otelcilerimizin enerjiyle ilgili t\u00fcm sorular\u0131na, sorunlar\u0131na en do\u011fru yan\u0131t\u0131 bulacaklar\u0131 ve <strong>enerji verimlili\u011fi sa\u011flayacak<\/strong> t\u00fcm sistemlere son teknolojik geli\u015fmelerle sahip olan enerji sekt\u00f6r\u00fcn\u00fcn <strong>\u00f6nc\u00fc firmalar\u0131yla bir araya getirmek i\u00e7in<\/strong> turizmcilerimizi\u00a0<strong>ENEREX fuar\u0131na<\/strong>\u00a0bekliyoruz.&#8221; ifadelerini kulland\u0131.<\/p>\n<p><strong>Fuar Hakk\u0131nda Detayl\u0131 Bilgi ve Kay\u0131tlar i\u00e7in:<\/strong>\u00a0<a href=\"http:\/\/enerexantalya.com\/\" target=\"_blank\" rel=\"noopener\">http:\/\/enerexantalya.com\/<\/a> adresini ziyaret edebilirsiniz.<\/p>","protected":false},"excerpt":{"rendered":"<p>Sorry, this entry is only available in Turkish. For the sake of viewer convenience, the content is shown below in the alternative language. You may click the link to switch the active language. 27-29 \u015eubat 2020\u2019de Antalya ANFA\u015e Fuar ve Kongre Merkezi&#8217;nde 1&#8217;incisi d\u00fczenlenecek olan GENSED, G\u00dcNDER, EYODER, EdeasDer gibi enerji sekt\u00f6r\u00fcn\u00fcn \u00f6nde gelen sivil [&hellip;]<\/p>\n","protected":false},"author":1,"featured_media":105390,"comment_status":"open","ping_status":"open","sticky":false,"template":"","format":"standard","meta":[],"categories":[51,53,52,49],"tags":[63804,63803,63800,63802,5201,15452,63806,48983,63801,55401,40807,52259,26559,920,727,1382,13,53157,22583,63808,63807,15457,63805,793],"views":374,"_links":{"self":[{"href":"https:\/\/www.enerjigazetesi.ist\/en\/wp-json\/wp\/v2\/posts\/105384"}],"collection":[{"href":"https:\/\/www.enerjigazetesi.ist\/en\/wp-json\/wp\/v2\/posts"}],"about":[{"href":"https:\/\/www.enerjigazetesi.ist\/en\/wp-json\/wp\/v2\/types\/post"}],"author":[{"embeddable":true,"href":"https:\/\/www.enerjigazetesi.ist\/en\/wp-json\/wp\/v2\/users\/1"}],"replies":[{"embeddable":true,"href":"https:\/\/www.enerjigazetesi.ist\/en\/wp-json\/wp\/v2\/comments?post=105384"}],"version-history":[{"count":0,"href":"https:\/\/www.enerjigazetesi.ist\/en\/wp-json\/wp\/v2\/posts\/105384\/revisions"}],"wp:featuredmedia":[{"embeddable":true,"href":"https:\/\/www.enerjigazetesi.ist\/en\/wp-json\/wp\/v2\/media\/105390"}],"wp:attachment":[{"href":"https:\/\/www.enerjigazetesi.ist\/en\/wp-json\/wp\/v2\/media?parent=105384"}],"wp:term":[{"taxonomy":"category","embeddable":true,"href":"https:\/\/www.enerjigazetesi.ist\/en\/wp-json\/wp\/v2\/categories?post=105384"},{"taxonomy":"post_tag","embeddable":true,"href":"https:\/\/www.enerjigazetesi.ist\/en\/wp-json\/wp\/v2\/tags?post=105384"}],"curies":[{"name":"wp","href":"https:\/\/api.w.org\/{rel}","templated":true}]}}