{"id":10526,"date":"2013-05-04T23:30:40","date_gmt":"2013-05-04T20:30:40","guid":{"rendered":"https:\/\/www.enerjigazetesi.ist\/?p=10526"},"modified":"2013-05-05T00:00:28","modified_gmt":"2013-05-04T21:00:28","slug":"enerji-ve-enerji-verimliligi-konusunda-proje-uretimi","status":"publish","type":"post","link":"https:\/\/www.enerjigazetesi.ist\/en\/enerji-ve-enerji-verimliligi-konusunda-proje-uretimi\/","title":{"rendered":"(Turkish) Enerji ve Enerji Verimlili\u011fi Konusunda Proje \u00dcretimi"},"content":{"rendered":"<p class=\"qtranxs-available-languages-message qtranxs-available-languages-message-en\">Sorry, this entry is only available in <a href=\"https:\/\/www.enerjigazetesi.ist\/tr\/wp-json\/wp\/v2\/posts\/10526\" class=\"qtranxs-available-language-link qtranxs-available-language-link-tr\" title=\"Turkish\">Turkish<\/a>. For the sake of viewer convenience, the content is shown below in the alternative language. You may click the link to switch the active language.<\/p><p><strong>G\u00fcn\u00fcm\u00fczde daha \u00e7ok kullan\u0131lan fosil kaynakl\u0131 yak\u0131tlar\u0131n zararlar\u0131n\u0131n a\u00e7\u0131k ve net \u015fekilde ortaya \u00e7\u0131kar\u0131lmas\u0131n\u0131n ard\u0131ndan \u00fclkeler yenilenebilir enerji projeleri olu\u015fturmaya ba\u015flam\u0131\u015f ve yeni yat\u0131r\u0131mlar olu\u015fmu\u015ftur. Bu yat\u0131r\u0131mlar\u0131n yeterli olup olmad\u0131\u011f\u0131 \u00e7ok tart\u0131\u015f\u0131lan bir konu olmakla birlikte, yat\u0131r\u0131mlar\u0131n artmamas\u0131n\u0131n sebebi \u201cMaliyet\u201d olarak kar\u015f\u0131m\u0131za \u00e7\u0131kmaktad\u0131r.\u00a0<\/strong><\/p>\n<p>Maliyet konusunda \u00fcretebilece\u011finiz en \u00f6nemli \u00e7\u00f6z\u00fcm \u201cAr- Ge \u00c7al\u0131\u015fmalar\u0131\u201d olmakla birlikte projelendirme ve proje olu\u015fturma \u00f6nemli \u00e7\u00f6z\u00fcm unsurlar\u0131d\u0131r. \u00dclkemiz bu konuda hen\u00fcz istenilen at\u0131l\u0131m\u0131 yapamam\u0131\u015f olmakla birlikte \u00e7al\u0131\u015fmalar devam etmektedir.<\/p>\n<div><a href=\"https:\/\/www.enerjigazetesi.ist\/wp-content\/uploads\/2013\/05\/enerji-ve-enerji-verimliligi-projeler.jpg\"><img loading=\"lazy\" class=\"alignleft size-medium wp-image-10527\" title=\"enerji-ve-enerji-verimliligi-projeler\" src=\"https:\/\/www.enerjigazetesi.ist\/wp-content\/uploads\/2013\/05\/enerji-ve-enerji-verimliligi-projeler-300x174.jpg\" alt=\"\" width=\"300\" height=\"174\" srcset=\"https:\/\/www.enerjigazetesi.ist\/wp-content\/uploads\/2013\/05\/enerji-ve-enerji-verimliligi-projeler-300x174.jpg 300w, https:\/\/www.enerjigazetesi.ist\/wp-content\/uploads\/2013\/05\/enerji-ve-enerji-verimliligi-projeler-80x46.jpg 80w, https:\/\/www.enerjigazetesi.ist\/wp-content\/uploads\/2013\/05\/enerji-ve-enerji-verimliligi-projeler.jpg 456w\" sizes=\"(max-width: 300px) 100vw, 300px\" \/><\/a>T\u00fcrkiye\u2019 de en b\u00fcy\u00fck sorunlardan bir tanesi de, s\u00f6z k\u00fcresel \u0131s\u0131nmadan, kaynaklar\u0131n t\u00fckenmesinden a\u00e7\u0131ld\u0131\u011f\u0131nda esip g\u00fcrleyenler. Yenilenebilir enerji veya enerji verimlili\u011fi konusunda proje \u00fcretin dendi\u011finde \u00fc\u00e7 maymunu oynamaya ba\u015fl\u0131yorlar. Tabi bunu s\u00f6ylerken b\u00fct\u00fcn sekt\u00f6r temsilcisi \u015firketlere haks\u0131zl\u0131k yapmak istemem. Bu konuda gerekli fark\u0131ndal\u0131\u011f\u0131 olu\u015fturmu\u015f ve \u00e7\u00f6z\u00fcmler \u00fcreten \u015firketler mevcuttur.<\/div>\n<div><\/div>\n<div>\n<div>\u00dcniversiteler ve \u00fcniversite \u00f6\u011frencilerinin i\u015fin i\u00e7ine biraz kat\u0131lmas\u0131 ve projesi olan gen\u00e7lerin biraz daha dinlenmesi gerekli \u00e7\u00fcnk\u00fc \u00fcniversitelerde bu konuda \u00e7al\u0131\u015fmalar yapan \u00a0kadar \u00e7ok bilgi sahibi \u00f6\u011frenci arkada\u015f var ki, hepsi bu konudan \u015fikayet\u00e7i durumdad\u0131r.<\/div>\n<div><\/div>\n<div>\u00dclkemizde proje \u00fcretimi konusunda te\u015fvikler olu\u015fturan ve ortam haz\u0131rlayan T\u00dcB\u0130TAK, \u00f6nemli proje destek programlar\u0131 olu\u015fturmu\u015ftur. Fakat bu konuda da yeterli duyurular yap\u0131lmad\u0131\u011f\u0131 i\u00e7in gerekli \u00f6\u011frenci profiline ula\u015famamaktad\u0131r.<\/div>\n<div><\/div>\n<div>Bu g\u00f6r\u00fc\u015flerime elbette kat\u0131lan ve kat\u0131lmayanlar olacakt\u0131r. Yapt\u0131\u011f\u0131m \u015fey sadece bu konuda yapt\u0131\u011f\u0131m g\u00f6zlemleri ve birikimimi size aktarmak. Eklemek istedi\u011finiz hususlar mutlaka olacakt\u0131r. Bu y\u00fczden geri bildirim almay\u0131 \u00e7ok \u00f6nemsiyorum.<\/div>\n<div><\/div>\n<div>Tekrar g\u00f6r\u00fc\u015fmek \u00fczere.<\/div>\n<div>Sayg\u0131lar<\/div>\n<\/div>\n<div><\/div>\n<div>\n<div><strong>Orkun TEKE \/ Dokuz Eyl\u00fcl \u00dcniversitesi Jeofizik M\u00fchendisli\u011fi 4. S\u0131n\u0131f \u00d6\u011frencisi<\/strong><\/div>\n<\/div>\n<div>\u0130leti\u015fim: <a href=\"http:\/\/orkunteke@gmail.com\">orkunteke@gmail.com<\/a><\/div>\n<div><\/div>\n<div>Yay\u0131nc\u0131: <a href=\"https:\/\/www.enerjigazetesi.ist\" target=\"_blank\">Enerji Gazetesi<\/a><\/div>\n<p><\/p>","protected":false},"excerpt":{"rendered":"<p>Sorry, this entry is only available in Turkish. For the sake of viewer convenience, the content is shown below in the alternative language. You may click the link to switch the active language.G\u00fcn\u00fcm\u00fczde daha \u00e7ok kullan\u0131lan fosil kaynakl\u0131 yak\u0131tlar\u0131n zararlar\u0131n\u0131n a\u00e7\u0131k ve net \u015fekilde ortaya \u00e7\u0131kar\u0131lmas\u0131n\u0131n ard\u0131ndan \u00fclkeler yenilenebilir enerji projeleri olu\u015fturmaya ba\u015flam\u0131\u015f ve yeni [&hellip;]<\/p>\n","protected":false},"author":1,"featured_media":10527,"comment_status":"open","ping_status":"open","sticky":false,"template":"","format":"standard","meta":[],"categories":[53,52],"tags":[63,67,12,5096,133],"views":801,"_links":{"self":[{"href":"https:\/\/www.enerjigazetesi.ist\/en\/wp-json\/wp\/v2\/posts\/10526"}],"collection":[{"href":"https:\/\/www.enerjigazetesi.ist\/en\/wp-json\/wp\/v2\/posts"}],"about":[{"href":"https:\/\/www.enerjigazetesi.ist\/en\/wp-json\/wp\/v2\/types\/post"}],"author":[{"embeddable":true,"href":"https:\/\/www.enerjigazetesi.ist\/en\/wp-json\/wp\/v2\/users\/1"}],"replies":[{"embeddable":true,"href":"https:\/\/www.enerjigazetesi.ist\/en\/wp-json\/wp\/v2\/comments?post=10526"}],"version-history":[{"count":3,"href":"https:\/\/www.enerjigazetesi.ist\/en\/wp-json\/wp\/v2\/posts\/10526\/revisions"}],"predecessor-version":[{"id":10530,"href":"https:\/\/www.enerjigazetesi.ist\/en\/wp-json\/wp\/v2\/posts\/10526\/revisions\/10530"}],"wp:featuredmedia":[{"embeddable":true,"href":"https:\/\/www.enerjigazetesi.ist\/en\/wp-json\/wp\/v2\/media\/10527"}],"wp:attachment":[{"href":"https:\/\/www.enerjigazetesi.ist\/en\/wp-json\/wp\/v2\/media?parent=10526"}],"wp:term":[{"taxonomy":"category","embeddable":true,"href":"https:\/\/www.enerjigazetesi.ist\/en\/wp-json\/wp\/v2\/categories?post=10526"},{"taxonomy":"post_tag","embeddable":true,"href":"https:\/\/www.enerjigazetesi.ist\/en\/wp-json\/wp\/v2\/tags?post=10526"}],"curies":[{"name":"wp","href":"https:\/\/api.w.org\/{rel}","templated":true}]}}