{"id":105197,"date":"2019-12-24T16:02:35","date_gmt":"2019-12-24T13:02:35","guid":{"rendered":"https:\/\/www.enerjigazetesi.ist\/?p=105197"},"modified":"2019-12-24T16:05:09","modified_gmt":"2019-12-24T13:05:09","slug":"turkiyeden-ilk-ulusal-sehirler-strateji-ve-eylem-plani-hazirligi","status":"publish","type":"post","link":"https:\/\/www.enerjigazetesi.ist\/en\/turkiyeden-ilk-ulusal-sehirler-strateji-ve-eylem-plani-hazirligi\/","title":{"rendered":"(Turkish) T\u00fcrkiye\u2019den \u0130lk Ulusal \u015eehirler Strateji ve Eylem Plan\u0131 Haz\u0131rl\u0131\u011f\u0131"},"content":{"rendered":"<p class=\"qtranxs-available-languages-message qtranxs-available-languages-message-en\">Sorry, this entry is only available in <a href=\"https:\/\/www.enerjigazetesi.ist\/tr\/wp-json\/wp\/v2\/posts\/105197\" class=\"qtranxs-available-language-link qtranxs-available-language-link-tr\" title=\"Turkish\">Turkish<\/a>. For the sake of viewer convenience, the content is shown below in the alternative language. You may click the link to switch the active language.<\/p><p><\/p>\n<h1><strong>Resmi Gazete\u2019nin 24 Aral\u0131k 2019 tarihli say\u0131s\u0131nda yay\u0131mlanan Cumhurba\u015fkanl\u0131\u011f\u0131 Genelgesi ile \u00c7evre ve \u015eehircilik Bakanl\u0131\u011f\u0131 koordinasyonunda 2020-2023 Ulusal Ak\u0131ll\u0131 \u015eehirler Stratejisi ve Eylem Plan\u0131 haz\u0131rland\u0131\u011f\u0131 bildirildi.<\/strong><\/h1>\n<p><strong>\u00c7evre ve \u015eehircilik Bakanl\u0131\u011f\u0131<\/strong> koordinasyonunda haz\u0131rlanan \u00e7al\u0131\u015fma <a href=\"http:\/\/www.akillisehirler.gov.tr\" target=\"_blank\" rel=\"noopener\">www.akillisehirler.gov.tr<\/a> <img loading=\"lazy\" class=\"alignright wp-image-105201\" src=\"https:\/\/www.enerjigazetesi.ist\/wp-content\/uploads\/2019\/12\/turkiye-den-ilk-ulusal-sehirler-strateji-ve-eylem-plani-hazirligi.jpg\" alt=\"\" width=\"320\" height=\"213\" srcset=\"https:\/\/www.enerjigazetesi.ist\/wp-content\/uploads\/2019\/12\/turkiye-den-ilk-ulusal-sehirler-strateji-ve-eylem-plani-hazirligi.jpg 679w, https:\/\/www.enerjigazetesi.ist\/wp-content\/uploads\/2019\/12\/turkiye-den-ilk-ulusal-sehirler-strateji-ve-eylem-plani-hazirligi-300x200.jpg 300w, https:\/\/www.enerjigazetesi.ist\/wp-content\/uploads\/2019\/12\/turkiye-den-ilk-ulusal-sehirler-strateji-ve-eylem-plani-hazirligi-500x333.jpg 500w, https:\/\/www.enerjigazetesi.ist\/wp-content\/uploads\/2019\/12\/turkiye-den-ilk-ulusal-sehirler-strateji-ve-eylem-plani-hazirligi-75x50.jpg 75w, https:\/\/www.enerjigazetesi.ist\/wp-content\/uploads\/2019\/12\/turkiye-den-ilk-ulusal-sehirler-strateji-ve-eylem-plani-hazirligi-450x300.jpg 450w\" sizes=\"(max-width: 320px) 100vw, 320px\" \/>adresinde yay\u0131mlanacak.<\/p>\n<p><strong>Eylem plan\u0131n\u0131n<\/strong> ana hatlar\u0131n\u0131; <strong>\u00e7evre, ula\u015f\u0131m, enerji, sa\u011fl\u0131k, altyap\u0131 ve insan<\/strong> gibi \u015fehirlerin t\u00fcm unsurlar\u0131n\u0131n ili\u015fkilerini her a\u00e7\u0131dan incelenerek, <strong>kentsel hizmetlerin<\/strong> bu unsurlara olan <strong>yans\u0131malar\u0131nda bilgiden faydalan\u0131lmas\u0131 ve hizmet sunum y\u00f6ntemlerinin<\/strong> bu \u00e7er\u00e7evede de\u011ferlendirilmesi olu\u015fturuyor.<\/p>\n<h2><strong><a href=\"http:\/\/www.akillisehirler.gov.tr\/\" target=\"_blank\" rel=\"noopener\">www.akillisehirler.gov.tr<\/a>\u00a0adresinde yay\u0131mlanacak olan\u00a0<\/strong><strong>T\u00fcrkiye\u2019nin ilk, d\u00fcnyan\u0131n 4&#8217;\u00fcnc\u00fc ak\u0131ll\u0131 \u015fehir stratejisi ve eylem plan\u0131<\/strong><\/h2>\n<p>Genelgede, <strong>Ulusal Ak\u0131ll\u0131 \u015eehirler Stratejisi ve Eylem Plan\u0131\u2019n\u0131n<\/strong> kamu kurum ve kurulu\u015flar\u0131 ile <strong>yerel y\u00f6netimler, \u00f6zel sekt\u00f6r, sivil toplum kurulu\u015flar\u0131 ve \u00fcniversitelerin dahil oldu\u011fu<\/strong> ortak ak\u0131l ve bilimsel bak\u0131\u015f a\u00e7\u0131s\u0131 ile \u015fekillendi\u011fi, \u201culusal katmanda haz\u0131rlanan <strong>T\u00fcrkiye\u2019nin<\/strong> ilk, d\u00fcnyan\u0131n <strong>4&#8217;\u00fcnc\u00fc ak\u0131ll\u0131 \u015fehir stratejisi ve eylem plan\u0131<\/strong>\u201d oldu\u011fu belirtildi.<\/p>\n<p><strong>Genelgenin Tam Metnine Ula\u015fmak \u0130\u00e7in:\u00a0<\/strong><a href=\"https:\/\/www.resmigazete.gov.tr\/eskiler\/2019\/12\/20191224-14.pdf\" target=\"_blank\" rel=\"noopener\">https:\/\/www.resmigazete.gov.tr\/eskiler\/2019\/12\/20191224-14.pdf<\/a> adresini ziyaret edebilirsiniz.<\/p>","protected":false},"excerpt":{"rendered":"<p>Sorry, this entry is only available in Turkish. For the sake of viewer convenience, the content is shown below in the alternative language. You may click the link to switch the active language. Resmi Gazete\u2019nin 24 Aral\u0131k 2019 tarihli say\u0131s\u0131nda yay\u0131mlanan Cumhurba\u015fkanl\u0131\u011f\u0131 Genelgesi ile \u00c7evre ve \u015eehircilik Bakanl\u0131\u011f\u0131 koordinasyonunda 2020-2023 Ulusal Ak\u0131ll\u0131 \u015eehirler Stratejisi ve [&hellip;]<\/p>\n","protected":false},"author":1,"featured_media":105201,"comment_status":"open","ping_status":"open","sticky":false,"template":"","format":"standard","meta":[],"categories":[53],"tags":[63599,63597,63595,26500,2530,2199,63603,55093,63601,63,52259,5861,63602,63596,63600,5172,1388,3265,35969,846,998,63598,1982],"views":293,"_links":{"self":[{"href":"https:\/\/www.enerjigazetesi.ist\/en\/wp-json\/wp\/v2\/posts\/105197"}],"collection":[{"href":"https:\/\/www.enerjigazetesi.ist\/en\/wp-json\/wp\/v2\/posts"}],"about":[{"href":"https:\/\/www.enerjigazetesi.ist\/en\/wp-json\/wp\/v2\/types\/post"}],"author":[{"embeddable":true,"href":"https:\/\/www.enerjigazetesi.ist\/en\/wp-json\/wp\/v2\/users\/1"}],"replies":[{"embeddable":true,"href":"https:\/\/www.enerjigazetesi.ist\/en\/wp-json\/wp\/v2\/comments?post=105197"}],"version-history":[{"count":0,"href":"https:\/\/www.enerjigazetesi.ist\/en\/wp-json\/wp\/v2\/posts\/105197\/revisions"}],"wp:featuredmedia":[{"embeddable":true,"href":"https:\/\/www.enerjigazetesi.ist\/en\/wp-json\/wp\/v2\/media\/105201"}],"wp:attachment":[{"href":"https:\/\/www.enerjigazetesi.ist\/en\/wp-json\/wp\/v2\/media?parent=105197"}],"wp:term":[{"taxonomy":"category","embeddable":true,"href":"https:\/\/www.enerjigazetesi.ist\/en\/wp-json\/wp\/v2\/categories?post=105197"},{"taxonomy":"post_tag","embeddable":true,"href":"https:\/\/www.enerjigazetesi.ist\/en\/wp-json\/wp\/v2\/tags?post=105197"}],"curies":[{"name":"wp","href":"https:\/\/api.w.org\/{rel}","templated":true}]}}