{"id":10504,"date":"2013-05-04T23:12:36","date_gmt":"2013-05-04T20:12:36","guid":{"rendered":"https:\/\/www.enerjigazetesi.ist\/?p=10504"},"modified":"2013-05-04T23:12:36","modified_gmt":"2013-05-04T20:12:36","slug":"iklim-gorusmelerinin-yeni-turu-acil-durum-aciklamasi-ile-basladi","status":"publish","type":"post","link":"https:\/\/www.enerjigazetesi.ist\/en\/iklim-gorusmelerinin-yeni-turu-acil-durum-aciklamasi-ile-basladi\/","title":{"rendered":"(Turkish) \u0130klim G\u00f6r\u00fc\u015fmelerinin Yeni Turu Acil Durum A\u00e7\u0131klamas\u0131 \u0130le Ba\u015flad\u0131"},"content":{"rendered":"<p class=\"qtranxs-available-languages-message qtranxs-available-languages-message-en\">Sorry, this entry is only available in <a href=\"https:\/\/www.enerjigazetesi.ist\/tr\/wp-json\/wp\/v2\/posts\/10504\" class=\"qtranxs-available-language-link qtranxs-available-language-link-tr\" title=\"Turkish\">Turkish<\/a>. For the sake of viewer convenience, the content is shown below in the alternative language. You may click the link to switch the active language.<\/p><p><strong>\u0130klim G\u00f6r\u00fc\u015fmeleri\u2019nin son turunun a\u00e7\u0131l\u0131\u015f toplant\u0131s\u0131na 400ppm \u00f6l\u00e7\u00fcm\u00fc damga vurdu<\/strong><\/p>\n<p>Almanya\u2019n\u0131n Bonn \u015fehrinde d\u00fczenlenen, BM \u0130klim G\u00f6r\u00fc\u015fmeleri\u2019nin son turunun a\u00e7\u0131l\u0131\u015f toplant\u0131s\u0131nda BM \u0130klim De\u011fi\u015fikli\u011fi Sekreteri Christiana Figueres diplomatlar<a href=\"https:\/\/www.enerjigazetesi.ist\/wp-content\/uploads\/2013\/05\/christiana-figueres-iklim-degisikligi-gorusmeleri.jpg\"><img loading=\"lazy\" class=\"alignleft size-medium wp-image-10505\" title=\"christiana-figueres-iklim-degisikligi-gorusmeleri\" src=\"https:\/\/www.enerjigazetesi.ist\/wp-content\/uploads\/2013\/05\/christiana-figueres-iklim-degisikligi-gorusmeleri-300x182.jpg\" alt=\"\" width=\"300\" height=\"182\" srcset=\"https:\/\/www.enerjigazetesi.ist\/wp-content\/uploads\/2013\/05\/christiana-figueres-iklim-degisikligi-gorusmeleri-300x182.jpg 300w, https:\/\/www.enerjigazetesi.ist\/wp-content\/uploads\/2013\/05\/christiana-figueres-iklim-degisikligi-gorusmeleri-80x48.jpg 80w, https:\/\/www.enerjigazetesi.ist\/wp-content\/uploads\/2013\/05\/christiana-figueres-iklim-degisikligi-gorusmeleri.jpg 411w\" sizes=\"(max-width: 300px) 100vw, 300px\" \/><\/a>\u0131 uyararak, iklim de\u011fi\u015fikli\u011fi ile m\u00fccadelenin acil durum seviyesine geldi\u011fini s\u00f6yledi.<\/p>\n<p>Figueres toplant\u0131da yapt\u0131\u011f\u0131 konu\u015fmada atmosferdeki karbondioksit yo\u011funlu\u011funun 400ppm seviyesine yakla\u015farak insanl\u0131k tarihinin en y\u00fcksek noktas\u0131na ula\u015ft\u0131\u011f\u0131n\u0131 s\u00f6ylerken toplant\u0131ya kat\u0131lan diplomatlar\u0131n daha fazla ve h\u0131zl\u0131 davranmalar\u0131 gerekti\u011fine vurgu yapt\u0131.<\/p>\n<p>Ge\u00e7en y\u0131l\u0131n aral\u0131k ay\u0131nda Katar\u2019\u0131n ba\u015fkenti Doha\u2019da 18. kez d\u00fczenlenen toplant\u0131larda neredeyse hi\u00e7bir ilerleme sa\u011flanamam\u0131\u015f iken g\u00f6r\u00fc\u015fmelere bu y\u0131l\u0131n sonunda Polonya\u2019da ger\u00e7ekle\u015fecek toplant\u0131da devam edilecek.<\/p>\n<p>G\u00f6r\u00fc\u015fmelerde 2015 y\u0131l\u0131nda, 2020 y\u0131l\u0131nda devreye girecek hedeflerde mutabakat sa\u011flanmas\u0131 hedefleniyor.<\/p>\n<p>Kaynak: <a href=\"http:\/\/www.yesilekonomi.com\/surdurulebilirlik\/iklim-gorusmelerinin-yeni-turu-acil-durum-aciklamasi-ile-basladi\" target=\"_blank\">Ye\u015fil Ekonomi<\/a><\/p>","protected":false},"excerpt":{"rendered":"<p>Sorry, this entry is only available in Turkish. For the sake of viewer convenience, the content is shown below in the alternative language. You may click the link to switch the active language.\u0130klim G\u00f6r\u00fc\u015fmeleri\u2019nin son turunun a\u00e7\u0131l\u0131\u015f toplant\u0131s\u0131na 400ppm \u00f6l\u00e7\u00fcm\u00fc damga vurdu Almanya\u2019n\u0131n Bonn \u015fehrinde d\u00fczenlenen, BM \u0130klim G\u00f6r\u00fc\u015fmeleri\u2019nin son turunun a\u00e7\u0131l\u0131\u015f toplant\u0131s\u0131nda BM \u0130klim [&hellip;]<\/p>\n","protected":false},"author":1,"featured_media":10505,"comment_status":"open","ping_status":"open","sticky":false,"template":"","format":"standard","meta":[],"categories":[53],"tags":[5085,5087,5086,63,67,165,1999,5050,1296],"views":514,"_links":{"self":[{"href":"https:\/\/www.enerjigazetesi.ist\/en\/wp-json\/wp\/v2\/posts\/10504"}],"collection":[{"href":"https:\/\/www.enerjigazetesi.ist\/en\/wp-json\/wp\/v2\/posts"}],"about":[{"href":"https:\/\/www.enerjigazetesi.ist\/en\/wp-json\/wp\/v2\/types\/post"}],"author":[{"embeddable":true,"href":"https:\/\/www.enerjigazetesi.ist\/en\/wp-json\/wp\/v2\/users\/1"}],"replies":[{"embeddable":true,"href":"https:\/\/www.enerjigazetesi.ist\/en\/wp-json\/wp\/v2\/comments?post=10504"}],"version-history":[{"count":2,"href":"https:\/\/www.enerjigazetesi.ist\/en\/wp-json\/wp\/v2\/posts\/10504\/revisions"}],"predecessor-version":[{"id":10507,"href":"https:\/\/www.enerjigazetesi.ist\/en\/wp-json\/wp\/v2\/posts\/10504\/revisions\/10507"}],"wp:featuredmedia":[{"embeddable":true,"href":"https:\/\/www.enerjigazetesi.ist\/en\/wp-json\/wp\/v2\/media\/10505"}],"wp:attachment":[{"href":"https:\/\/www.enerjigazetesi.ist\/en\/wp-json\/wp\/v2\/media?parent=10504"}],"wp:term":[{"taxonomy":"category","embeddable":true,"href":"https:\/\/www.enerjigazetesi.ist\/en\/wp-json\/wp\/v2\/categories?post=10504"},{"taxonomy":"post_tag","embeddable":true,"href":"https:\/\/www.enerjigazetesi.ist\/en\/wp-json\/wp\/v2\/tags?post=10504"}],"curies":[{"name":"wp","href":"https:\/\/api.w.org\/{rel}","templated":true}]}}