{"id":105008,"date":"2019-12-20T18:36:23","date_gmt":"2019-12-20T15:36:23","guid":{"rendered":"https:\/\/www.enerjigazetesi.ist\/?p=105008"},"modified":"2019-12-20T18:38:11","modified_gmt":"2019-12-20T15:38:11","slug":"yenilenebilir-ve-gunes-enerjisine-yonelik-40-yil-vadeli-kredi-anlasmasi-yapildi","status":"publish","type":"post","link":"https:\/\/www.enerjigazetesi.ist\/en\/yenilenebilir-ve-gunes-enerjisine-yonelik-40-yil-vadeli-kredi-anlasmasi-yapildi\/","title":{"rendered":"(Turkish) Yenilenebilir ve G\u00fcne\u015f Enerjisine Y\u00f6nelik 40 Y\u0131l Vadeli Kredi \u0130\u00e7in Anla\u015fma"},"content":{"rendered":"<p class=\"qtranxs-available-languages-message qtranxs-available-languages-message-en\">Sorry, this entry is only available in <a href=\"https:\/\/www.enerjigazetesi.ist\/tr\/wp-json\/wp\/v2\/posts\/105008\" class=\"qtranxs-available-language-link qtranxs-available-language-link-tr\" title=\"Turkish\">Turkish<\/a>. For the sake of viewer convenience, the content is shown below in the alternative language. You may click the link to switch the active language.<\/p><p><\/p>\n<h1><strong>40 y<\/strong><strong>\u0131<\/strong><strong>l vadeli kredinin yenilenebilir enerji ve g<\/strong><strong>\u00fc<\/strong><strong>ne<\/strong><strong>\u015f<\/strong><strong> enerjisi <\/strong><strong>\u00fc<\/strong><strong>retimine y<\/strong><strong>\u00f6<\/strong><strong>nelik projelere ayr<\/strong><strong>\u0131<\/strong><strong>laca<\/strong><strong>\u011f\u0131<\/strong><strong>n<\/strong><strong>\u0131<\/strong><strong> belirten Kalk<\/strong><strong>\u0131<\/strong><strong>nma Yat<\/strong><strong>\u0131<\/strong><strong>r<\/strong><strong>\u0131<\/strong><strong>m Bankas<\/strong><strong>\u0131<\/strong><strong> Genel M<\/strong><strong>\u00fc<\/strong><strong>d<\/strong><strong>\u00fc<\/strong><strong>r<\/strong><strong>\u00fc<\/strong> <strong>\u0130<\/strong><strong>brahim <\/strong><strong>\u00d6<\/strong><strong>ztop yapt\u0131\u011f\u0131 a\u00e7\u0131klamada,\u00a0<\/strong><strong>&#8220;T\u00fcrkiye\u2019nin s\u00fcrd\u00fcr\u00fclebilir kalk<\/strong><strong>\u0131<\/strong><strong>nmas<\/strong><strong>\u0131<\/strong><strong> i<\/strong><strong>\u00e7<\/strong><strong>in 2020<\/strong><strong>\u2019<\/strong><strong>de de benzer finansman anla<\/strong><strong>\u015f<\/strong><strong>malar<\/strong><strong>\u0131<\/strong><strong>na imza ataca<\/strong><strong>\u011f\u0131<\/strong><strong>z<\/strong><strong>&#8220;<\/strong><strong> dedi.<\/strong><\/h1>\n<p><strong>Kalk\u0131nma Yat\u0131r\u0131m Bankas\u0131\u2019n\u0131n<\/strong> T\u00fcrkiye\u2019nin gelece\u011fi i\u00e7in<strong> s\u00fcrd\u00fcr\u00fclebilir kalk\u0131nmaya<\/strong> deste\u011fi yeni kredi anla\u015fmalar\u0131 ile devam ediyor. Banka, <strong>T.C. Hazine ve Maliye Bakanl\u0131\u011f\u0131\u2019n\u0131n<\/strong> ikraz\u0131 ile <strong>Alman H\u00fck\u00fcmeti ve Alman Kalk\u0131nma Bankas\u0131 (KfW)<\/strong>\u2019n\u0131n birlikte finanse etti\u011fi <strong>vadesi 40 y\u0131la<\/strong> uzanan <strong>45 milyon avroluk<\/strong> bir <strong>kredi anla\u015fmas\u0131<\/strong> imzalad\u0131.<\/p>\n<p><strong><img loading=\"lazy\" class=\"alignright wp-image-105010\" src=\"https:\/\/www.enerjigazetesi.ist\/wp-content\/uploads\/2019\/12\/yenilenebilir-ve-gunes-enerjisine-yonelik-40-yil-vadeli-kredi-anlasmasi-yapildi.jpg\" alt=\"\" width=\"320\" height=\"263\" srcset=\"https:\/\/www.enerjigazetesi.ist\/wp-content\/uploads\/2019\/12\/yenilenebilir-ve-gunes-enerjisine-yonelik-40-yil-vadeli-kredi-anlasmasi-yapildi.jpg 593w, https:\/\/www.enerjigazetesi.ist\/wp-content\/uploads\/2019\/12\/yenilenebilir-ve-gunes-enerjisine-yonelik-40-yil-vadeli-kredi-anlasmasi-yapildi-300x247.jpg 300w, https:\/\/www.enerjigazetesi.ist\/wp-content\/uploads\/2019\/12\/yenilenebilir-ve-gunes-enerjisine-yonelik-40-yil-vadeli-kredi-anlasmasi-yapildi-486x400.jpg 486w, https:\/\/www.enerjigazetesi.ist\/wp-content\/uploads\/2019\/12\/yenilenebilir-ve-gunes-enerjisine-yonelik-40-yil-vadeli-kredi-anlasmasi-yapildi-61x50.jpg 61w\" sizes=\"(max-width: 320px) 100vw, 320px\" \/>Alman Kalk\u0131nma Bankas\u0131 KfW<\/strong> ile imzalanan uzun vadeli bu krediden; n\u00fcfusun <strong>sosyo-ekonomik ko\u015fullar\u0131na ve \u00e7evreye katk\u0131<\/strong> sa\u011flayan, <strong>T\u00fcrkiye \u00c7evre Mevzuat\u0131<\/strong> ile <strong>uyumlu, biyo \u00e7e\u015fitlilik \u00fczerine<\/strong> olumsuz etkisi olmayan <strong>g\u00fcne\u015f enerjisine y\u00f6nelik projeler<\/strong> geli\u015ftiren yat\u0131r\u0131mc\u0131lar yararlanabilecek. <strong>Kredi anla\u015fmas\u0131<\/strong> ile ilgili de\u011ferlendirmede bulunan <strong>Kalk\u0131nma Yat\u0131r\u0131m Bankas\u0131<\/strong> Genel M\u00fcd\u00fcr\u00fc <strong>\u0130brahim \u00d6ztop<\/strong>: \u201c\u00dclkemizin <strong>s\u00fcrd\u00fcr\u00fclebilir kalk\u0131nmas\u0131<\/strong> i\u00e7in <strong>Alman Kalk\u0131nma Bankas\u0131<\/strong> ile imzalad\u0131\u011f\u0131m\u0131z <strong>2019 y\u0131l\u0131ndaki<\/strong> bu <strong>2&#8217;inci<\/strong> anla\u015fma; gelece\u011fimize y\u00f6nelik yat\u0131r\u0131mlar i\u00e7in b\u00fcy\u00fck \u00f6nem ta\u015f\u0131yor. <strong>Kendi enerjisini kendisi \u00fcreten<\/strong> bir T\u00fcrkiye hedefiyle <strong>s\u00fcrd\u00fcr\u00fclebilir kalk\u0131nmaya<\/strong> verdi\u011fimiz deste\u011fin yan\u0131 s\u0131ra, yat\u0131r\u0131mc\u0131lar\u0131m\u0131za farkl\u0131 alanlarda sunaca\u011f\u0131m\u0131z <strong>krediler i\u00e7in<\/strong> finansman anla\u015fmalar\u0131m\u0131z\u0131n <strong>2020\u2019de de<\/strong> devam\u0131 gelecek\u201d dedi.<\/p>\n<p>\u00d6ztop <strong>imzalanan kredi anla\u015fmas\u0131n\u0131n<\/strong> temas\u0131yla ilgili olarak \u201cBu finansmanla; s\u00fcrd\u00fcr\u00fclebilirli\u011fi \u00f6n planda tutan <strong>yenilenebilir enerji ve g\u00fcne\u015f enerjisi alan\u0131ndaki<\/strong> fotovoltaik proje yat\u0131r\u0131mlar\u0131n\u0131 destekleyece\u011fiz. <strong>Birle\u015fmi\u015f Milletler S\u00fcrd\u00fcr\u00fclebilir Kalk\u0131nma Hedefleri<\/strong> ve yine <strong>karbon sal\u0131n\u0131m\u0131n\u0131 azaltmay\u0131<\/strong> \u00f6ng\u00f6ren <strong>Sorumlu Bankac\u0131l\u0131k Prensiplerinin<\/strong> Kurucu \u0130mzac\u0131s\u0131 oldu\u011fumuz bilinciyle <strong>yenilenebilir enerji alan\u0131nda<\/strong> T\u00fcrkiye\u2019yi kalk\u0131nd\u0131racak projeler i\u00e7in <strong>finansman ve kredi \u00e7al\u0131\u015fmalar\u0131<\/strong>m\u0131z h\u0131z kesmeden devam edecek\u201d diye konu\u015ftu.<\/p>\n<p><strong>KfW Ankara<\/strong> Ofis Direkt\u00f6r\u00fc <strong>Frank Bellon<\/strong> yapt\u0131\u011f\u0131 a\u00e7\u0131klamada &#8220;<strong>Alman H\u00fck\u00fcmeti<\/strong> ad\u0131na KfW taraf\u0131ndan <strong>Kalk\u0131nma Yat\u0131r\u0131m Bankas\u0131<\/strong>\u2019na sa\u011flanan s\u00f6z konusu <strong>g\u00fcne\u015f enerjisi kredisi<\/strong> ile KfW, T\u00fcrkiye&#8217;nin <strong>iklim de\u011fi\u015fikli\u011fiyle m\u00fccadele<\/strong> \u00e7abalar\u0131na katk\u0131da bulunmay\u0131 ve \u00f6zellikle T\u00fcrkiye&#8217;de <strong>g\u00fcne\u015f enerjisi yat\u0131r\u0131mlar\u0131na<\/strong> ili\u015fkin artan talebin kar\u015f\u0131lanmas\u0131 suretiyle elektrik \u00fcretiminde <strong>yenilenebilir enerji kaynaklar\u0131n\u0131n<\/strong> pay\u0131n\u0131n art\u0131r\u0131lmas\u0131n\u0131 hedeflemektedir. Bu itibarla, <strong>g\u00fcne\u015f enerjisi kredisi<\/strong>, T\u00fcrkiye&#8217;nin d\u00fc\u015f\u00fck emisyonlu ve <strong>iklime dayan\u0131kl\u0131 ekonomik kalk\u0131nmas\u0131n\u0131 ve uzun vadeli s\u00fcrd\u00fcr\u00fclebilirlik hedeflerini<\/strong> desteklemektedir ve <strong>KfW<\/strong>, bu ama\u00e7 do\u011frultusunda, <strong>Kalk\u0131nma Yat\u0131r\u0131m Bankas\u0131<\/strong> ile i\u015fbirli\u011fi yapmaktan <strong>b\u00fcy\u00fck memnuniyet<\/strong> duymaktad\u0131r&#8221; dedi.<\/p>","protected":false},"excerpt":{"rendered":"<p>Sorry, this entry is only available in Turkish. For the sake of viewer convenience, the content is shown below in the alternative language. You may click the link to switch the active language. 40 y\u0131l vadeli kredinin yenilenebilir enerji ve g\u00fcne\u015f enerjisi \u00fcretimine y\u00f6nelik projelere ayr\u0131laca\u011f\u0131n\u0131 belirten Kalk\u0131nma Yat\u0131r\u0131m Bankas\u0131 Genel M\u00fcd\u00fcr\u00fc \u0130brahim \u00d6ztop yapt\u0131\u011f\u0131 [&hellip;]<\/p>\n","protected":false},"author":1,"featured_media":105010,"comment_status":"open","ping_status":"open","sticky":false,"template":"","format":"standard","meta":[],"categories":[51,53,49,50],"tags":[63406,58356,48240,63409,63408,63410,35305,53157,5982,63404,10921,58029,10624,63407,58030,1243,52998,57125,63405,54979,63403,56304],"views":404,"_links":{"self":[{"href":"https:\/\/www.enerjigazetesi.ist\/en\/wp-json\/wp\/v2\/posts\/105008"}],"collection":[{"href":"https:\/\/www.enerjigazetesi.ist\/en\/wp-json\/wp\/v2\/posts"}],"about":[{"href":"https:\/\/www.enerjigazetesi.ist\/en\/wp-json\/wp\/v2\/types\/post"}],"author":[{"embeddable":true,"href":"https:\/\/www.enerjigazetesi.ist\/en\/wp-json\/wp\/v2\/users\/1"}],"replies":[{"embeddable":true,"href":"https:\/\/www.enerjigazetesi.ist\/en\/wp-json\/wp\/v2\/comments?post=105008"}],"version-history":[{"count":0,"href":"https:\/\/www.enerjigazetesi.ist\/en\/wp-json\/wp\/v2\/posts\/105008\/revisions"}],"wp:featuredmedia":[{"embeddable":true,"href":"https:\/\/www.enerjigazetesi.ist\/en\/wp-json\/wp\/v2\/media\/105010"}],"wp:attachment":[{"href":"https:\/\/www.enerjigazetesi.ist\/en\/wp-json\/wp\/v2\/media?parent=105008"}],"wp:term":[{"taxonomy":"category","embeddable":true,"href":"https:\/\/www.enerjigazetesi.ist\/en\/wp-json\/wp\/v2\/categories?post=105008"},{"taxonomy":"post_tag","embeddable":true,"href":"https:\/\/www.enerjigazetesi.ist\/en\/wp-json\/wp\/v2\/tags?post=105008"}],"curies":[{"name":"wp","href":"https:\/\/api.w.org\/{rel}","templated":true}]}}