{"id":104954,"date":"2019-12-20T14:24:29","date_gmt":"2019-12-20T11:24:29","guid":{"rendered":"https:\/\/www.enerjigazetesi.ist\/?p=104954"},"modified":"2019-12-20T14:24:29","modified_gmt":"2019-12-20T11:24:29","slug":"10uncu-iicec-konferansi-enerji-dunyasini-bir-araya-getirdi","status":"publish","type":"post","link":"https:\/\/www.enerjigazetesi.ist\/en\/10uncu-iicec-konferansi-enerji-dunyasini-bir-araya-getirdi\/","title":{"rendered":"(Turkish) 10&#8217;uncu IICEC Konferans\u0131&#8217; Enerji D\u00fcnyas\u0131n\u0131 Bir Araya Getirdi"},"content":{"rendered":"<p class=\"qtranxs-available-languages-message qtranxs-available-languages-message-en\">Sorry, this entry is only available in <a href=\"https:\/\/www.enerjigazetesi.ist\/tr\/wp-json\/wp\/v2\/posts\/104954\" class=\"qtranxs-available-language-link qtranxs-available-language-link-tr\" title=\"Turkish\">Turkish<\/a>. For the sake of viewer convenience, the content is shown below in the alternative language. You may click the link to switch the active language.<\/p><p><\/p>\n<h1><strong>Kuruldu<\/strong><strong>\u011f<\/strong><strong>u 2010 y<\/strong><strong>\u0131<\/strong><strong>l<\/strong><strong>\u0131<\/strong><strong>ndan itibaren enerji ve iklim alanlar<\/strong><strong>\u0131<\/strong><strong>nda yer alan kilit payda<\/strong><strong>\u015f<\/strong><strong>lar<\/strong><strong>\u0131<\/strong><strong> bir araya getiren Sabanc<\/strong><strong>\u0131<\/strong> <strong>\u00dc<\/strong><strong>niversitesi <\/strong><strong>\u0130<\/strong><strong>stanbul Uluslararas<\/strong><strong>\u0131<\/strong><strong> Enerji ve <\/strong><strong>\u0130<\/strong><strong>klim Merkezi (IICEC), enerji d<\/strong><strong>\u00fc<\/strong><strong>nyas<\/strong><strong>\u0131<\/strong><strong>n<\/strong><strong>\u0131<\/strong><strong> 10&#8217;uncu IICEC Enerji Konferans<\/strong><strong>\u0131<\/strong><strong>\u2019<\/strong><strong>nda bulu<\/strong><strong>\u015f<\/strong><strong>turdu. D<\/strong><strong>\u00fc<\/strong><strong>nya Enerji G<\/strong><strong>\u00f6<\/strong><strong>r<\/strong><strong>\u00fc<\/strong><strong>n<\/strong><strong>\u00fc<\/strong><strong>m<\/strong><strong>\u00fc<\/strong><strong> 2019 (World Energy Outlook 2019) Raporu<\/strong><strong>\u2019<\/strong><strong>nun T<\/strong><strong>\u00fc<\/strong><strong>rkiye tan<\/strong><strong>\u0131<\/strong><strong>t<\/strong><strong>\u0131<\/strong><strong>m<\/strong><strong>\u0131<\/strong><strong>n<\/strong><strong>\u0131<\/strong><strong>n da yap<\/strong><strong>\u0131<\/strong><strong>ld<\/strong><strong>\u0131\u011f\u0131<\/strong><strong> konferans, 20 Aral<\/strong><strong>\u0131<\/strong><strong>k 2019 Cuma g<\/strong><strong>\u00fc<\/strong><strong>n<\/strong><strong>\u00fc<\/strong> <strong>\u0130<\/strong><strong>stanbul<\/strong><strong>\u2019<\/strong><strong>da ger<\/strong><strong>\u00e7<\/strong><strong>ekle<\/strong><strong>\u015f<\/strong><strong>ti.<\/strong><\/h1>\n<p>Sabanc\u0131 \u00dcniversitesi Kurucu M\u00fctevelli Heyeti Ba\u015fkan\u0131 <strong>G\u00fcler Sabanc<\/strong><strong>\u0131<\/strong> ve Sabanc\u0131 \u00dcniversitesi IICEC Direkt\u00f6r\u00fc<strong> Prof. Carmine Difiglio<\/strong>\u2019nun ev sahipli\u011finde d\u00fczenlenen <strong>10. IICEC Enerji Konferans<\/strong><strong>\u0131<\/strong><strong>\u2019<\/strong>na, \u00fcst d\u00fczey kamu temsilcileri, ulusal ve uluslararas\u0131 enerji sekt\u00f6r\u00fcn\u00fcn k\u00fcresel lider kurulu\u015flar\u0131n\u0131n y\u00f6neticileri ile \u00f6nde gelen \u00fcniversitelerin, politika merkezlerinin ve d\u00fc\u015f\u00fcnce kurulu\u015flar\u0131n\u0131n temsilcileri kat\u0131ld\u0131.<\/p>\n<p><img loading=\"lazy\" class=\"alignright wp-image-104956\" src=\"https:\/\/www.enerjigazetesi.ist\/wp-content\/uploads\/2019\/12\/10uncu-iicec-konferansi-enerji-dunyasini-bir-araya-getirdi.jpg\" alt=\"\" width=\"320\" height=\"214\" srcset=\"https:\/\/www.enerjigazetesi.ist\/wp-content\/uploads\/2019\/12\/10uncu-iicec-konferansi-enerji-dunyasini-bir-araya-getirdi.jpg 731w, https:\/\/www.enerjigazetesi.ist\/wp-content\/uploads\/2019\/12\/10uncu-iicec-konferansi-enerji-dunyasini-bir-araya-getirdi-300x200.jpg 300w, https:\/\/www.enerjigazetesi.ist\/wp-content\/uploads\/2019\/12\/10uncu-iicec-konferansi-enerji-dunyasini-bir-araya-getirdi-500x334.jpg 500w, https:\/\/www.enerjigazetesi.ist\/wp-content\/uploads\/2019\/12\/10uncu-iicec-konferansi-enerji-dunyasini-bir-araya-getirdi-75x50.jpg 75w, https:\/\/www.enerjigazetesi.ist\/wp-content\/uploads\/2019\/12\/10uncu-iicec-konferansi-enerji-dunyasini-bir-araya-getirdi-450x300.jpg 450w\" sizes=\"(max-width: 320px) 100vw, 320px\" \/>IICEC Enerji Konferans\u0131\u2019n\u0131n a\u00e7\u0131l\u0131\u015f\u0131nda <strong>konu<\/strong><strong>\u015f<\/strong><strong>an Sabanc<\/strong><strong>\u0131<\/strong> <strong>\u00dc<\/strong><strong>niversitesi Kurucu M<\/strong><strong>\u00fc<\/strong><strong>tevelli Heyeti Ba<\/strong><strong>\u015f<\/strong><strong>kan<\/strong><strong>\u0131<\/strong><strong> G<\/strong><strong>\u00fc<\/strong><strong>ler Sabanc<\/strong><strong>\u0131<\/strong><strong>, \u201c<\/strong>Sabanc\u0131 \u00dcniversitesi\u2019nin 20&#8217;inci y\u0131l\u0131nda \u2018Uluslararas\u0131 Ara\u015ft\u0131rma Merkezi\u2019 kimli\u011fine yak\u0131\u015f\u0131r \u015fekilde bug\u00fcn IICEC\u2019in 10. konferans\u0131n\u0131 ger\u00e7ekle\u015ftiriyoruz\u201d dedi<strong>. <\/strong>Stratejik \u00f6nem ta\u015f\u0131yan e<strong>nerji sekt\u00f6r\u00fcn\u00fcn ba<\/strong><strong>\u015f<\/strong><strong>ta Enerji Bakanl<\/strong><strong>\u0131\u011f\u0131<\/strong><strong> olmak <\/strong><strong>\u00fc<\/strong><strong>zere t<\/strong><strong>\u00fc<\/strong><strong>m d<\/strong><strong>\u00fc<\/strong><strong>zenleyici ve karar al<\/strong><strong>\u0131<\/strong><strong>c<\/strong><strong>\u0131<\/strong><strong> kurumlar<\/strong><strong>\u0131<\/strong><strong>n ad<\/strong><strong>\u0131<\/strong><strong>mlar<\/strong><strong>\u0131<\/strong><strong>n<\/strong><strong>\u0131<\/strong><strong>n kritik bir <\/strong><strong>\u00f6<\/strong><strong>neme sahip oldu<\/strong><strong>\u011f<\/strong><strong>unu hat<\/strong><strong>\u0131<\/strong><strong>rlatan G\u00fcler Sabanc<\/strong><strong>\u0131<\/strong><strong>, <\/strong><strong>\u015f<\/strong><strong>unlar<\/strong><strong>\u0131<\/strong><strong> s<\/strong><strong>\u00f6<\/strong><strong>yledi: <\/strong><strong>\u201c<\/strong><strong>Elektrik sekt<\/strong><strong>\u00f6<\/strong><strong>r<\/strong><strong>\u00fc<\/strong><strong>nde 100 milyar dolar<\/strong><strong>\u0131<\/strong><strong> a<\/strong><strong>\u015f<\/strong><strong>an yat<\/strong><strong>\u0131<\/strong><strong>r<\/strong><strong>\u0131<\/strong><strong>mlarla kurulu g<\/strong><strong>\u00fc<\/strong><strong>c<\/strong><strong>\u00fc<\/strong><strong>m\u00fcz\u00fcn yakla<\/strong><strong>\u015f\u0131<\/strong><strong>k 3 kat artmas<\/strong><strong>\u0131<\/strong><strong>, yenilenebilir enerji alan<\/strong><strong>\u0131<\/strong><strong>nda YEKA modeliyle yap<\/strong><strong>\u0131<\/strong><strong>lan at<\/strong><strong>\u0131<\/strong><strong>l<\/strong><strong>\u0131<\/strong><strong>mlar, elektrik <\/strong><strong>\u00fc<\/strong><strong>retiminde yerli kaynak pay<\/strong><strong>\u0131<\/strong><strong>nda sa<\/strong><strong>\u011f<\/strong><strong>lad<\/strong><strong>\u0131\u011f\u0131<\/strong><strong>m<\/strong><strong>\u0131<\/strong><strong>z g<\/strong><strong>\u00fc\u00e7<\/strong><strong>l<\/strong><strong>\u00fc<\/strong><strong> art<\/strong><strong>\u0131\u015f<\/strong><strong> ve operasyonel m<\/strong><strong>\u00fc<\/strong><strong>kemmellik ve arz kalitesi kazan<\/strong><strong>\u0131<\/strong><strong>mlar<\/strong><strong>\u0131<\/strong><strong>, sekt<\/strong><strong>\u00f6<\/strong><strong>r<\/strong><strong>\u00fc<\/strong><strong>m<\/strong><strong>\u00fc<\/strong><strong>z<\/strong><strong>\u00fc<\/strong><strong>n gelece<\/strong><strong>\u011f<\/strong><strong>i i<\/strong><strong>\u00e7<\/strong><strong>in son derece <\/strong><strong>\u00f6<\/strong><strong>nemli geli<\/strong><strong>\u015f<\/strong><strong>meler olmu<\/strong><strong>\u015f<\/strong><strong>tur. Ancak elbette hala gidecek yolumuz var.<\/strong><strong>\u201d<\/strong><\/p>\n<p>\u201cTeknolojinin etkisiyle h\u0131zla d\u00f6n\u00fc\u015fen bir enerji ekosistemine do\u011fru ilerliyoruz\u201d diyen <strong>G\u00fcler Sabanc<\/strong><strong>\u0131<\/strong><strong>, s\u00f6zlerini <\/strong><strong>\u015f<\/strong><strong>\u00f6<\/strong><strong>yle s<\/strong><strong>\u00fc<\/strong><strong>rd<\/strong><strong>\u00fc<\/strong><strong>rd<\/strong><strong>\u00fc<\/strong><strong>: <\/strong><strong>\u201c<\/strong><strong>Ancak de<\/strong><strong>\u011f<\/strong><strong>i<\/strong><strong>\u015f<\/strong><strong>meyen bir unsur var: <\/strong><strong>\u0130<\/strong><strong>nsan. <\/strong>\u00dclkemizde enerji denildi\u011finde, 500 binin \u00fczerinde \u00e7al\u0131\u015fan\u0131, kamu kurumlar\u0131, \u00f6zel sekt\u00f6r, STK ve \u00fcniversiteleri ile \u00e7ok geni\u015f bir ekosistemden bahsediyoruz. Dolay\u0131s\u0131yla, gelecek i\u00e7in en \u00f6nemli de\u011ferimiz, \u201cyeti\u015fmi\u015f insan kayna\u011f\u0131m\u0131z\u201dd\u0131r. Bu noktada, pek \u00e7ok alanda oldu\u011fu gibi enerjide de <strong>kamu-sanayi-\u00fcniversite i\u015fbirliklerini<\/strong> \u00e7ok \u00f6nemsiyoruz. Bu bak\u0131\u015f a\u00e7\u0131s\u0131 ile IICEC, <strong>\u201c\u00fc\u00e7l\u00fc sac aya\u011f\u0131\u201d modeli<\/strong> \u00fczerinde \u00e7al\u0131\u015fmalar\u0131na devam ediyor. Buna <strong>\u201cBa\u015far\u0131 \u00dc\u00e7geni\u201d<\/strong> de diyebiliriz. \u00d6n\u00fcm\u00fczdeki d\u00f6nemde de y\u00fcksek katma de\u011ferli, <strong>bilgi ve teknoloji yo\u011fun proje ve i\u015fbirliklerine<\/strong> odaklanmay\u0131 s\u00fcrd\u00fcrece\u011fiz. Sekt\u00f6r\u00fcm\u00fcz\u00fc,<strong> enerji kaynaklar\u0131m\u0131z\u0131n yan\u0131 s\u0131ra<\/strong> insan kaynaklar\u0131m\u0131z\u0131 ve teknolojiyi de daha etkin \u015fekilde kullanarak, daha iyi bir gelece\u011fe ta\u015f\u0131mal\u0131y\u0131z.\u201d<\/p>\n<h2><strong>ENERJ<\/strong><strong>\u0130<\/strong><strong> BAKANI: YEN<\/strong><strong>\u0130<\/strong><strong>LENEB<\/strong><strong>\u0130<\/strong><strong>L<\/strong><strong>\u0130<\/strong><strong>R ENERJ<\/strong><strong>\u0130<\/strong><strong>DE YEN<\/strong><strong>\u0130<\/strong><strong> STRATEJ<\/strong><strong>\u0130<\/strong><strong>LER <\/strong><strong>\u0130<\/strong><strong>ZL<\/strong><strong>\u0130<\/strong><strong>YORUZ<\/strong><\/h2>\n<p>Toplant\u0131n\u0131n onur konu\u011fu <strong>Enerji ve Tabii Kaynaklar Bakan<\/strong><strong>\u0131<\/strong><strong> Fatih D<\/strong><strong>\u00f6<\/strong><strong>nmez<\/strong> de, d\u00fcnyada k\u00f6m\u00fcr t\u00fcketiminin de artt\u0131\u011f\u0131n\u0131 ve <strong>temiz k\u00f6m\u00fcr teknolojileri<\/strong> konusunda da daha fazla <strong>Ar-Ge yap\u0131lmas\u0131<\/strong> gerekti\u011fini s\u00f6yledi. <strong>Bakan D\u00f6nmez<\/strong>, T\u00fcrkiye&#8217;nin <strong>do\u011fal gaz altyap\u0131s\u0131n\u0131<\/strong> ise ciddi bir \u015fekilde geli\u015ftirdi\u011fini belirterek, \u015f\u00f6yle konu\u015ftu: &#8220;T\u00fcrkiye, \u00fc\u00e7 adet y\u00fczer <strong>s\u0131v\u0131la\u015ft\u0131r\u0131lm\u0131\u015f do\u011fal gaz (LNG) terminali<\/strong> ve iki k\u0131y\u0131 terminali, depolama noktalar\u0131 ve her noktadan do\u011fal gaz giri\u015fiyle co\u011frafyas\u0131ndaki do\u011fal enerji merkezidir. Enerji merkezlerinin en \u00f6nemli \u00f6zellikleri de yat\u0131r\u0131mc\u0131lara risklerini kontrol edebilecekleri ara\u00e7lar\u0131 vermesidir. <strong>Enerji Piyasalar\u0131 \u0130\u015fletme A\u015e<\/strong> de bu ara\u00e7lar\u0131 h\u0131zla devreye alacak. B\u00f6ylece T\u00fcrkiye do\u011fal gaz piyasas\u0131 daha fazla oyuncunun yer ald\u0131\u011f\u0131 bir piyasa haline gelecek ve sadece kendisine de\u011fil b\u00f6lge halklar\u0131n\u0131n refah\u0131na da yat\u0131r\u0131m yapacak.\u201d<\/p>\n<p>Bakan D\u00f6nmez ayr\u0131ca, \u201cEnerjide tam anlam\u0131yla bir merkez \u00fclke olmak i\u00e7in enerjinin sadece transfer edildi\u011fi de\u011fil, ayn\u0131 zamanda fiyatland\u0131r\u0131lmas\u0131n\u0131n yap\u0131ld\u0131\u011f\u0131, pazar\u0131n geli\u015fimine y\u00f6n veren, serbest piyasa \u015fartlar\u0131 i\u00e7erisinde daha fazla al\u0131c\u0131 ve sat\u0131c\u0131n\u0131n bir araya geldi\u011fi <strong>geli\u015fmi\u015f bir enerji altyap\u0131s\u0131na sahip olmak<\/strong> zorunday\u0131z&#8221; dedi.<\/p>\n<p>Bakan D\u00f6nmez, \u015f\u00f6yle konu\u015ftu: &#8220;T\u00fcm sistemin kalbi olan <strong>fiyatlama mekanizmas\u0131<\/strong> do\u011fru \u00e7al\u0131\u015fmazsa sistem hareket edemez. Bu sebeple <strong>elektrik piyasalar\u0131n\u0131n da bir d\u00f6n\u00fc\u015f\u00fcme<\/strong> ihtiyac\u0131 var. T\u00fcrkiye teknolojiyi alan ve kullanan de\u011fil, \u00fcreten ve ihra\u00e7 eden bir ekosistemi in\u015fa etmek zorunda. Bu arada bir bilgi vermek istiyorum. &#8216;Ben <strong>elektri\u011fimi tamamen yenilenebilir enerji kaynaklar\u0131ndan<\/strong> \u00fcretilen elektrikten kullanmak istiyorum&#8217; diyen t\u00fcketicilerimiz i\u00e7in yeni bir tarife modeli \u00e7al\u0131\u015fmas\u0131n\u0131 ba\u015flatt\u0131k. Bu tarifeyle vatanda\u015flar\u0131m\u0131z istedikleri takdirde sadece yenilenebilir enerji t\u00fcketebilecek.&#8221;<\/p>\n<h2><strong>T\u00dcS<\/strong><strong>\u0130<\/strong><strong>AD: YEN<\/strong><strong>\u0130<\/strong><strong> POL<\/strong><strong>\u0130<\/strong><strong>T<\/strong><strong>\u0130<\/strong><strong>KA ODA<\/strong><strong>\u011e<\/strong><strong>IMIZI VER<\/strong><strong>\u0130<\/strong><strong>ML<\/strong><strong>\u0130<\/strong><strong> B<\/strong><strong>\u00dc<\/strong><strong>Y<\/strong><strong>\u00dc<\/strong><strong>MEYE <\/strong><strong>\u00c7<\/strong><strong>EV<\/strong><strong>\u0130<\/strong><strong>RMEL<\/strong><strong>\u0130<\/strong><strong>Y<\/strong><strong>\u0130<\/strong><strong>Z<\/strong><\/h2>\n<p><strong>T\u00dcS<\/strong><strong>\u0130<\/strong><strong>AD Y<\/strong><strong>\u00f6<\/strong><strong>netim Kurulu Ba<\/strong><strong>\u015f<\/strong><strong>kan<\/strong><strong>\u0131<\/strong><strong> Simone Kaslowski<\/strong> ise \u201cYeni politika oda\u011f\u0131m\u0131z\u0131 verimli b\u00fcy\u00fcmeye \u00e7evirmeliyiz\u201d diyerek, \u015funlar\u0131 s\u00f6yledi:<\/p>\n<p>\u201c\u00d6n\u00fcm\u00fczdeki d\u00f6nemin hedeflerini<strong> arz g\u00fcvenli\u011fi<\/strong> yan\u0131 s\u0131ra <strong>s\u00fcrd\u00fcr\u00fclebilirlik<\/strong>, <strong>verimlilik, kaynak optimizasyonu, \u00e7evreye uyumluluk ve g\u00fc\u00e7l\u00fc altyap\u0131<\/strong> olarak konumland\u0131rmal\u0131y\u0131z. Sekt\u00f6rdeki mevcut yat\u0131r\u0131mlar\u0131n s\u00fcrd\u00fcr\u00fclebilirli\u011fi ve yeni yat\u0131r\u0131mc\u0131lara g\u00fcvenilir bir yat\u0131r\u0131m ortam\u0131 sunmak i\u00e7in 4 ana odak noktas\u0131n\u0131 \u00f6nermek isteriz: <strong>Elektrik Piyasas\u0131 Kanunu<\/strong> ve <strong>11&#8217;inci Kalk\u0131nma Plan\u0131 hedeflerine<\/strong> uygun olarak \u00f6ng\u00f6r\u00fclebilirli\u011fi engelleyen fakt\u00f6rleri h\u0131zla ortadan kald\u0131rmal\u0131y\u0131z. Piyasalarda rekabetin \u00f6n\u00fcn\u00fc a\u00e7acak ve t\u00fcketicilere fayda sa\u011flayacak uygulamalar\u0131n \u00f6n\u00fcn\u00fc daha da a\u00e7mal\u0131y\u0131z. <strong>Yenilenebilir enerji d\u00f6n\u00fc\u015f\u00fcm\u00fcn\u00fc<\/strong> destekleyecek mekanizmalar\u0131, daha h\u0131zl\u0131 hayata ge\u00e7irmeliyiz. Sekt\u00f6rde \u00f6ng\u00f6r\u00fclebilirli\u011fi art\u0131rmal\u0131y\u0131z.\u201d<\/p>\n<h2><strong> FAT<\/strong><strong>\u0130<\/strong><strong>H B<\/strong><strong>\u0130<\/strong><strong>ROL: ENERJ<\/strong><strong>\u0130<\/strong><strong>DE BOLLUK D<\/strong><strong>\u00d6<\/strong><strong>NEM<\/strong><strong>\u0130<\/strong><strong>NE G<\/strong><strong>\u0130<\/strong><strong>R<\/strong><strong>\u0130<\/strong><strong>YORUZ<\/strong><\/h2>\n<p>Enerji sekt\u00f6r\u00fcn\u00fc bulu\u015fturan toplant\u0131da, <strong>D\u00fcnya Enerji G\u00f6r\u00fcn\u00fcm\u00fc 2019 Raporu<\/strong>\u2019nun sonu\u00e7lar\u0131n\u0131 kat\u0131l\u0131mc\u0131larla payla\u015fan <strong>Uluslararas<\/strong><strong>\u0131<\/strong><strong> Enerji Ajans<\/strong><strong>\u0131<\/strong><strong> Ba<\/strong><strong>\u015f<\/strong><strong>kan<\/strong><strong>\u0131<\/strong><strong> Dr. Fatih Birol\u00ad,<\/strong> \u201cK\u00fcresel enerji sekt\u00f6r\u00fcnde \u015fu andaki en \u00f6nemli ba\u015fl\u0131\u011f\u0131n enerji bollu\u011fu oldu\u011funu s\u00f6yledi. <strong>Dr. Fatih Birol,<\/strong> &#8220;Petrol, do\u011fal gaz, k\u00f6m\u00fcr ve di\u011fer kaynaklar olmak \u00fczere enerjide bolluk d\u00f6nemine giriyoruz. B\u00f6yle bir d\u00f6nemde, karar al\u0131c\u0131lar\u0131n <strong>enerjiyi makul fiyatlarla ve \u00e7evreye en az zararla<\/strong> nas\u0131l vatanda\u015fa ula\u015ft\u0131raca\u011f\u0131n\u0131 belirlemesi gerekiyor. \u00c7\u00fcnk\u00fc ucuz enerji kayna\u011f\u0131 her zaman \u00e7evreye duyarl\u0131 olmuyor, \u00e7evreye duyarl\u0131 olan da pahal\u0131 olabiliyor&#8221; dedi. <strong>Dr. Birol<\/strong>, enerji bollu\u011funun yan\u0131 s\u0131ra k\u00fcresel enerji sekt\u00f6r\u00fcnde ciddi \u00e7eli\u015fkiler oldu\u011funa dikkati \u00e7ekerek, konu\u015fmas\u0131n\u0131 <span style=\"text-decoration: underline;\">\u015f\u00f6yle devam ettirdi:<\/span><\/p>\n<p>&#8220;Bunlardan ilki petrol piyasalar\u0131nda. <strong>2019&#8217;da Venezuela petrol \u00fcretiminde<\/strong> \u00e7ok b\u00fcy\u00fck d\u00fc\u015f\u00fc\u015fe ge\u00e7ti, \u0130ran&#8217;\u0131n ihracat\u0131 yapt\u0131r\u0131mlar sebebiyle neredeyse s\u0131f\u0131rland\u0131. Suudi Arabistan&#8217;a \u00e7ok ciddi bir sald\u0131r\u0131 oldu. Bunun gibi bir\u00e7ok soruna ra\u011fmen petrol fiyatlar\u0131<strong> 60 dolar seviyesinde<\/strong> kald\u0131. <strong>Petrol \u0130hra\u00e7 Edenler \u00d6rg\u00fct\u00fc&#8217;n\u00fcn (OPEC)<\/strong> Viyana&#8217;daki toplant\u0131s\u0131ndan sonra da fiyatlarda bir de\u011fi\u015fiklik olmad\u0131 \u00e7\u00fcnk\u00fc OPEC ve Rusya&#8217;n\u0131n <strong>petrol \u00fcretimindeki<\/strong> pay\u0131 h\u0131zl\u0131 bir \u015fekilde azal\u0131yor. Bu y\u00fczden, d\u00fcnya petrol piyasalar\u0131nda fiyatlar\u0131 dikte etme kabiliyetlerinde \u00e7ok ciddi bir d\u00fc\u015f\u00fc\u015f var. Bu durum d\u00fcnya ekonomisi ve T\u00fcrkiye gibi ithalat\u0131 y\u00fcksek olan \u00fclkeler i\u00e7in \u00e7ok iyi geli\u015fme ama bir \u00e7eli\u015fki. Bir di\u011fer \u00e7eli\u015fki de iklim de\u011fi\u015fikli\u011fi konusunda g\u00f6r\u00fcld\u00fc. <strong>Enerji sekt\u00f6r\u00fc iklim de\u011fi\u015fikli\u011fine sebep olan<\/strong> emisyonlar\u0131n y\u00fczde 80&#8217;inden sorumlu. Herkesin elektri\u011fi olmas\u0131 insan hakk\u0131 kabul edilirken, d\u00fcnyada <strong>850 milyon insan\u0131n<\/strong> hali haz\u0131rda elektri\u011fi yok. Bu da bir ba\u015fka \u00e7eli\u015fki.\u201d<\/p>\n<p><strong>\u0130klim de\u011fi\u015fikli\u011fiyle m\u00fccadele<\/strong> i\u00e7in yap\u0131lan ara\u015ft\u0131rmalar ve al\u0131nan kararlara ra\u011fmen 2015&#8217;teki <strong>Paris \u0130klim Zirvesi&#8217;nden<\/strong> bug\u00fcne emisyonlar\u0131n giderek artt\u0131\u011f\u0131na i\u015faret eden<strong> Birol<\/strong>, &#8220;Karbondioksit emisyonlar\u0131 tarihi bir seviyede \u015fu anda. Ayn\u0131 \u015fekilde, enerji verimlili\u011fi herkesin hem fikir oldu\u011fu bir konu ama 2018&#8217;de<strong> enerji verimlili\u011fi art\u0131\u015f\u0131<\/strong> son <strong>10 y\u0131l\u0131n en k\u00f6t\u00fc d\u00f6nemini<\/strong> ge\u00e7irdi. S\u0131cakl\u0131k art\u0131\u015f\u0131n\u0131n 2 derecenin alt\u0131nda tutulabilmesi i\u00e7in daha fazla <strong>yenilenebilir enerji, enerji verimlili\u011fi, n\u00fckleer ve hidrojen yat\u0131r\u0131m\u0131n\u0131n yap\u0131lmas\u0131<\/strong> gerekiyor\u201d dedi.<\/p>\n<h2><strong>D\u00dcNYA ENERJ<\/strong><strong>\u0130<\/strong><strong> G<\/strong><strong>\u00d6<\/strong><strong>R<\/strong><strong>\u00dc<\/strong><strong>N<\/strong><strong>\u00dc<\/strong><strong>M<\/strong><strong>\u00dc<\/strong><strong> 2019 Y<\/strong><strong>\u00d6<\/strong><strong>NET<\/strong><strong>\u0130<\/strong><strong>C<\/strong><strong>\u0130<\/strong> <strong>\u00d6<\/strong><strong>ZET<\/strong><strong>\u0130<\/strong><strong>NDEN NOTLAR<\/strong><\/h2>\n<h2><strong>Dr. Fatih Birol, D\u00fcnya Enerji G\u00f6r\u00fcn\u00fcm\u00fc 2019 ile ilgili de <\/strong><strong>\u015f<\/strong><strong>u bilgileri payla<\/strong><strong>\u015f<\/strong><strong>t<\/strong><strong>\u0131<\/strong><strong>:<\/strong><\/h2>\n<p><strong>A\u00e7<\/strong><strong>\u0131<\/strong><strong>klanm<\/strong><strong>\u0131\u015f<\/strong><strong> Politikalar Senaryosunda, enerji talebi 2040&#8217;a kadar y<\/strong><strong>\u0131<\/strong><strong>lda %1 art<\/strong><strong>\u0131\u015f<\/strong><strong> g<\/strong><strong>\u00f6<\/strong><strong>steriyor. <\/strong>Bu b\u00fcy\u00fcmenin yar\u0131s\u0131ndan fazlas\u0131n\u0131, <strong>fotovoltaik (PV) h\u00fccreler<\/strong> \u00f6nc\u00fcl\u00fc\u011f\u00fcnde d\u00fc\u015f\u00fck karbonlu kaynaklar sa\u011flarken, s\u0131v\u0131la\u015ft\u0131r\u0131lm\u0131\u015f <strong>do\u011falgaz (LNG) ticaretindeki<\/strong> art\u0131\u015ftan faydalanan do\u011falgaz da bu b\u00fcy\u00fcmenin \u00fc\u00e7te birini olu\u015fturmaktad\u0131r. Petrol talebi 2030&#8217;da yatay seyre ge\u00e7erken k\u00f6m\u00fcr kullan\u0131m\u0131 azalmaya ba\u015fl\u0131yor. Ba\u015fta elektrik olmak \u00fczere <strong>\u00e7e\u015fitli enerji sekt\u00f6rleri h\u0131zl\u0131 d\u00f6n\u00fc\u015f\u00fcmden<\/strong> ge\u00e7iyor.<\/p>\n<p><strong>S\u00fcrd\u00fcr\u00fclebilir Kalk<\/strong><strong>\u0131<\/strong><strong>nma Senaryosu, s\u00fcrd\u00fcr\u00fclebilir enerji hedeflerinin tam olarak ba<\/strong><strong>\u015f<\/strong><strong>ar<\/strong><strong>\u0131<\/strong><strong>labilmesi i<\/strong><strong>\u00e7<\/strong><strong>in bir yol sunarken, enerji sisteminin t<\/strong><strong>\u00fc<\/strong><strong>m<\/strong><strong>\u00fc<\/strong><strong>nde h<\/strong><strong>\u0131<\/strong><strong>zl<\/strong><strong>\u0131<\/strong><strong> ve yayg<\/strong><strong>\u0131<\/strong><strong>n de<\/strong><strong>\u011f<\/strong><strong>i<\/strong><strong>\u015f<\/strong><strong>imi gerekli k<\/strong><strong>\u0131<\/strong><strong>l<\/strong><strong>\u0131<\/strong><strong>yor. <\/strong>Bu senaryo, k\u00fcresel s\u0131cakl\u0131k art\u0131\u015f\u0131n\u0131 \u201c2\u00b0C&#8217;nin \u00e7ok alt\u0131nda tutup, 1.5\u00b0C ile s\u0131n\u0131rland\u0131rman\u0131n yollar\u0131n\u0131 arayarak\u201d <strong>Paris Anla\u015fmas\u0131&#8217;n\u0131n \u00e7izdi\u011fi<\/strong> yolda ilerleyerek; k\u00fcresel enerji eri\u015fimi ile daha temiz \u00e7evreyi hedef edinir. D\u00fcnyan\u0131n enerji ihtiyac\u0131n\u0131n geni\u015fli\u011fi nedeniyle, tek veya basit bir \u00e7\u00f6z\u00fcmden s\u00f6z edilemez. Farkl\u0131 yak\u0131tlar ve teknolojilerin herkese verimli ve d\u00fc\u015f\u00fck maliyetli enerji hizmetleri sa\u011flamas\u0131 sayesinde, emisyonda ciddi bir d\u00fc\u015f\u00fc\u015f elde edilebilir.<\/p>\n<p><strong>Enerji sekt\u00f6r\u00fcndeki b\u00fcy\u00fck hareketlilik, enerji g\u00fcvenli<\/strong><strong>\u011f<\/strong><strong>ine kapsaml<\/strong><strong>\u0131<\/strong><strong> ve dinamik bir yakla<\/strong><strong>\u015f\u0131<\/strong><strong>m<\/strong><strong>\u0131<\/strong><strong>n <\/strong><strong>\u00f6<\/strong><strong>nemini g<\/strong><strong>\u00f6<\/strong><strong>steriyor.<\/strong> Daha s\u0131cak yazlar ve daha so\u011fuk k\u0131\u015flar ve buna ba\u011fl\u0131 \u0131s\u0131tma ve so\u011futma ihtiyac\u0131ndaki art\u0131\u015f nedeniyle 2018&#8217;de k\u00fcresel enerji kullan\u0131m\u0131nda %20\u2019lik bir art\u0131\u015f ya\u015fand\u0131.<\/p>\n<p><strong>ABD&#8217;nin kaya gaz ve petrol \u00fcretimi, k\u00fcresel pazar<\/strong><strong>\u0131<\/strong><strong>, ticaret ak<\/strong><strong>\u0131\u015f\u0131<\/strong><strong>n<\/strong><strong>\u0131<\/strong><strong> ve g<\/strong><strong>\u00fc<\/strong><strong>venli<\/strong><strong>\u011f<\/strong><strong>i <\/strong><strong>\u015f<\/strong><strong>ekillendiriyor. <\/strong>2025 itibariyle ABD&#8217;nin toplam kaya yak\u0131t\u0131 (petrol ve gaz i\u00e7in) \u00fcretimi, Rusya&#8217;n\u0131n toplam petrol ve gaz \u00fcretimini geride b\u0131rakacak.<\/p>\n<p><strong>ABD&#8217;deki \u00fcretim art<\/strong><strong>\u0131\u015f\u0131<\/strong><strong>, toplam petrol <\/strong><strong>\u00fc<\/strong><strong>retiminde OPEC <\/strong><strong>\u00fc<\/strong><strong>lkeleri ve Rusya&#8217;n<\/strong><strong>\u0131<\/strong><strong>n pay<\/strong><strong>\u0131<\/strong><strong>n<\/strong><strong>\u0131<\/strong><strong> d<\/strong><strong>\u00fc<\/strong><strong>\u015f<\/strong><strong>\u00fc<\/strong><strong>r<\/strong><strong>\u00fc<\/strong><strong>yor. <\/strong>Bu oran, 2000&#8217;lerin ortalar\u0131nda %55 iken 2030&#8217;da %47&#8217;ye d\u00fc\u015f\u00fcyor; bu durum, petrol piyasas\u0131ndaki \u015fartlar\u0131 y\u00f6netmeye y\u00f6nelik \u00e7abalar\u0131n ciddi diren\u00e7le kar\u015f\u0131la\u015fmas\u0131 demek. D\u00fcnyan\u0131n \u00f6nde gelen \u00fcreticilerinin hidrokarbon gelirleri \u00fczerindeki bask\u0131lar, ekonomilerini \u00e7e\u015fitlendirme \u00e7abalar\u0131n\u0131n \u00f6nemini de vurguluyor.<\/p>\n<h2><strong>Enerji sistemi hangi yolu takip ederse etsin, Ortado<\/strong><strong>\u011f<\/strong><strong>u<\/strong><strong>\u2019<\/strong><strong>nun petrol arz<\/strong><strong>\u0131<\/strong><strong>na ba<\/strong><strong>\u011f\u0131<\/strong><strong>ml<\/strong><strong>\u0131<\/strong><strong>l<\/strong><strong>\u0131\u011f\u0131<\/strong><strong> devam ediyor. <\/strong><\/h2>\n<p><strong>Yenilenebilirde maliyet d\u00fc<\/strong><strong>\u015f<\/strong><strong>\u00fc<\/strong><strong>\u015f<\/strong><strong>\u00fc<\/strong><strong> ve dijital teknolojilerdeki ilerlemeler, enerji d<\/strong><strong>\u00f6<\/strong><strong>n<\/strong><strong>\u00fc<\/strong><strong>\u015f<\/strong><strong>\u00fc<\/strong><strong>m<\/strong><strong>\u00fc<\/strong><strong>ne ili<\/strong><strong>\u015f<\/strong><strong>kin b<\/strong><strong>\u00fc<\/strong><strong>y<\/strong><strong>\u00fc<\/strong><strong>k f<\/strong><strong>\u0131<\/strong><strong>rsatlar<\/strong><strong>\u0131<\/strong><strong>n yan<\/strong><strong>\u0131<\/strong><strong> s<\/strong><strong>\u0131<\/strong><strong>ra, yeni enerji a<\/strong><strong>\u00e7<\/strong><strong>mazlar<\/strong><strong>\u0131<\/strong><strong> da do<\/strong><strong>\u011f<\/strong><strong>urmaktad<\/strong><strong>\u0131<\/strong><strong>r. <\/strong>Politika yap\u0131c\u0131lar\u0131n ve d\u00fczenleyici kurumlar\u0131n, teknolojideki de\u011fi\u015fime ve elektrik sistemlerinin esnek i\u015fletimine y\u00f6nelik giderek artan ihtiyaca yeti\u015fmek i\u00e7in h\u0131zl\u0131 hareket etmesi gerekiyor.<\/p>\n<p><strong><em>WEO-2019&#8242;<\/em><\/strong><strong>un \u00f6zel oda<\/strong><strong>\u011f\u0131<\/strong><strong>nda olan Afrika, d<\/strong><strong>\u00fc<\/strong><strong>nya enerji trendinde giderek n\u00fcfuz sahibi oluyor. <\/strong>A\u00e7\u0131klanm\u0131\u015f Politikalar Senaryosuna g\u00f6re, Afrika&#8217;n\u0131n petrol t\u00fcketiminde 2040&#8217;a kadarki art\u0131\u015f\u0131, \u00c7in&#8217;in art\u0131\u015f\u0131n\u0131 geride b\u0131rak\u0131rken, son y\u0131llardaki ke\u015fiflerin \u00f6nc\u00fcl\u00fc\u011f\u00fcnde Afrika do\u011falgazda da b\u00fcy\u00fck ilerleme kaydediyor. G\u00fcne\u015f enerjisi, bug\u00fcn Afrika&#8217;da <strong>elektri\u011fe eri\u015fimi olmayan<\/strong> 600 milyon ki\u015finin \u00e7o\u011funa elektrik ula\u015ft\u0131rman\u0131n en ucuz yolu.<\/p>\n<p><strong>Afrika&#8217;n<\/strong><strong>\u0131<\/strong><strong>n kent n<\/strong><strong>\u00fc<\/strong><strong>fusuna 2040&#8217;a kadar yar<\/strong><strong>\u0131<\/strong><strong>m milyardan fazla ki<\/strong><strong>\u015f<\/strong><strong>i eklenece<\/strong><strong>\u011f<\/strong><strong>i d<\/strong><strong>\u00fc<\/strong><strong>\u015f<\/strong><strong>\u00fc<\/strong><strong>n<\/strong><strong>\u00fc<\/strong><strong>l<\/strong><strong>\u00fc<\/strong><strong>yor. <\/strong>Afrika&#8217;n\u0131n en s\u0131cak b\u00f6lgelerinde beklenen n\u00fcfus art\u0131\u015f\u0131 nedeniyle, 2040&#8217;a kadar yar\u0131m milyara yak\u0131n ki\u015finin klima veya ba\u015fka so\u011futma hizmetlerine ihtiyac\u0131 ortaya \u00e7\u0131kacak.<\/p>\n<p><strong>D\u00fcnya \u00e7ap<\/strong><strong>\u0131<\/strong><strong>nda enerji verimlili<\/strong><strong>\u011f<\/strong><strong>ini art<\/strong><strong>\u0131<\/strong><strong>rma h<\/strong><strong>\u0131<\/strong><strong>z<\/strong><strong>\u0131<\/strong><strong>n<\/strong><strong>\u0131<\/strong><strong>n kesilmesi endi<\/strong><strong>\u015f<\/strong><strong>e verici bir geli<\/strong><strong>\u015f<\/strong><strong>me. <\/strong>Is\u0131tma, so\u011futma, ayd\u0131nlatma, ula\u015f\u0131m ve di\u011fer enerji hizmetlerinde art\u0131\u015f ayn\u0131 zamanda meydana geliyor. K\u00fcresel ekonominin enerji yo\u011funlu\u011funda (birim ekonomik faaliyet ba\u015f\u0131na harcanan enerji miktar\u0131) ilerleme ise azal\u0131yor.<\/p>\n<p><strong>Verimlilik art<\/strong><strong>\u0131\u015f\u0131<\/strong><strong>ndaki sert y<\/strong><strong>\u00fc<\/strong><strong>kseli<\/strong><strong>\u015f<\/strong><strong>, d<\/strong><strong>\u00fc<\/strong><strong>nyay<\/strong><strong>\u0131<\/strong><strong> S<\/strong><strong>\u00fc<\/strong><strong>rd<\/strong><strong>\u00fc<\/strong><strong>r<\/strong><strong>\u00fc<\/strong><strong>lebilir Kalk<\/strong><strong>\u0131<\/strong><strong>nma Senaryosuna yakla<\/strong><strong>\u015f<\/strong><strong>t<\/strong><strong>\u0131<\/strong><strong>ran en <\/strong><strong>\u00f6<\/strong><strong>nemli etken.<\/strong> Verimlilikte art\u0131\u015f i\u00e7in ekonomik a\u00e7\u0131dan elveri\u015fli t\u00fcm f\u0131rsatlar\u0131n denenmesi, <strong>k\u00fcresel enerji yo\u011funlu\u011funu<\/strong> her y\u0131l <strong>%3&#8217;ten<\/strong> fazla d\u00fc\u015f\u00fcrebilir.<\/p>\n<p><strong>Asya&#8217;n<\/strong><strong>\u0131<\/strong><strong>n h<\/strong><strong>\u0131<\/strong><strong>zl<\/strong><strong>\u0131<\/strong><strong> b<\/strong><strong>\u00fc<\/strong><strong>y<\/strong><strong>\u00fc<\/strong><strong>yen ekonomilerine elektrik ve <\/strong><strong>\u0131<\/strong><strong>s<\/strong><strong>\u0131<\/strong><strong> sa<\/strong><strong>\u011f<\/strong><strong>lamak i<\/strong><strong>\u00e7<\/strong><strong>in k<\/strong><strong>\u00f6<\/strong><strong>m<\/strong><strong>\u00fc<\/strong><strong>r, do<\/strong><strong>\u011f<\/strong><strong>algaz ve yenilenebilir enerjiler yar<\/strong><strong>\u0131\u015f\u0131<\/strong><strong>yor. <\/strong>Geli\u015fmekte olan Asya \u00fclkelerinin \u00e7o\u011funda k\u00f6m\u00fcr en y\u00fcksek paya sahip.<\/p>\n<p><strong>K\u00fcresel petrol talebindeki art<\/strong><strong>\u0131\u015f<\/strong><strong>, 2025&#8217;ten sonra <\/strong><strong>\u00f6<\/strong><strong>nemli <\/strong><strong>\u00f6<\/strong><strong>l<\/strong><strong>\u00e7\u00fc<\/strong><strong>de yava<\/strong><strong>\u015f<\/strong><strong>lay<\/strong><strong>\u0131<\/strong><strong>p 2030&#8217;larda yatay seyre ge<\/strong><strong>\u00e7<\/strong><strong>iyor. <\/strong>Uzun mesafe kara, deniz ve hava ta\u015f\u0131mac\u0131l\u0131\u011f\u0131 ile petrokimya kaynakl\u0131 petrol talebi artmaya devam ediyor.<\/p>\n<p><strong>T\u00fcketicilerin SUV tercihi, elektrikli otomobillerin getirdi<\/strong><strong>\u011f<\/strong><strong>i yarar<\/strong><strong>\u0131<\/strong><strong> azaltabilir<\/strong>. SUV&#8217;lere g\u00f6sterilen ra\u011fbet bug\u00fcnk\u00fc trend ile artmaya devam ederse, 2040 petrol talebi i\u00e7in g\u00fcnde 2 milyon varil daha eklenmesi gerekebilir.<\/p>\n<p><strong>Elektrik kullan<\/strong><strong>\u0131<\/strong><strong>m<\/strong><strong>\u0131<\/strong><strong>, genel enerji talebinin iki kat<\/strong><strong>\u0131<\/strong><strong>ndan h<\/strong><strong>\u0131<\/strong><strong>zl<\/strong><strong>\u0131<\/strong><strong> b<\/strong><strong>\u00fc<\/strong><strong>y<\/strong><strong>\u00fc<\/strong><strong>yerek modern ekonomilerin tam kalbindeki yerini peki<\/strong><strong>\u015f<\/strong><strong>tiriyor.<\/strong> Son t\u00fcketimde elektri\u011fin petrol\u00fcn yar\u0131s\u0131 kadar olan pay\u0131, 2040&#8217;ta petrol\u00fc ge\u00e7iyor.<\/p>\n<p><strong>G\u00fcne<\/strong><strong>\u015f<\/strong><strong> enerjisi, d<\/strong><strong>\u00fc<\/strong><strong>nyan<\/strong><strong>\u0131<\/strong><strong>n kurulu kapasitesinin en b<\/strong><strong>\u00fc<\/strong><strong>y<\/strong><strong>\u00fc<\/strong><strong>k bile<\/strong><strong>\u015f<\/strong><strong>eni haline geliyor.<\/strong> R\u00fczg\u00e2r ve g\u00fcne\u015f enerjisinden \u00fcretimin yayg\u0131nla\u015fmas\u0131yla, yenilenebilir enerji 2020&#8217;lerin ortas\u0131 itibar\u0131yla elektrik \u00fcretimi gam\u0131nda k\u00f6m\u00fcr\u00fc geride b\u0131rakacak. 2040&#8217;a gelindi\u011finde, <strong>d\u00fc\u015f\u00fck karbonlu kaynaklar<\/strong> toplam elektrik \u00fcretiminin yar\u0131s\u0131ndan fazlas\u0131n\u0131 sa\u011flayacak. <strong>R\u00fczg\u00e2r ve g\u00fcne\u015f enerjisi<\/strong> en y\u00fcksek performans\u0131 g\u00f6sterse de, hidroelektrik (2040&#8217;ta toplam \u00fcretimin %15&#8217;i) ve n\u00fckleer (%8) \u00f6nemli pay sahibi olmaya devam ediyor.<\/p>\n<h2><strong>Ak\u00fc maliyetinin d\u00fc<\/strong><strong>\u015f<\/strong><strong>\u00fc<\/strong><strong>\u015f<\/strong><strong> h<\/strong><strong>\u0131<\/strong><strong>z<\/strong><strong>\u0131<\/strong><strong>, elektrik piyasalar<\/strong><strong>\u0131<\/strong><strong>n<\/strong><strong>\u0131<\/strong><strong>n yan<\/strong><strong>\u0131<\/strong><strong> s<\/strong><strong>\u0131<\/strong><strong>ra elektrikli ara<\/strong><strong>\u00e7<\/strong><strong>lar i<\/strong><strong>\u00e7<\/strong><strong>in de kritik bir de<\/strong><strong>\u011f<\/strong><strong>i<\/strong><strong>\u015f<\/strong><strong>ken.<\/strong><\/h2>\n<p><strong>A\u00e7<\/strong><strong>\u0131<\/strong><strong>k deniz r<\/strong><strong>\u00fc<\/strong><strong>zg<\/strong><strong>\u00e2<\/strong><strong>r enerjisi h<\/strong><strong>\u0131<\/strong><strong>z kazan<\/strong><strong>\u0131<\/strong><strong>yor. <\/strong>Maliyetteki d\u00fc\u015f\u00fc\u015f ve Avrupa&#8217;n\u0131n Kuzey Denizi&#8217;nde edindi\u011fi deneyimler, b\u00fcy\u00fck bir yenilenebilir kayna\u011f\u0131n kap\u0131s\u0131n\u0131 aralamakta. A\u00e7\u0131k deniz r\u00fczg\u00e2r enerjisi, g\u00fcn\u00fcm\u00fcz\u00fcn <strong>elektrik talebini kat kat kar\u015f\u0131layacak<\/strong> teknik potansiyele sahip. Yeni kaynaklar\u0131 ve pazarlar\u0131 ortaya \u00e7\u0131karabilecek <strong>y\u00fczer t\u00fcrbinler<\/strong> gibi yenilikler ise ufukta g\u00f6r\u00fcnmeye ba\u015flad\u0131.<\/p>\n<p><strong>Maliyet a\u00e7<\/strong><strong>\u0131<\/strong><strong>s<\/strong><strong>\u0131<\/strong><strong>ndan giderek rekabet<\/strong><strong>\u00e7<\/strong><strong>i hale gelen a<\/strong><strong>\u00e7<\/strong><strong>\u0131<\/strong><strong>k deniz r<\/strong><strong>\u00fc<\/strong><strong>zg<\/strong><strong>\u00e2<\/strong><strong>r projelerinin 2040&#8217;a kadar bir trilyon dolarl<\/strong><strong>\u0131<\/strong><strong>k yat<\/strong><strong>\u0131<\/strong><strong>r<\/strong><strong>\u0131<\/strong><strong>m<\/strong><strong>\u0131<\/strong> <strong>\u00e7<\/strong><strong>ekmesi bekleniyor. <\/strong>Avrupa&#8217;n\u0131n bu teknolojiyle ba\u015far\u0131s\u0131, \u00c7in ve ABD&#8217;nin yan\u0131 s\u0131ra di\u011fer \u00fclkelerin de dikkatini \u00e7ekti. <strong>S\u00fcrd\u00fcr\u00fclebilir Kalk\u0131nma Senaryosunda<\/strong>, <strong>a\u00e7\u0131k deniz r\u00fczg\u00e2r enerjisi, kara r\u00fczg\u00e2r enerjisinin<\/strong> \u00f6n\u00fcne ge\u00e7erek <strong>Avrupa Birli\u011fi&#8217;nin<\/strong> bir numaral\u0131 elektrik \u00fcretim kayna\u011f\u0131 haline geliyor ve Avrupa elektrik sekt\u00f6r\u00fcn\u00fcn tam karbonsuzla\u015fmas\u0131n\u0131n yolunu a\u00e7\u0131yor.<\/p>\n<p><strong>D\u00fcnyan\u0131n emisyon trendini<\/strong> tersine \u00e7evirmesi i\u00e7in, yeni altyap\u0131n\u0131n yan\u0131 s\u0131ra, mevcut sistemler nedeniyle <strong>&#8220;kemikle\u015fmi\u015f&#8221;<\/strong> emisyonlara da m\u00fcdahale etmesi gerekiyor. A\u00e7\u0131klanm\u0131\u015f Politikalar Senaryosunda, elektrik sekt\u00f6r\u00fcndeki h\u0131zl\u0131 de\u011fi\u015fime ra\u011fmen, elektrik kaynakl\u0131 <strong>y\u0131ll\u0131k karbon sal\u0131m\u0131nda<\/strong> d\u00fc\u015f\u00fc\u015f g\u00f6r\u00fclm\u00fcyor.<\/p>\n<h2><strong>Gaz<\/strong><strong>\u0131<\/strong><strong> neler bekliyor?<\/strong><\/h2>\n<p>Gaz \u015febekeleri, t\u00fcketicilere elektrik ula\u015ft\u0131rmak i\u00e7in kilit bir mekanizma olarak elektrik \u015febekelerinden daha fazla enerji ta\u015f\u0131yor ve de\u011ferli bir esneklik imk\u00e2n\u0131 sunuyor. D\u00fc\u015f\u00fck karbonlu hidrojen hen\u00fcz \u00fcretimi g\u00f6rece pahal\u0131 olsa da yo\u011fun ilgi \u00e7eken bir alan.Organik at\u0131klar ve kal\u0131nt\u0131lardan \u00fcretilen biyometan arz\u0131n\u0131n s\u00fcrd\u00fcr\u00fclebilirlik potansiyeline dair analizlerimize g\u00f6re, bu gaz\u0131n g\u00fcn\u00fcm\u00fcz gaz talebinin %20&#8217;si kadar\u0131n\u0131 kar\u015f\u0131lamas\u0131 m\u00fcmk\u00fcn.<\/p>\n<p>Kaya gaz\u0131 ve g\u00fcne\u015f enerjisinin g\u00f6sterdi\u011fi gibi h\u0131zl\u0131 de\u011fi\u015fim m\u00fcmk\u00fcn, ama bunun h\u0131z\u0131n\u0131 ve y\u00f6n\u00fcn\u00fc h\u00fck\u00fcmetler belirliyor. Kaya gaz\u0131 ve petrol\u00fc devrimi, \u00fcretim ve rafineri alanlar\u0131na yap\u0131lan bir trilyon dolar\u0131 a\u015fk\u0131n yat\u0131r\u0131m ile ABD\u2019nin net ihracat\u00e7\u0131 olmas\u0131n\u0131 ger\u00e7e\u011fe d\u00f6n\u00fc\u015ft\u00fcr\u00fcyor.<\/p>\n<h2><strong>\u201cWorld Energy Outlook\u201d Raporu Nedir? <\/strong><\/h2>\n<p><em>D\u00fcnya liderlerinin enerji alan\u0131ndali ba\u015fucu kitab\u0131 olan\u201cWorld Energy Outlook\u201d Raporu, d\u00fcnya genelinde enerji sekt\u00f6r\u00fcnde en etkin yay\u0131n olarak kabul g\u00f6rmektedir. Uluslararas\u0131 Enerji Ajans\u0131 taraf\u0131ndan her y\u0131l yay\u0131mlanan World Energy Outlook, d\u00fcnya enerji sekt\u00f6r\u00fcn\u00fcn g\u00f6r\u00fcn\u00fcm\u00fc ve \u00f6ne \u00e7\u0131kan dinamikler kapsam\u0131nda, enerji \u00fcretimi, t\u00fcketimi, arz, talep, maliyet, fiyatlar, enerji altyap\u0131s\u0131 ve teknolojileri, emisyonlar ve iklim de\u011fi\u015fikli\u011fi gibi konulara, enerji modellerine dayal\u0131 analitik bir bak\u0131\u015f sunmaktad\u0131r. \u201cWorld Energy Outlook\u201d,her y\u0131l oldu\u011fu gibi bu y\u0131l da, gelece\u011fe y\u00f6nelik farkl\u0131 senaryolar \u00e7er\u00e7evesinde, orta ve uzun vadede enerji sisteminin nas\u0131l d\u00f6n\u00fc\u015febilece\u011fine, enerji sekt\u00f6r\u00fcnde karar vericiler, end\u00fcstri ve enerji t\u00fcketicileri i\u00e7in zorluk ve f\u0131rsatlara, potansiyele ve iyile\u015ftirme alanlar\u0131na dair \u00f6nemli analizler sunuyor.<\/em><\/p>","protected":false},"excerpt":{"rendered":"<p>Sorry, this entry is only available in Turkish. For the sake of viewer convenience, the content is shown below in the alternative language. You may click the link to switch the active language. Kuruldu\u011fu 2010 y\u0131l\u0131ndan itibaren enerji ve iklim alanlar\u0131nda yer alan kilit payda\u015flar\u0131 bir araya getiren Sabanc\u0131 \u00dcniversitesi \u0130stanbul Uluslararas\u0131 Enerji ve \u0130klim [&hellip;]<\/p>\n","protected":false},"author":1,"featured_media":104956,"comment_status":"open","ping_status":"open","sticky":false,"template":"","format":"standard","meta":[],"categories":[46,51,53,52],"tags":[62660,63337,63336,54036,61935,63335,53114,1588,54965,12498,52259,12,818,27530,63338,1049,53157,1023,41159,10921,1967,57990,41938,63340,1918,27138,63341,35718,1075,53369,63339,41548,31016,63343,63344,1748,54979,5873,42999,28070,63342,11483,63016,105],"views":227,"_links":{"self":[{"href":"https:\/\/www.enerjigazetesi.ist\/en\/wp-json\/wp\/v2\/posts\/104954"}],"collection":[{"href":"https:\/\/www.enerjigazetesi.ist\/en\/wp-json\/wp\/v2\/posts"}],"about":[{"href":"https:\/\/www.enerjigazetesi.ist\/en\/wp-json\/wp\/v2\/types\/post"}],"author":[{"embeddable":true,"href":"https:\/\/www.enerjigazetesi.ist\/en\/wp-json\/wp\/v2\/users\/1"}],"replies":[{"embeddable":true,"href":"https:\/\/www.enerjigazetesi.ist\/en\/wp-json\/wp\/v2\/comments?post=104954"}],"version-history":[{"count":0,"href":"https:\/\/www.enerjigazetesi.ist\/en\/wp-json\/wp\/v2\/posts\/104954\/revisions"}],"wp:featuredmedia":[{"embeddable":true,"href":"https:\/\/www.enerjigazetesi.ist\/en\/wp-json\/wp\/v2\/media\/104956"}],"wp:attachment":[{"href":"https:\/\/www.enerjigazetesi.ist\/en\/wp-json\/wp\/v2\/media?parent=104954"}],"wp:term":[{"taxonomy":"category","embeddable":true,"href":"https:\/\/www.enerjigazetesi.ist\/en\/wp-json\/wp\/v2\/categories?post=104954"},{"taxonomy":"post_tag","embeddable":true,"href":"https:\/\/www.enerjigazetesi.ist\/en\/wp-json\/wp\/v2\/tags?post=104954"}],"curies":[{"name":"wp","href":"https:\/\/api.w.org\/{rel}","templated":true}]}}