{"id":104915,"date":"2019-12-19T15:05:52","date_gmt":"2019-12-19T12:05:52","guid":{"rendered":"https:\/\/www.enerjigazetesi.ist\/?p=104915"},"modified":"2019-12-19T15:05:52","modified_gmt":"2019-12-19T12:05:52","slug":"turkiye-de-yenilenebilir-kaynakli-enerji-uretimi-yuzde-41-oraninda-artti","status":"publish","type":"post","link":"https:\/\/www.enerjigazetesi.ist\/en\/turkiye-de-yenilenebilir-kaynakli-enerji-uretimi-yuzde-41-oraninda-artti\/","title":{"rendered":"(Turkish) T\u00fcrkiye\u2019de Yenilenebilir Kaynakl\u0131 Enerji \u00dcretimi % 41 Oran\u0131nda Artt\u0131"},"content":{"rendered":"<p class=\"qtranxs-available-languages-message qtranxs-available-languages-message-en\">Sorry, this entry is only available in <a href=\"https:\/\/www.enerjigazetesi.ist\/tr\/wp-json\/wp\/v2\/posts\/104915\" class=\"qtranxs-available-language-link qtranxs-available-language-link-tr\" title=\"Turkish\">Turkish<\/a>. For the sake of viewer convenience, the content is shown below in the alternative language. You may click the link to switch the active language.<\/p><p><\/p>\n<h1><strong>Enerji Piyasas\u0131 D\u00fczenleme Kurumu (EPDK), elektrik piyasas\u0131 Eyl\u00fcl raporunu a\u00e7\u0131klad\u0131. Raporda \u00f6nceki y\u0131l\u0131n Eyl\u00fcl ay\u0131 ile 2019&#8217;un <img loading=\"lazy\" class=\"alignright wp-image-104917\" src=\"https:\/\/www.enerjigazetesi.ist\/wp-content\/uploads\/2019\/12\/turkiye-de-yenilenebilir-kaynakli-enerji-uretimi-yuzde-41-oraninda-artti.jpg\" alt=\"\" width=\"320\" height=\"240\" srcset=\"https:\/\/www.enerjigazetesi.ist\/wp-content\/uploads\/2019\/12\/turkiye-de-yenilenebilir-kaynakli-enerji-uretimi-yuzde-41-oraninda-artti.jpg 990w, https:\/\/www.enerjigazetesi.ist\/wp-content\/uploads\/2019\/12\/turkiye-de-yenilenebilir-kaynakli-enerji-uretimi-yuzde-41-oraninda-artti-300x225.jpg 300w, https:\/\/www.enerjigazetesi.ist\/wp-content\/uploads\/2019\/12\/turkiye-de-yenilenebilir-kaynakli-enerji-uretimi-yuzde-41-oraninda-artti-768x576.jpg 768w, https:\/\/www.enerjigazetesi.ist\/wp-content\/uploads\/2019\/12\/turkiye-de-yenilenebilir-kaynakli-enerji-uretimi-yuzde-41-oraninda-artti-500x375.jpg 500w, https:\/\/www.enerjigazetesi.ist\/wp-content\/uploads\/2019\/12\/turkiye-de-yenilenebilir-kaynakli-enerji-uretimi-yuzde-41-oraninda-artti-67x50.jpg 67w\" sizes=\"(max-width: 320px) 100vw, 320px\" \/>Eyl\u00fcl&#8217;\u00fc kar\u015f\u0131la\u015ft\u0131r\u0131ld\u0131.<\/strong><\/h1>\n<p>Yap\u0131lan a\u00e7\u0131klamada, en \u00e7ok elektrik t\u00fcketen \u015fehirler <strong>\u0130stanbul, \u0130zmir ve Ankara<\/strong> olurken elektrik t\u00fcketiminde listenin sonunda yer alan \u015fehirler <strong>Bayburt, I\u011fd\u0131r ve Tunceli<\/strong> olarak s\u0131raland\u0131. Faturalanan toplam <strong>elektrik t\u00fcketimine<\/strong> bak\u0131ld\u0131\u011f\u0131nda <strong>2018 ve 2019 y\u0131llar\u0131n\u0131n<\/strong> Eyl\u00fcl ay\u0131 kar\u015f\u0131la\u015ft\u0131rmas\u0131nda <strong>% 1,48\u2019lik<\/strong> bir d\u00fc\u015f\u00fc\u015f g\u00f6zlemlenirken d\u00fc\u015f\u00fc\u015fl\u00fck\u00a0<strong>% 21\u2019lik<\/strong> bir oranla<strong> tar\u0131msal sulama<\/strong> \u00f6ne \u00e7\u0131k\u0131yor.<\/p>\n<h2><strong>Kahramanmara\u015f\u2019ta t\u00fcketici say\u0131s\u0131 artt\u0131<\/strong><\/h2>\n<p>T\u00fcketici say\u0131s\u0131na bak\u0131ld\u0131\u011f\u0131nda ise s\u0131ralama de\u011fi\u015fmiyor. \u0130<strong>stanbul Ankara ve \u0130zmir<\/strong> ilk 3&#8217;te yer al\u0131rken <strong>Tunceli, Ardahan ve Bayburt<\/strong> en az t\u00fcketici say\u0131lar\u0131yla listenin sonunda yer al\u0131yorlar. Ge\u00e7ti\u011fimiz senenin ayn\u0131 ay\u0131na g\u00f6re t\u00fcketici say\u0131s\u0131nda art\u0131\u015f\u0131n en \u00e7ok ya\u015fand\u0131\u011f\u0131 iller <strong>% 8,59<\/strong> ile Kahramanmara\u015f, <strong>% 7,73<\/strong> ile <strong>\u015e\u0131rnak<\/strong> olurken <strong>Karab\u00fck\u2019te<\/strong> <strong>% 1,42<\/strong> ve <strong>Bart\u0131n<\/strong>\u2019da <strong>% 0,96\u2019l\u0131k<\/strong> bir azalma g\u00f6r\u00fcl\u00fcyor. Rapora g\u00f6re en \u00e7ok elektrik \u00fcretilen iller <strong>\u00c7anakkale, Zonguldak ve Hatay<\/strong> olurken, en az elektrik \u00fcreten \u015fehirler <strong>Ni\u011fde, Bitlis ve Bart\u0131n<\/strong> oldu.<\/p>\n<h2><strong>Yerli ve milli kaynaklar\u0131n kullan\u0131m\u0131 artt\u0131<\/strong><\/h2>\n<p>Raporda dikkat \u00e7eken bir di\u011fer analiz ise <strong>yenilenebilir enerjinin toplam \u00fcretimdeki pay\u0131n\u0131n<\/strong> artmas\u0131 olurken <strong>2018 y\u0131l\u0131n\u0131n<\/strong> Eyl\u00fcl ay\u0131nda <strong>yenilenebilir enerjinin toplam \u00fcretimdeki<\/strong> pay\u0131 <strong>% 18,15<\/strong> iken bu sene <strong>% 35,45\u2019e<\/strong> \u00e7\u0131kt\u0131. Bu da <strong>yenilenebilir enerji kaynaklar\u0131ndan<\/strong> yap\u0131lan <strong>elektrik enerjisi \u00fcretiminde<\/strong> <strong>% 41\u2019lik<\/strong> bir art\u0131\u015f anlam\u0131na geliyor. Bu art\u0131\u015fta da <strong>g\u00fcne\u015ften \u00fcretim<\/strong> etkili oluyor. <strong>G\u00fcne\u015ften elektrik \u00fcretimi<\/strong> % 145, r\u00fczgardan <strong>% 16,46<\/strong> barajl\u0131 <strong>HES kaynakl\u0131 \u00fcretim<\/strong> ise<strong> % 61<\/strong> art\u0131\u015f g\u00f6sterdi.<\/p>","protected":false},"excerpt":{"rendered":"<p>Sorry, this entry is only available in Turkish. For the sake of viewer convenience, the content is shown below in the alternative language. You may click the link to switch the active language. Enerji Piyasas\u0131 D\u00fczenleme Kurumu (EPDK), elektrik piyasas\u0131 Eyl\u00fcl raporunu a\u00e7\u0131klad\u0131. Raporda \u00f6nceki y\u0131l\u0131n Eyl\u00fcl ay\u0131 ile 2019&#8217;un Eyl\u00fcl&#8217;\u00fc kar\u015f\u0131la\u015ft\u0131r\u0131ld\u0131. Yap\u0131lan a\u00e7\u0131klamada, en [&hellip;]<\/p>\n","protected":false},"author":1,"featured_media":104917,"comment_status":"open","ping_status":"open","sticky":false,"template":"","format":"standard","meta":[],"categories":[51,53,49,50],"tags":[53114,3804,23532,52259,7964,53157,26043,26044,53282,54979,63294],"views":547,"_links":{"self":[{"href":"https:\/\/www.enerjigazetesi.ist\/en\/wp-json\/wp\/v2\/posts\/104915"}],"collection":[{"href":"https:\/\/www.enerjigazetesi.ist\/en\/wp-json\/wp\/v2\/posts"}],"about":[{"href":"https:\/\/www.enerjigazetesi.ist\/en\/wp-json\/wp\/v2\/types\/post"}],"author":[{"embeddable":true,"href":"https:\/\/www.enerjigazetesi.ist\/en\/wp-json\/wp\/v2\/users\/1"}],"replies":[{"embeddable":true,"href":"https:\/\/www.enerjigazetesi.ist\/en\/wp-json\/wp\/v2\/comments?post=104915"}],"version-history":[{"count":0,"href":"https:\/\/www.enerjigazetesi.ist\/en\/wp-json\/wp\/v2\/posts\/104915\/revisions"}],"wp:featuredmedia":[{"embeddable":true,"href":"https:\/\/www.enerjigazetesi.ist\/en\/wp-json\/wp\/v2\/media\/104917"}],"wp:attachment":[{"href":"https:\/\/www.enerjigazetesi.ist\/en\/wp-json\/wp\/v2\/media?parent=104915"}],"wp:term":[{"taxonomy":"category","embeddable":true,"href":"https:\/\/www.enerjigazetesi.ist\/en\/wp-json\/wp\/v2\/categories?post=104915"},{"taxonomy":"post_tag","embeddable":true,"href":"https:\/\/www.enerjigazetesi.ist\/en\/wp-json\/wp\/v2\/tags?post=104915"}],"curies":[{"name":"wp","href":"https:\/\/api.w.org\/{rel}","templated":true}]}}