{"id":104877,"date":"2019-12-19T10:47:46","date_gmt":"2019-12-19T07:47:46","guid":{"rendered":"https:\/\/www.enerjigazetesi.ist\/?p=104877"},"modified":"2019-12-19T10:56:58","modified_gmt":"2019-12-19T07:56:58","slug":"2021-yilinin-renk-trendleri-simdiden-belli-oldu","status":"publish","type":"post","link":"https:\/\/www.enerjigazetesi.ist\/en\/2021-yilinin-renk-trendleri-simdiden-belli-oldu\/","title":{"rendered":"(Turkish) 2021 Y\u0131l\u0131n\u0131n Renk Trendleri \u015eimdiden Belli Oldu!"},"content":{"rendered":"<p class=\"qtranxs-available-languages-message qtranxs-available-languages-message-en\">Sorry, this entry is only available in <a href=\"https:\/\/www.enerjigazetesi.ist\/tr\/wp-json\/wp\/v2\/posts\/104877\" class=\"qtranxs-available-language-link qtranxs-available-language-link-tr\" title=\"Turkish\">Turkish<\/a>. For the sake of viewer convenience, the content is shown below in the alternative language. You may click the link to switch the active language.<\/p><p><\/p>\n<h1><strong>Clariant ColorForward\u00ae 2021 renk trendlerini a\u00e7<\/strong><strong>\u0131<\/strong><strong>klad<\/strong><strong>\u0131<\/strong><strong>: Bireysel etkile<\/strong><strong>\u015f<\/strong><strong>im ve orijinallik <\/strong><strong>\u00f6<\/strong><strong>n plana <\/strong><strong>\u00e7<\/strong><strong>\u0131<\/strong><strong>kacak.<\/strong><\/h1>\n<p><strong>Clariant ColorWorks\u00ae&#8217;teki<\/strong> renk uzmanlar\u0131 \u00f6n\u00fcm\u00fczdeki <strong>5 y\u0131l<\/strong> i\u00e7erisinde t\u00fcketicileri etkilemesi tahmin edilen <strong>d\u00f6rt toplumsal trend<\/strong> belirlediler. <strong>Clariant plastik sekt\u00f6r\u00fcne<\/strong> y\u00f6nelik haz\u0131rlad\u0131\u011f\u0131 <img loading=\"lazy\" class=\"alignright wp-image-104879\" src=\"https:\/\/www.enerjigazetesi.ist\/wp-content\/uploads\/2019\/12\/2021-yilinin-renk-trendleri-simdiden-belli-oldu.jpg\" alt=\"\" width=\"320\" height=\"320\" srcset=\"https:\/\/www.enerjigazetesi.ist\/wp-content\/uploads\/2019\/12\/2021-yilinin-renk-trendleri-simdiden-belli-oldu.jpg 554w, https:\/\/www.enerjigazetesi.ist\/wp-content\/uploads\/2019\/12\/2021-yilinin-renk-trendleri-simdiden-belli-oldu-150x150.jpg 150w, https:\/\/www.enerjigazetesi.ist\/wp-content\/uploads\/2019\/12\/2021-yilinin-renk-trendleri-simdiden-belli-oldu-300x300.jpg 300w, https:\/\/www.enerjigazetesi.ist\/wp-content\/uploads\/2019\/12\/2021-yilinin-renk-trendleri-simdiden-belli-oldu-400x400.jpg 400w, https:\/\/www.enerjigazetesi.ist\/wp-content\/uploads\/2019\/12\/2021-yilinin-renk-trendleri-simdiden-belli-oldu-50x50.jpg 50w, https:\/\/www.enerjigazetesi.ist\/wp-content\/uploads\/2019\/12\/2021-yilinin-renk-trendleri-simdiden-belli-oldu-100x100.jpg 100w\" sizes=\"(max-width: 320px) 100vw, 320px\" \/>y\u0131ll\u0131k renk tahmin rehberinin <strong>15&#8217;incisini<\/strong> yay\u0131nlad\u0131. <strong>2021 rehberi<\/strong>, bireyle etkile\u015fimin dijital \u00e7a\u011fda bir l\u00fcks haline geldi\u011fi ve insanlar\u0131n ger\u00e7eklikten uzak bir <strong>d\u00fcnyada orijinalli\u011fe hasret kald\u0131\u011f\u0131 sonucunu<\/strong> ortaya koydu. Olumlu taraf\u0131ndan bakarsak, teknoloji insanlarla <strong>duygusal d\u00fczeyde ba\u011flant\u0131<\/strong> kuran \u00fcr\u00fcnler olu\u015fturulmas\u0131nda kullan\u0131l\u0131rken, <strong>i\u015fbirli\u011fi olumlu de\u011fi\u015fimin ger\u00e7ekle\u015ftirilmesinde<\/strong> kritik \u00f6neme sahip bir konu olarak g\u00f6r\u00fcl\u00fcyor.<\/p>\n<p><strong>ColorWorks<\/strong> K\u0131demli Tasar\u0131mc\u0131s\u0131 ve <strong>ColorForward<\/strong> ekip lideri <strong>Judith van Vliet<\/strong> konuyla ilgili \u015fu yorumda bulundu: \u201cBu trendler 2021 i\u00e7in kontrast\u0131n <strong>\u00f6n plana \u00e7\u0131kt\u0131\u011f\u0131 bir renk paletini<\/strong> ortaya \u00e7\u0131kar\u0131yor. Bir taraftan insanlar\u0131n kendilerinden bir \u015feyler bulabilece\u011fi ve halen orijinal olarak nitelendirilebilen <strong>renkler g\u00f6r\u00fcrken<\/strong>, di\u011fer taraftan <strong>renkler g\u00fcn\u00fcm\u00fcz\u00fcn dramas\u0131n\u0131<\/strong> yans\u0131t\u0131yor. 2020 renk paletinde daha so\u011fuk renkler \u00f6n plana \u00e7\u0131karken, <strong>2021&#8217;deki renk tonlar\u0131<\/strong> \u00e7ok daha <strong>s\u0131cak ve derin<\/strong> bir \u00f6zellik ta\u015f\u0131yor. Dahas\u0131, bu y\u0131lki <strong>renk y\u00f6nelimleri<\/strong> aras\u0131nda \u00f6zel efektlerin de kullan\u0131ld\u0131\u011f\u0131 veya belirli bir g\u00f6r\u00fcn\u00fcme sahip olan ancak farkl\u0131 bir \u015fekilde <strong>hissetmenizi sa\u011flayan<\/strong> bir\u00e7ok <strong>yar\u0131 saydam ton<\/strong> bulunuyor.\u201d<\/p>\n<p><strong>ColorForward 2021&#8217;de<\/strong>, \u00f6nceki y\u0131llarda oldu\u011fu gibi, her trend temas\u0131 gelecek y\u0131llarda insanlara hitap etmesi beklenen be\u015f renkle temsil ediliyor. Bu e\u015fsiz ara\u00e7 <strong>plastik \u00fcr\u00fcn tasar\u0131mc\u0131lar\u0131n\u0131n ve pazarlama profesyonellerinin<\/strong> yeni \u00fcr\u00fcnler ve ambalajlama a\u00e7\u0131s\u0131ndan daha <strong>bilin\u00e7li renk se\u00e7imleri<\/strong> yapmas\u0131 amac\u0131yla kullan\u0131labilecek.<\/p>\n<h2><strong>2021\u2019de s<\/strong><strong>\u0131<\/strong><strong>cak ve sar<\/strong><strong>\u0131<\/strong><strong> tonlar <\/strong><strong>\u00f6<\/strong><strong>n plana <\/strong><strong>\u00e7<\/strong><strong>\u0131<\/strong><strong>kacak<\/strong><\/h2>\n<p><strong>Judith van Vliet<\/strong> ayr\u0131ca \u015funlar\u0131 s\u00f6yledi: &#8220;2020 y\u0131l\u0131nda <strong>ye\u015fil tonlar\u0131n\u0131n hakimiyeti<\/strong> dikkat \u00e7ekerken, 2021&#8217;de ise s\u0131cak turuncu ve sar\u0131 tonlar\u0131 \u00f6n plana \u00e7\u0131k\u0131yor. Derin gece tonlar\u0131ndan <strong>yumu\u015fak su tonlar\u0131na<\/strong> kadar farkl\u0131 <strong>mavi ve ye\u015fil tonlar\u0131<\/strong> \u00f6nemini koruyor. Parlak tonlar <strong>yapay bir his veriyor<\/strong> ve b\u00fcy\u00fcleyici koyu tonlarla bir arada kullan\u0131l\u0131yor. Ge\u00e7en versiyondaki <strong>leylak tonlar\u0131<\/strong>, genelde canl\u0131l\u0131k g\u00f6steren bir renk paletine <strong>gizem ve derinlik katarak<\/strong>, daha derin tonlara d\u00f6n\u00fc\u015ft\u00fc.&#8221;<\/p>\n<p><strong>ColorForward Hakk\u0131nda Daha Fazla Bilgi \u0130\u00e7in:<\/strong>\u00a0<u><a href=\"http:\/\/www.clariant.com\/colorworks\" target=\"_blank\" rel=\"noopener\">www.clariant.com\/colorworks<\/a><\/u> adresini ziyaret edebilirsiniz.<\/p>","protected":false},"excerpt":{"rendered":"<p>Sorry, this entry is only available in Turkish. For the sake of viewer convenience, the content is shown below in the alternative language. You may click the link to switch the active language. Clariant ColorForward\u00ae 2021 renk trendlerini a\u00e7\u0131klad\u0131: Bireysel etkile\u015fim ve orijinallik \u00f6n plana \u00e7\u0131kacak. Clariant ColorWorks\u00ae&#8217;teki renk uzmanlar\u0131 \u00f6n\u00fcm\u00fczdeki 5 y\u0131l i\u00e7erisinde t\u00fcketicileri [&hellip;]<\/p>\n","protected":false},"author":1,"featured_media":104879,"comment_status":"open","ping_status":"open","sticky":false,"template":"","format":"standard","meta":[],"categories":[53],"tags":[63261,63248,63252,63258,63250,63255,52259,63260,63254,63256,63259,63249,63251,63257,63253],"views":656,"_links":{"self":[{"href":"https:\/\/www.enerjigazetesi.ist\/en\/wp-json\/wp\/v2\/posts\/104877"}],"collection":[{"href":"https:\/\/www.enerjigazetesi.ist\/en\/wp-json\/wp\/v2\/posts"}],"about":[{"href":"https:\/\/www.enerjigazetesi.ist\/en\/wp-json\/wp\/v2\/types\/post"}],"author":[{"embeddable":true,"href":"https:\/\/www.enerjigazetesi.ist\/en\/wp-json\/wp\/v2\/users\/1"}],"replies":[{"embeddable":true,"href":"https:\/\/www.enerjigazetesi.ist\/en\/wp-json\/wp\/v2\/comments?post=104877"}],"version-history":[{"count":0,"href":"https:\/\/www.enerjigazetesi.ist\/en\/wp-json\/wp\/v2\/posts\/104877\/revisions"}],"wp:featuredmedia":[{"embeddable":true,"href":"https:\/\/www.enerjigazetesi.ist\/en\/wp-json\/wp\/v2\/media\/104879"}],"wp:attachment":[{"href":"https:\/\/www.enerjigazetesi.ist\/en\/wp-json\/wp\/v2\/media?parent=104877"}],"wp:term":[{"taxonomy":"category","embeddable":true,"href":"https:\/\/www.enerjigazetesi.ist\/en\/wp-json\/wp\/v2\/categories?post=104877"},{"taxonomy":"post_tag","embeddable":true,"href":"https:\/\/www.enerjigazetesi.ist\/en\/wp-json\/wp\/v2\/tags?post=104877"}],"curies":[{"name":"wp","href":"https:\/\/api.w.org\/{rel}","templated":true}]}}