{"id":104872,"date":"2019-12-18T14:18:52","date_gmt":"2019-12-18T11:18:52","guid":{"rendered":"https:\/\/www.enerjigazetesi.ist\/?p=104872"},"modified":"2019-12-19T10:58:10","modified_gmt":"2019-12-19T07:58:10","slug":"donmez-yeni-bir-ar-ge-modeli-uzerinde-calisiyoruz","status":"publish","type":"post","link":"https:\/\/www.enerjigazetesi.ist\/en\/donmez-yeni-bir-ar-ge-modeli-uzerinde-calisiyoruz\/","title":{"rendered":"(Turkish) D\u00f6nmez: &#8220;Yeni bir Ar-Ge Modeli \u00dczerinde \u00c7al\u0131\u015f\u0131yoruz&#8221;"},"content":{"rendered":"<p class=\"qtranxs-available-languages-message qtranxs-available-languages-message-en\">Sorry, this entry is only available in <a href=\"https:\/\/www.enerjigazetesi.ist\/tr\/wp-json\/wp\/v2\/posts\/104872\" class=\"qtranxs-available-language-link qtranxs-available-language-link-tr\" title=\"Turkish\">Turkish<\/a>. For the sake of viewer convenience, the content is shown below in the alternative language. You may click the link to switch the active language.<\/p><p><\/p>\n<h1><strong>EPDK koordinat\u00f6rl\u00fc<\/strong><strong>\u011f<\/strong><strong>\u00fc<\/strong><strong>nde ELDER ve GAZB<\/strong><strong>\u0130<\/strong><strong>R taraf<\/strong><strong>\u0131<\/strong><strong>ndan d<\/strong><strong>\u00fc<\/strong><strong>zenlenen 4&#8217;\u00fcnc\u00fc Enerjide Ar-Ge <\/strong><strong>\u00c7<\/strong><strong>al<\/strong><strong>\u0131\u015f<\/strong><strong>tay<\/strong><strong>\u0131<\/strong><strong>, elektrik ve gaz da<\/strong><strong>\u011f\u0131<\/strong><strong>t<\/strong><strong>\u0131<\/strong><strong>m sekt<\/strong><strong>\u00f6<\/strong><strong>rleri temsilcilerini bir araya getirdi. <\/strong><\/h1>\n<p>ANKARA \u2013 EPDK koordinat\u00f6rl\u00fc\u011f\u00fcnde <strong>Elektrik Da\u011f\u0131t\u0131m Hizmetleri Derne\u011fi (ELDER)<\/strong> ve <strong>T\u00fcrkiye Do\u011falgaz Da\u011f\u0131t\u0131c\u0131lar\u0131 Birli\u011fi Derne\u011fi (GAZB\u0130R)<\/strong> taraf\u0131ndan d\u00fczenlenen <strong>\u201c4. Enerjide Ar-Ge \u00c7al\u0131\u015ftay\u0131\u201d<\/strong> enerji sekt\u00f6r\u00fcn\u00fcn <strong>\u00fcst d\u00fczey temsilcilerini<\/strong> bir araya getirdi.<\/p>\n<p>Enerjide Ar-Ge \u00c7al\u0131\u015ftay\u0131na<strong>, <\/strong><em>Enerji ve Tabii Kaynaklar Bakan\u0131 Fatih D\u00f6nmez, T\u00fcrkiye B\u00fcy\u00fck Millet Meclisi (TBMM) Sanayi, Ticaret, Enerji, Tabii Kaynaklar, Bilgi ve Teknoloji Komisyonu Ba\u015fkan\u0131 Mustafa Elita\u015f ve EPDK Ba\u015fkan\u0131 Mustafa Y\u0131lmaz\u2019\u0131n yan\u0131 s\u0131ra; ELDER ve GAZB\u0130R temsilcileri, elektrik <img loading=\"lazy\" class=\"alignright wp-image-104874\" src=\"https:\/\/www.enerjigazetesi.ist\/wp-content\/uploads\/2019\/12\/donmez-yeni-bir-ar-ge-modeli-uzerinde-calisiyoruz-2.jpg\" alt=\"\" width=\"320\" height=\"213\" srcset=\"https:\/\/www.enerjigazetesi.ist\/wp-content\/uploads\/2019\/12\/donmez-yeni-bir-ar-ge-modeli-uzerinde-calisiyoruz-2.jpg 732w, https:\/\/www.enerjigazetesi.ist\/wp-content\/uploads\/2019\/12\/donmez-yeni-bir-ar-ge-modeli-uzerinde-calisiyoruz-2-300x200.jpg 300w, https:\/\/www.enerjigazetesi.ist\/wp-content\/uploads\/2019\/12\/donmez-yeni-bir-ar-ge-modeli-uzerinde-calisiyoruz-2-500x333.jpg 500w, https:\/\/www.enerjigazetesi.ist\/wp-content\/uploads\/2019\/12\/donmez-yeni-bir-ar-ge-modeli-uzerinde-calisiyoruz-2-75x50.jpg 75w, https:\/\/www.enerjigazetesi.ist\/wp-content\/uploads\/2019\/12\/donmez-yeni-bir-ar-ge-modeli-uzerinde-calisiyoruz-2-450x300.jpg 450w\" sizes=\"(max-width: 320px) 100vw, 320px\" \/>ve do\u011falgaz da\u011f\u0131t\u0131m \u015firketleri \u00e7al\u0131\u015fanlar\u0131, \u00fcniversiteler ile kamu kurum ve kurulu\u015flar\u0131ndan \u00e7ok say\u0131da temsilci<\/em> kat\u0131ld\u0131.<\/p>\n<p><strong>\u201c4. Enerjide Ar-Ge \u00c7al\u0131\u015ftay\u0131\u201d<\/strong> a\u00e7\u0131l\u0131\u015f\u0131nda konu\u015fan Enerji ve Tabii Kaynaklar Bakan\u0131 <strong>Fatih D\u00f6nmez,<\/strong> Bakanl\u0131k b\u00fcnyesinde Ar-Ge\u2019de yeni bir d\u00f6nem ba\u015flatmak i\u00e7in <strong>Ar-Ge bulu\u015fmalar\u0131<\/strong> d\u00fczenlediklerini hat\u0131rlatt\u0131. D\u00f6nmez, \u201c<strong>Ar-Ge yakla\u015f\u0131m belgesinin<\/strong> sonuna geldik ve \u00e7al\u0131\u015ftay\u0131n <strong>2&#8217;inci g\u00fcn\u00fcnde<\/strong> herkesin g\u00f6r\u00fc\u015f ve d\u00fc\u015f\u00fcnceleriyle katk\u0131 sundu\u011fu yakla\u015f\u0131m belgemizi yar\u0131nki oturumlarda kat\u0131l\u0131mc\u0131lar\u0131m\u0131za sunaca\u011f\u0131z.\u201d dedi.<\/p>\n<p>Enerji ve Tabii Kaynaklar Bakan\u0131 <strong>Fatih D\u00f6nmez<\/strong>, enerji sekt\u00f6r\u00fcnde <strong>Ar-Ge k\u00fcmelenmesini<\/strong> sa\u011flamak i\u00e7in taraflar\u0131n birbirleriyle <strong>ileti\u015fimi ve koordinasyonunun<\/strong> \u00e7ok \u00f6nemli oldu\u011funu belirterek \u015f\u00f6yle konu\u015ftu:<\/p>\n<p>\u201cBurada \u00f6nemli \u015fey <strong>s\u00fcrd\u00fcr\u00fclebilirlik<\/strong>. Bir fikrin somutla\u015fmas\u0131, <strong>say\u0131s\u0131z ba\u015far\u0131s\u0131zl\u0131ktan sonra<\/strong> meyvelerini verebilir. <strong>Ar-Ge\u2019de sab\u0131rla ve \u0131srarla bu deneyleri<\/strong> yapmak zorundas\u0131n\u0131z. Bize ula\u015fan g\u00f6r\u00fc\u015flerde de d\u00fcnyadaki \u00f6rnekleri gibi bir <strong>Ar-Ge yap\u0131lanmas\u0131n\u0131n<\/strong>, mevcut modelle birlikte enerji sekt\u00f6r\u00fcndeki ivmelenmeyi art\u0131raca\u011f\u0131 dile getirildi. Sunumlarda anlat\u0131lan <strong>Avrupa ve OECD \u00fclkelerindeki<\/strong> modelleri inceledik. T\u00fcrkiye\u2019ye <strong>\u00f6zg\u00fc bir model \u00fczerinde<\/strong> \u00e7al\u0131\u015fmalar\u0131m\u0131zda sona geldik. \u0130n\u015fallah yak\u0131nda sizlerle de payla\u015faca\u011f\u0131z.\u201d<\/p>\n<h2><strong>Giri<\/strong><strong>\u015f<\/strong><strong>imcilik Modeli <\/strong><strong>\u00d6<\/strong><strong>nerileri <\/strong><\/h2>\n<p><strong>Da\u011f\u0131t\u0131m \u015firketlerinin<\/strong> yeni fikirlere ve giri\u015fimlere daha fazla y\u00f6nelmesi i\u00e7in model \u00f6nerilerini s\u0131ralayan D\u00f6nmez <span style=\"text-decoration: underline;\">\u015funlar\u0131 belirtti:<\/span><\/p>\n<p>\u201cStandart giri\u015fimcilik modeli <strong>d\u00f6rt ana bile\u015fenden<\/strong> olu\u015facak. Kurum i\u00e7i destek mentor ekibinin kurulmas\u0131. Fikir, tecr\u00fcbe ve hukuki konularda <strong>destek ekibi<\/strong> olu\u015fturarak <strong>Ar-Ge y\u00f6netimi<\/strong>ni y\u00f6nlendirebilirsiniz. <strong>2&#8217;inci<\/strong> olarak kurum d\u0131\u015f\u0131 faaliyetler. Da\u011f\u0131t\u0131m \u015firketlerinden ayr\u0131 ayr\u0131 fikir yar\u0131\u015fmalar\u0131 a\u00e7malar\u0131n\u0131 bekliyoruz. <strong>3&#8217;\u00fcnc\u00fc<\/strong> olarak <strong>kurum i\u00e7i giri\u015fimcilik fikirleri<\/strong>. Son olarak ortak hareket etmek. Fikirlerini \u00fcst seviyeye \u00e7\u0131karmay\u0131 d\u00fc\u015f\u00fcnd\u00fc\u011f\u00fcn\u00fcz giri\u015fimcilerle EPDK\u2019ya ba\u015fvurman\u0131z\u0131 <strong>iyi fikirlerinizin \u00f6d\u00fcllendirilmesini<\/strong> bekliyoruz.\u201d<\/p>\n<h2><strong>\u201cAr-Ge Enerjideki D<\/strong><strong>\u0131\u015f<\/strong><strong>a Ba<\/strong><strong>\u011f\u0131<\/strong><strong>ml<\/strong><strong>\u0131<\/strong><strong>l<\/strong><strong>\u0131\u011f\u0131<\/strong><strong> Azaltacak<\/strong><strong>\u201d<\/strong><\/h2>\n<p><strong>TBMM Sanayi, Ticaret, Enerji, Tabii Kaynaklar, Bilgi ve Teknoloji Komisyonu Ba\u015fkan\u0131 Mustafa Elita\u015f,<\/strong> her \u00fclkenin en temel ihtiya\u00e7lar\u0131ndan birini enerjinin olu\u015fturdu\u011funu vurgulad\u0131. \u00dclkemizin enerji ihtiyac\u0131n\u0131 ve <strong>enerjide d\u0131\u015fa ba\u011f\u0131ml\u0131\u011f\u0131n\u0131 azaltmak<\/strong> i\u00e7in \u015feffaf ve t\u00fcketici odakl\u0131 sistemin kurulmas\u0131 gerekti\u011fini belirten Elita\u015f, \u201cT\u00fcrkiye\u2019de <strong>Ar-Ge \u00e7al\u0131\u015fmalar\u0131n\u0131n<\/strong> a\u011f\u0131rl\u0131\u011f\u0131 giderek artmaktad\u0131r. Sekt\u00f6r\u00fcn istihdam\u0131n\u0131 ve bilgi d\u00fczeyini y\u00fckselterek T\u00fcrkiye\u2019ni uluslararas\u0131 alandaki ba\u015far\u0131s\u0131n\u0131 art\u0131racak \u00e7al\u0131\u015fmalar \u00f6nem kazanmaktad\u0131r. <strong>Yerlile\u015ftirme ve teknoloji geli\u015fmesi<\/strong> konusunda ortaya konulan <strong>Ar-Ge<\/strong>, T\u00fcrkiye\u2019nin <strong>enerjideki d\u0131\u015fa ba\u011f\u0131ml\u0131\u011f\u0131n\u0131 azaltacak<\/strong> potansiyele sahiptir.\u201d diye konu\u015ftu.<\/p>\n<h2><strong>EPDK\u2019dan<\/strong> <strong>Ar-Ge\u2019ye 100 Milyon TL Destek <\/strong><\/h2>\n<p>EPDK&#8217;nin enerji sekt\u00f6r\u00fcnde faaliyet g\u00f6steren i\u015fletmelerin b\u00fcnyesinde Ar-Ge k\u00fclt\u00fcr\u00fcn\u00fcn olu\u015fmas\u0131na b\u00fcy\u00fck \u00f6nem verdi\u011fini dile getiren <strong>EPDK<\/strong> Ba\u015fkan\u0131 <strong>Mustafa Y\u0131lmaz<\/strong>, &#8220;Senelik 100 milyon liraya ula\u015fan <strong>Ar-Ge deste\u011fimiz<\/strong> de bu anlay\u0131\u015f\u0131m\u0131z\u0131n bir g\u00f6stergesi.&#8221; ifadelerini kulland\u0131.<\/p>\n<p>Y\u0131lmaz, 2014 y\u0131l\u0131nda <strong>30 Ar-Ge projesi ba\u015fvurusuyla<\/strong> \u00e7\u0131k\u0131lan bu yolda 500&#8217;\u00fc ge\u00e7en proje ba\u015fvurusunun kabul edilen 213 onayl\u0131 projenin ve sonu\u00e7lanan 84 projenin Kurum olarak gururunu ya\u015fad\u0131klar\u0131na dikkati \u00e7ekerek, \u201cHizmet kalitesini art\u0131rmak t\u00fcketicinin y\u00fcz\u00fcn\u00fc daha fazla g\u00fcld\u00fcrecek yeni projelere de ihtiya\u00e7 var. \u00c7\u00fcnk\u00fc <strong>Ar-Ge durmay\u0131 de\u011fil<\/strong> daima ara\u015ft\u0131rmay\u0131 ve daha iyiye ula\u015fmay\u0131 ifade eden bir kavramd\u0131r.\u201d diye konu\u015ftu.<\/p>\n<p><strong>Ar-Ge merkezleriyle<\/strong> ilgili d\u00fczenlemeler yapacaklar\u0131n\u0131 bildiren EPDK Ba\u015fkan\u0131 <strong>Y\u0131lmaz<\/strong> s\u00f6zlerine <span style=\"text-decoration: underline;\">\u015f\u00f6yle devam etti:<\/span><\/p>\n<p>\u201cDesteklerimiz artacak. \u00d6n\u00fcm\u00fczdeki d\u00f6nemde<strong> da\u011f\u0131t\u0131m \u015firketleri<\/strong> taraf\u0131ndan kurulacak <strong>Ar-Ge merkezleriyle<\/strong> ilgili de d\u00fczenlememiz olacak. \u00dclkemizin geli\u015fmesiyle birlikte <strong>do\u011falgaz ve elektrik \u015febekesinin<\/strong> daha iyi bir \u015febekeye ula\u015fmas\u0131n\u0131 sa\u011flayabilece\u011fimize de inan\u0131yoruz. <strong>Kay\u0131p ka\u00e7ak sorununun<\/strong> ortadan kalkmas\u0131 yolunda <strong>Ar-Ge \u00e7al\u0131\u015fmalar\u0131ndan<\/strong> \u00f6nemli faydalar ald\u0131k. Bug\u00fcn Ar-Ge sayesinde <strong>ka\u00e7ak akaryak\u0131t problemi<\/strong> ortadan kalkm\u0131\u015ft\u0131r. Ayn\u0131 \u015fekilde de <strong>kay\u0131p-ka\u00e7ak konusunda<\/strong> da \u00f6nemli ba\u015far\u0131lar elde edece\u011fimize inan\u0131yorum.\u201d<\/p>\n<h2><strong>Saldanl<\/strong><strong>\u0131<\/strong><strong>: <\/strong><strong>\u201c<\/strong><strong>Ar-Ge Faaliyetlerimiz Ba<\/strong><strong>\u015f<\/strong><strong>ar<\/strong><strong>\u0131<\/strong><strong>l<\/strong><strong>\u0131<\/strong><strong> Olacak<\/strong><strong>\u201d<\/strong><\/h2>\n<p>ELDER Y\u00f6netim Kurulu \u00dcyesi <strong>Ceyhan Saldanl\u0131<\/strong>, Ar-Ge \u00e7al\u0131\u015fmalar\u0131yla ortaya \u00e7\u0131kan \u00fcr\u00fcnlerin kullan\u0131ld\u0131\u011f\u0131n\u0131 belirterek, \u201cAr-Ge ile yar\u0131n bug\u00fcnden belirleniyor. Ar-Ge\u2019si olmayanlar\u0131n gelece\u011fi yoktur. Bu noktadan hareket ederek Ar-Ge yapmak i\u00e7in var g\u00fcc\u00fcm\u00fczle \u00e7al\u0131\u015f\u0131yoruz.\u201d dedi. Enerji Tabii Kaynaklar Bakanl\u0131\u011f\u0131\u2019n\u0131n te\u015fviki EPDK\u2019n\u0131n deste\u011fiyle <strong>Ar-Ge yat\u0131r\u0131m yapt\u0131klar\u0131n\u0131<\/strong> ifade eden Saldanl\u0131 \u015f\u00f6yle konu\u015ftu: \u201cM\u00fc\u015fteri memnuniyetini art\u0131rmak i\u00e7in Ar-Ge yat\u0131r\u0131mlar\u0131m\u0131zda \u00f6nemli mesafe kat ettik. \u0130\u00e7inde bulundu\u011fumuz tarife d\u00f6nemi i\u00e7erisinde <strong>20 milyar TL\u2019lik<\/strong> yat\u0131r\u0131m tutar\u0131m\u0131z\u0131n <strong>200 milyon TL\u2019yi<\/strong> a\u015fan tutar\u0131n\u0131 Ar-Ge\u2019ye ay\u0131rd\u0131k. <strong>\u00c7e\u015fitli hibe programlar\u0131ndan<\/strong> yararlanarak y\u00fcr\u00fctt\u00fc\u011f\u00fcm\u00fcz <strong>Ar-Ge faaliyetlerimizde<\/strong> ba\u015far\u0131l\u0131 olaca\u011f\u0131m\u0131zdan hi\u00e7bir \u015f\u00fcphem yok.\u201d<\/p>\n<h2><strong>Arslan: \u201cEkonomik b\u00fcy\u00fcme i\u00e7in Ar-Ge\u2019ye ihtiya\u00e7 var\u201d<\/strong><\/h2>\n<p><strong>GAZB\u0130R<\/strong> Ba\u015fkan\u0131 <strong>Ya\u015far Arslan<\/strong>, Ar-Ge yat\u0131r\u0131m\u0131 ile ekonomik b\u00fcy\u00fcme ile ilgili bir\u00e7ok \u00e7al\u0131\u015fma yap\u0131ld\u0131\u011f\u0131na dikkati \u00e7ekerek, ekonomik b\u00fcy\u00fcme yolunda Ar-Ge\u2019nin \u00f6nemli oldu\u011funun alt\u0131n\u0131 \u00e7izdi. Arslan, \u201c2023 vizyonu do\u011frultusunda \u00fclkemizin d\u00fcnyada bilginin ve ileri teknolojinin \u00f6nemli merkezi olmas\u0131 hedeflenmi\u015ftir. Bu hedef do\u011frultusunda <strong>ETKB ve EPDK Ar-Ge \u00e7al\u0131\u015fmalar\u0131<\/strong>na daha fazla kaynak ve destek sa\u011flamaktad\u0131r. Enerji sekt\u00f6r\u00fc olarak bize d\u00fc\u015fen g\u00f6rev bu kaynaklar\u0131 etkin ve verimli bir \u015fekilde kullanmakt\u0131r.\u201d diye konu\u015ftu.<\/p>\n<h2><strong>EPDK Ar-Ge Ba<\/strong><strong>\u015f<\/strong><strong>ar<\/strong><strong>\u0131<\/strong> <strong>\u00d6<\/strong><strong>d<\/strong><strong>\u00fc<\/strong><strong>l T<\/strong><strong>\u00f6<\/strong><strong>reni<\/strong><\/h2>\n<p>EPDK taraf\u0131ndan de\u011ferlendirilen ba\u015far\u0131l\u0131 Ar-Ge projeleri toplant\u0131da sahiplerini buldu. Bu y\u0131l ikincisi d\u00fczenlenen \u201cEPDK Ar-Ge Ba\u015far\u0131 \u00d6d\u00fclleri\u201d t\u00f6reninde ba\u015far\u0131l\u0131 \u00e7al\u0131\u015fmalara imza atm\u0131\u015f elektrik ve do\u011falgaz da\u011f\u0131t\u0131m \u015firketleri \u00f6d\u00fcllendirildi. \u00d6d\u00fcl alan \u015firketler \u015f\u00f6yle oldu:<\/p>\n<h2><strong>Elektrik<\/strong><\/h2>\n<p><strong>Aras EDA\u015e:<\/strong> Ak\u0131ll\u0131 Da\u011f\u0131t\u0131m Transformat\u00f6r\u00fc (Smart Transformer) Geli\u015ftirilmesi ve Pilot Uygulamas\u0131n\u0131n Ger\u00e7ekle\u015ftirilmesi Projesi<\/p>\n<p><strong>Enerjisa Toroslar EDA\u015e ve AYEDA\u015e:<\/strong> Mobil Saya\u00e7 Hata Test Cihaz\u0131<\/p>\n<p><strong>ADM \u2013 GDZ:<\/strong> \u0130\u015f G\u00fcvenli\u011fini \u0130yile\u015ftirmek i\u00e7in Ak\u0131ll\u0131 Giyilebilir Teknolojilerinin Geli\u015ftirilmesi ve Uygulanmas\u0131<\/p>\n<h2><strong>Do<\/strong><strong>\u011f<\/strong><strong>algaz<\/strong><\/h2>\n<p><strong>ESGAZ:<\/strong> Do\u011falgaz \u015ealteri \u2013 Gaz kesintisinden sonra servis reg\u00fclat\u00f6rlerinin kurulmas\u0131na gerek kalmayacak sistemin geli\u015ftirilmesi Projesi<\/p>\n<p><strong>BURSAGAZ:<\/strong> Boru Hatt\u0131 B\u00fct\u00fcnsellik Projesi<\/p>\n<p><strong>AGDA\u015e:<\/strong> Yerli Gaz Dondurucu\/Kesici Prototip Tasar\u0131m\u0131 ve \u0130malat\u0131.<\/p>","protected":false},"excerpt":{"rendered":"<p>Sorry, this entry is only available in Turkish. For the sake of viewer convenience, the content is shown below in the alternative language. You may click the link to switch the active language. EPDK koordinat\u00f6rl\u00fc\u011f\u00fcnde ELDER ve GAZB\u0130R taraf\u0131ndan d\u00fczenlenen 4&#8217;\u00fcnc\u00fc Enerjide Ar-Ge \u00c7al\u0131\u015ftay\u0131, elektrik ve gaz da\u011f\u0131t\u0131m sekt\u00f6rleri temsilcilerini bir araya getirdi. ANKARA \u2013 [&hellip;]<\/p>\n","protected":false},"author":1,"featured_media":104882,"comment_status":"open","ping_status":"open","sticky":false,"template":"","format":"standard","meta":[],"categories":[46,51,53],"tags":[62227,62229,63241,11683,25845,40021,54211,63244,8758,54036,63238,51264,53114,52674,63247,63239,52259,1389,63020,63245,750,63246,27530,63242,9075,12996,63243,63240,7510],"views":327,"_links":{"self":[{"href":"https:\/\/www.enerjigazetesi.ist\/en\/wp-json\/wp\/v2\/posts\/104872"}],"collection":[{"href":"https:\/\/www.enerjigazetesi.ist\/en\/wp-json\/wp\/v2\/posts"}],"about":[{"href":"https:\/\/www.enerjigazetesi.ist\/en\/wp-json\/wp\/v2\/types\/post"}],"author":[{"embeddable":true,"href":"https:\/\/www.enerjigazetesi.ist\/en\/wp-json\/wp\/v2\/users\/1"}],"replies":[{"embeddable":true,"href":"https:\/\/www.enerjigazetesi.ist\/en\/wp-json\/wp\/v2\/comments?post=104872"}],"version-history":[{"count":0,"href":"https:\/\/www.enerjigazetesi.ist\/en\/wp-json\/wp\/v2\/posts\/104872\/revisions"}],"wp:featuredmedia":[{"embeddable":true,"href":"https:\/\/www.enerjigazetesi.ist\/en\/wp-json\/wp\/v2\/media\/104882"}],"wp:attachment":[{"href":"https:\/\/www.enerjigazetesi.ist\/en\/wp-json\/wp\/v2\/media?parent=104872"}],"wp:term":[{"taxonomy":"category","embeddable":true,"href":"https:\/\/www.enerjigazetesi.ist\/en\/wp-json\/wp\/v2\/categories?post=104872"},{"taxonomy":"post_tag","embeddable":true,"href":"https:\/\/www.enerjigazetesi.ist\/en\/wp-json\/wp\/v2\/tags?post=104872"}],"curies":[{"name":"wp","href":"https:\/\/api.w.org\/{rel}","templated":true}]}}