{"id":10477,"date":"2013-05-03T16:58:20","date_gmt":"2013-05-03T13:58:20","guid":{"rendered":"https:\/\/www.enerjigazetesi.ist\/?p=10477"},"modified":"2013-05-03T16:58:43","modified_gmt":"2013-05-03T13:58:43","slug":"kadinlar-isterse-enerjide-4-milyar-lira-tasarruf-ederiz","status":"publish","type":"post","link":"https:\/\/www.enerjigazetesi.ist\/en\/kadinlar-isterse-enerjide-4-milyar-lira-tasarruf-ederiz\/","title":{"rendered":"(Turkish) Kad\u0131nlar \u0130sterse Enerjide 4 Milyar Lira Tasarruf Ederiz"},"content":{"rendered":"<p class=\"qtranxs-available-languages-message qtranxs-available-languages-message-en\">Sorry, this entry is only available in <a href=\"https:\/\/www.enerjigazetesi.ist\/tr\/wp-json\/wp\/v2\/posts\/10477\" class=\"qtranxs-available-language-link qtranxs-available-language-link-tr\" title=\"Turkish\">Turkish<\/a>. For the sake of viewer convenience, the content is shown below in the alternative language. You may click the link to switch the active language.<\/p><p><strong>Enerji ve Tabii Kaynaklar Bakanl\u0131\u011f\u0131 ile Aile ve Sosyal Politikalar Bakanl\u0131\u011f\u0131, bir s\u00fcredir kad\u0131nlar\u0131 dikkate alarak T\u00fcrkiye\u2019nin \u00e7e\u015fitli illerinde Enerji Han\u0131m adl\u0131 bir proje uyguluyor.<\/strong><\/p>\n<p>Enerji verimlili\u011finin sa\u011flanmas\u0131 ve aile bireylerine anlat\u0131lmas\u0131 amac\u0131yla olu\u015fturulan proje ile her iki bakanl\u0131k 20 bin kad\u0131na ula\u015fmay\u0131 planl\u0131yor. \u201cK\u00fc\u00e7\u00fck tasarruflarla y\u0131ll\u0131k enerji t\u00fcketimini 4\u2019te 1 oran\u0131nda azaltman\u0131z m\u00fcmk\u00fcn. Bu da aile i\u00e7in 1 \u00e7eyrek alt\u0131n, T\u00fcrkiye ekonomisi i\u00e7in 4 milyar lira kazan\u00e7 demek.\u201d slogan\u0131yla yola \u00e7\u0131kan projenin ilki ge\u00e7ti\u011fimiz aylarda Kayseri\u2019de ba\u015flad\u0131.<\/p>\n<p><a href=\"https:\/\/www.enerjigazetesi.ist\/wp-content\/uploads\/2013\/05\/ali-kibar-enerji-verimlili\u011fi-derne\u011fi-kadinlar-isterse-enerjide-4-milyar-lira-tasarruf-ederiz.jpg\"><img loading=\"lazy\" class=\"alignleft size-medium wp-image-10478\" title=\"ali-kibar-enerji-verimlili\u011fi-derne\u011fi-kadinlar-isterse-enerjide-4-milyar-lira-tasarruf-ederiz\" src=\"https:\/\/www.enerjigazetesi.ist\/wp-content\/uploads\/2013\/05\/ali-kibar-enerji-verimlili\u011fi-derne\u011fi-kadinlar-isterse-enerjide-4-milyar-lira-tasarruf-ederiz-300x215.jpg\" alt=\"\" width=\"300\" height=\"215\" srcset=\"https:\/\/www.enerjigazetesi.ist\/wp-content\/uploads\/2013\/05\/ali-kibar-enerji-verimlili\u011fi-derne\u011fi-kadinlar-isterse-enerjide-4-milyar-lira-tasarruf-ederiz-300x215.jpg 300w, https:\/\/www.enerjigazetesi.ist\/wp-content\/uploads\/2013\/05\/ali-kibar-enerji-verimlili\u011fi-derne\u011fi-kadinlar-isterse-enerjide-4-milyar-lira-tasarruf-ederiz-69x50.jpg 69w, https:\/\/www.enerjigazetesi.ist\/wp-content\/uploads\/2013\/05\/ali-kibar-enerji-verimlili\u011fi-derne\u011fi-kadinlar-isterse-enerjide-4-milyar-lira-tasarruf-ederiz.jpg 435w\" sizes=\"(max-width: 300px) 100vw, 300px\" \/><\/a>Ard\u0131ndan Malatya, Edirne, Bursa, Kocaeli ve Kars\u2019ta devam etti. Kars Halk E\u011fitim Merkezi\u2019nde han\u0131mlara seslenen Enerji Verimlili\u011fi Derne\u011fi Ba\u015fkan Vekili Ali Kibar, \u201cAmac\u0131m\u0131z kullan\u0131lan enerjiyi daha etkin, daha verimli ya da daha ak\u0131ll\u0131 kullanarak bu tasarrufu s\u00fcrd\u00fcr\u00fclebilir \u015fekilde sa\u011flayabilmek ve ileriki nesillere intikal ettirmek.\u201d dedi.<\/p>\n<p>T\u00fcrkiye\u2019nin <strong>enerji t\u00fcketiminin<\/strong> g\u00fcn ge\u00e7tik\u00e7e artt\u0131\u011f\u0131na dikkati \u00e7eken Kibar, enerjinin verimli \u015fekilde kullan\u0131lmas\u0131 i\u00e7in yola \u00e7\u0131kt\u0131klar\u0131n\u0131 vurgulad\u0131. \u201cBizler kad\u0131nlar\u0131m\u0131z\u0131 evin ekonomisti olarak de\u011ferlendiriyoruz. Kad\u0131nlar\u0131m\u0131z arac\u0131l\u0131\u011f\u0131yla toplumumuzun her katman\u0131na ula\u015farak enerji verimlili\u011fi konusunda bilin\u00e7 olu\u015fturma gayreti i\u00e7indeyiz.\u201d diyen Kibar, proje kapsam\u0131nda kad\u0131nlara y\u00f6nelik, enerjinin verimli kullan\u0131lmas\u0131 konusunda anket yapt\u0131klar\u0131n\u0131 dile getirerek, \u015funlar\u0131 s\u00f6yledi:<\/p>\n<p>\u201c\u00dclke genelinde bug\u00fcn 10\u2019uncu program\u0131m\u0131z\u0131 ger\u00e7ekle\u015ftiriyoruz. Amac\u0131m\u0131z kullan\u0131lan enerjiyi daha etkin, daha verimli ya da daha ak\u0131ll\u0131 kullanarak bu tasarrufu s\u00fcrd\u00fcr\u00fclebilir \u015fekilde sa\u011flayabilmek ve ileriki nesillere intikal ettirmek. Sizin yapaca\u011f\u0131n\u0131z ufak tasarruflar, ataca\u011f\u0131n\u0131z ufak ad\u0131mlar, \u00e7ok daha b\u00fcy\u00fck hedeflerin ve \u00fclkemiz i\u00e7in de ileriye y\u00f6nelik tasarruflar\u0131n olu\u015fumuna imk\u00e2n sa\u011flayacakt\u0131r.\u201d Kars Valisi Ey\u00fcp Tepe de yenilenebilir kaynaklar\u0131 \u00e7ok verimli kullanamad\u0131\u011f\u0131m\u0131z\u0131 s\u00f6yledi.<\/p>\n<p>\u201cEnerji Han\u0131m\u201d karakterini canland\u0131ran tiyatro ve sinema oyuncusu S\u00fceda \u00c7il ise programa kat\u0131lan kad\u0131nlara, evlerde <strong>enerjinin<\/strong> nas\u0131l daha <strong>verimli<\/strong> kullan\u0131labilece\u011fi konusunda bilgi verdi.<\/p>\n<p>Kaynak: <a href=\"http:\/\/enerjienstitusu.com\/2013\/05\/03\/kadinlar-isterse-enerjide-4-milyar-lira-tasarruf-ederiz\/\" target=\"_blank\">Enerji Enstit\u00fcs\u00fc<\/a><\/p>","protected":false},"excerpt":{"rendered":"<p>Sorry, this entry is only available in Turkish. For the sake of viewer convenience, the content is shown below in the alternative language. You may click the link to switch the active language.Enerji ve Tabii Kaynaklar Bakanl\u0131\u011f\u0131 ile Aile ve Sosyal Politikalar Bakanl\u0131\u011f\u0131, bir s\u00fcredir kad\u0131nlar\u0131 dikkate alarak T\u00fcrkiye\u2019nin \u00e7e\u015fitli illerinde Enerji Han\u0131m adl\u0131 bir [&hellip;]<\/p>\n","protected":false},"author":1,"featured_media":10478,"comment_status":"open","ping_status":"open","sticky":false,"template":"","format":"standard","meta":[],"categories":[53,52],"tags":[2827,5069,63,67,1530,103,148,12,1525,4992,793],"views":622,"_links":{"self":[{"href":"https:\/\/www.enerjigazetesi.ist\/en\/wp-json\/wp\/v2\/posts\/10477"}],"collection":[{"href":"https:\/\/www.enerjigazetesi.ist\/en\/wp-json\/wp\/v2\/posts"}],"about":[{"href":"https:\/\/www.enerjigazetesi.ist\/en\/wp-json\/wp\/v2\/types\/post"}],"author":[{"embeddable":true,"href":"https:\/\/www.enerjigazetesi.ist\/en\/wp-json\/wp\/v2\/users\/1"}],"replies":[{"embeddable":true,"href":"https:\/\/www.enerjigazetesi.ist\/en\/wp-json\/wp\/v2\/comments?post=10477"}],"version-history":[{"count":2,"href":"https:\/\/www.enerjigazetesi.ist\/en\/wp-json\/wp\/v2\/posts\/10477\/revisions"}],"predecessor-version":[{"id":10480,"href":"https:\/\/www.enerjigazetesi.ist\/en\/wp-json\/wp\/v2\/posts\/10477\/revisions\/10480"}],"wp:featuredmedia":[{"embeddable":true,"href":"https:\/\/www.enerjigazetesi.ist\/en\/wp-json\/wp\/v2\/media\/10478"}],"wp:attachment":[{"href":"https:\/\/www.enerjigazetesi.ist\/en\/wp-json\/wp\/v2\/media?parent=10477"}],"wp:term":[{"taxonomy":"category","embeddable":true,"href":"https:\/\/www.enerjigazetesi.ist\/en\/wp-json\/wp\/v2\/categories?post=10477"},{"taxonomy":"post_tag","embeddable":true,"href":"https:\/\/www.enerjigazetesi.ist\/en\/wp-json\/wp\/v2\/tags?post=10477"}],"curies":[{"name":"wp","href":"https:\/\/api.w.org\/{rel}","templated":true}]}}