{"id":104705,"date":"2019-12-16T11:45:24","date_gmt":"2019-12-16T08:45:24","guid":{"rendered":"https:\/\/www.enerjigazetesi.ist\/?p=104705"},"modified":"2019-12-16T11:46:08","modified_gmt":"2019-12-16T08:46:08","slug":"dunya-enerji-gorunumu-2019-turkiye-lansmani-20-aralik-ta-istanbul-da","status":"publish","type":"post","link":"https:\/\/www.enerjigazetesi.ist\/en\/dunya-enerji-gorunumu-2019-turkiye-lansmani-20-aralik-ta-istanbul-da\/","title":{"rendered":"(Turkish) &#8221;D\u00fcnya Enerji G\u00f6r\u00fcn\u00fcm\u00fc 2019&#8243; T\u00fcrkiye Lansman\u0131 20 Aral\u0131k\u2019ta \u0130stanbul&#8217;da!"},"content":{"rendered":"<p class=\"qtranxs-available-languages-message qtranxs-available-languages-message-en\">Sorry, this entry is only available in <a href=\"https:\/\/www.enerjigazetesi.ist\/tr\/wp-json\/wp\/v2\/posts\/104705\" class=\"qtranxs-available-language-link qtranxs-available-language-link-tr\" title=\"Turkish\">Turkish<\/a>. For the sake of viewer convenience, the content is shown below in the alternative language. You may click the link to switch the active language.<\/p><p><\/p>\n<h1>2010 y\u0131l\u0131ndan g\u00fcn\u00fcm\u00fcze enerji ve iklim alanlar\u0131nda yer alan en \u00fcst d\u00fczey payda\u015flar\u0131 bir araya getiren kamu-sanayi-\u00fcniversite ba\u011flam\u0131nda se\u00e7kin bir platform sa\u011flayarak fikir al\u0131\u015fveri\u015fini ve geli\u015fimini te\u015fvik eden <strong>Sabanc\u0131 \u00dcniversitesi \u0130stanbul Uluslararas\u0131 Enerji ve \u0130klim Merkezi (IICEC)<\/strong>, enerji d\u00fcnyas\u0131n\u0131n liderlerini, bu y\u0131l<strong> 10\u2019uncusu d\u00fczenlenen<\/strong> <strong>IICEC Enerji Konferans<\/strong><strong>\u0131<\/strong><strong>\u2019<\/strong>nda bulu\u015fturacak. <strong>D\u00fcnya Enerji G\u00f6r\u00fcn\u00fcm\u00fc 2019 Raporu<\/strong>\u2019nun (World Energy Outlook 2019) <strong>T\u00fcrkiye Lansman\u0131\u2019n\u0131n<\/strong> ger\u00e7ekle\u015fece\u011fi konferans <strong>20 Aral<\/strong><strong>\u0131<\/strong><strong>k Cuma<\/strong> g\u00fcn\u00fc \u0130stanbul\u2019da ger\u00e7ekle\u015ftirilecek.<\/h1>\n<p>Sabanc\u0131 \u00dcniversitesi Kurucu M\u00fctevelli Heyeti Ba\u015fkan\u0131 <strong>G\u00fcler Sabanc<\/strong><strong>\u0131<\/strong> ve Sabanc\u0131 \u00dcniversitesi IICEC Direkt\u00f6r\u00fc<strong> Prof. Carmine Difiglio<\/strong>\u2019nun ev sahipli\u011finde d\u00fczenlenecek konferansta <strong>Onur Konu\u011fu<\/strong> <em>keynote<\/em> konu\u015fmac\u0131s\u0131 Enerji ve Tabii Kaynaklar Bakan\u0131 <strong>Fatih D\u00f6nmez<\/strong> olacak.<\/p>\n<p><strong><img loading=\"lazy\" class=\"alignright wp-image-104707\" src=\"https:\/\/www.enerjigazetesi.ist\/wp-content\/uploads\/2019\/12\/dunya-enerji-gorunumu-2019-turkiye-lansmani-20-aralik-ta-istanbul-da.jpg\" alt=\"\" width=\"320\" height=\"238\" srcset=\"https:\/\/www.enerjigazetesi.ist\/wp-content\/uploads\/2019\/12\/dunya-enerji-gorunumu-2019-turkiye-lansmani-20-aralik-ta-istanbul-da.jpg 518w, https:\/\/www.enerjigazetesi.ist\/wp-content\/uploads\/2019\/12\/dunya-enerji-gorunumu-2019-turkiye-lansmani-20-aralik-ta-istanbul-da-300x223.jpg 300w, https:\/\/www.enerjigazetesi.ist\/wp-content\/uploads\/2019\/12\/dunya-enerji-gorunumu-2019-turkiye-lansmani-20-aralik-ta-istanbul-da-500x372.jpg 500w, https:\/\/www.enerjigazetesi.ist\/wp-content\/uploads\/2019\/12\/dunya-enerji-gorunumu-2019-turkiye-lansmani-20-aralik-ta-istanbul-da-67x50.jpg 67w\" sizes=\"(max-width: 320px) 100vw, 320px\" \/>D\u00fcnya Enerji G\u00f6r\u00fcn\u00fcm\u00fc 2019 Raporu\u2019nun (World Energy Outlook 2019)<\/strong> sunumunun <strong>IEA Ba<\/strong><strong>\u015f<\/strong><strong>kan<\/strong><strong>\u0131<\/strong><strong> Dr. Fatih Birol<\/strong> taraf\u0131ndan ger\u00e7ekle\u015ftirilece\u011fi <strong>10&#8217;uncu IICEC Enerji Konferans<\/strong><strong>\u0131<\/strong>\u2019na, \u00fcst d\u00fczey kamu temsilcileri, ulusal ve uluslararas\u0131 enerji sekt\u00f6r\u00fcn\u00fcn k\u00fcresel lider kurulu\u015flar\u0131n\u0131n y\u00f6neticileri ile \u00f6nde gelen \u00fcniversitelerin, politika merkezlerinin ve d\u00fc\u015f\u00fcnce kurulu\u015flar\u0131n\u0131n temsilcileri kat\u0131lacak.<\/p>\n<p><strong> IICEC Enerji Konferans<\/strong><strong>\u0131<\/strong> kapsam\u0131nda yap\u0131lacak <strong>\u201cT\u00fcrkiye Enerji Sekt\u00f6r\u00fc Liderleri\u201d<\/strong> ba\u015fl\u0131kl\u0131 panelde ise sekt\u00f6r\u00fcn \u00f6nde gelen isimleri, enerjinin gelece\u011fini de\u011ferlendirerek, yeni \u00e7\u00f6z\u00fcmleri tart\u0131\u015facak. Uluslararas\u0131 Enerji Ajans\u0131 Ba\u015fkan\u0131 <strong>Dr. Fatih Birol<\/strong>\u2019un moderat\u00f6rl\u00fc\u011f\u00fcnde ger\u00e7ekle\u015fecek panelde, Zorlu Enerji CEO\u2019su <strong>Sinan Ak, <\/strong>Garanti Bankas\u0131 Genel M\u00fcd\u00fcr Yard\u0131mc\u0131s\u0131<strong> Ebru Dildar Edin, <\/strong>Shell T\u00fcrkiye \u00dclke Ba\u015fkan\u0131<strong> Ahmet Erdem, <\/strong>SOCAR T\u00fcrkiye CEO\u2019su<strong> Zaur Gahramanov, <\/strong>Limak Yat\u0131r\u0131m Y\u00f6netim Kurulu Ba\u015fkan\u0131<strong> Ebru \u00d6zdemir <\/strong>ve Sabanc\u0131 Holding Enerji Grup Ba\u015fkan\u0131<strong> K<\/strong><strong>\u0131<\/strong><strong>van<\/strong><strong>\u00e7<\/strong><strong> Zaimler<\/strong> panelist olarak yer alacak.<\/p>\n<p>K\u00fcresel enerjinin \u2018Bulu\u015fma Noktas\u0131\u2019 ve enerji politikalar\u0131na y\u00f6n veren <strong>\u201cKutup Y\u0131ld\u0131z\u0131\u201d<\/strong> olarak tan\u0131mlanan <strong>Sabanc\u0131 \u00dcniversitesi \u0130stanbul Uluslararas\u0131 Enerji ve \u0130klim Merkezi (IICEC)<\/strong>, enerji ve iklim alan\u0131nda analitik, objektif ve gelecek odakl\u0131 ara\u015ft\u0131rmalar \u00fcreterek, b\u00f6lge ve d\u00fcnya i\u00e7in s\u00fcrd\u00fcr\u00fclebilir bir gelece\u011fe y\u00f6nelik \u00e7\u00f6z\u00fcmlerin geli\u015ftirilmesine katk\u0131da bulunmak hedefiyle \u00e7al\u0131\u015fmalar\u0131n\u0131 s\u00fcrd\u00fcr\u00fcyor.<\/p>\n<p>H\u00fck\u00fcmetler, end\u00fcstri payda\u015flar\u0131, uluslararas\u0131 organizasyonlar, di\u011fer \u00fcniversiteler, d\u00fc\u015f\u00fcnce ve ara\u015ft\u0131rma kurulu\u015flar\u0131 ile etkile\u015fim i\u00e7inde faaliyetlerini y\u00fcr\u00fcten IICEC; karar al\u0131c\u0131lar\u0131, end\u00fcstri temsilcilerini ve akademisyenleri <strong>enerjide f\u0131rsatlar ve iyile\u015fme alanlar\u0131<\/strong> konusunda bilgilendirmeyi ve <strong>nesnel analizler sunmay\u0131<\/strong> ama\u00e7lamaktad\u0131r.<\/p>","protected":false},"excerpt":{"rendered":"<p>Sorry, this entry is only available in Turkish. For the sake of viewer convenience, the content is shown below in the alternative language. You may click the link to switch the active language. 2010 y\u0131l\u0131ndan g\u00fcn\u00fcm\u00fcze enerji ve iklim alanlar\u0131nda yer alan en \u00fcst d\u00fczey payda\u015flar\u0131 bir araya getiren kamu-sanayi-\u00fcniversite ba\u011flam\u0131nda se\u00e7kin bir platform sa\u011flayarak [&hellip;]<\/p>\n","protected":false},"author":1,"featured_media":104707,"comment_status":"open","ping_status":"open","sticky":false,"template":"","format":"standard","meta":[],"categories":[51,53,52],"tags":[62660,8498,42770,1024,63017,23216,18324,52259,63019,27530,1049,1023,5232,62656,57990,21689,63018,35718,57846,4018,2582,5873,1022,63016],"views":321,"_links":{"self":[{"href":"https:\/\/www.enerjigazetesi.ist\/en\/wp-json\/wp\/v2\/posts\/104705"}],"collection":[{"href":"https:\/\/www.enerjigazetesi.ist\/en\/wp-json\/wp\/v2\/posts"}],"about":[{"href":"https:\/\/www.enerjigazetesi.ist\/en\/wp-json\/wp\/v2\/types\/post"}],"author":[{"embeddable":true,"href":"https:\/\/www.enerjigazetesi.ist\/en\/wp-json\/wp\/v2\/users\/1"}],"replies":[{"embeddable":true,"href":"https:\/\/www.enerjigazetesi.ist\/en\/wp-json\/wp\/v2\/comments?post=104705"}],"version-history":[{"count":0,"href":"https:\/\/www.enerjigazetesi.ist\/en\/wp-json\/wp\/v2\/posts\/104705\/revisions"}],"wp:featuredmedia":[{"embeddable":true,"href":"https:\/\/www.enerjigazetesi.ist\/en\/wp-json\/wp\/v2\/media\/104707"}],"wp:attachment":[{"href":"https:\/\/www.enerjigazetesi.ist\/en\/wp-json\/wp\/v2\/media?parent=104705"}],"wp:term":[{"taxonomy":"category","embeddable":true,"href":"https:\/\/www.enerjigazetesi.ist\/en\/wp-json\/wp\/v2\/categories?post=104705"},{"taxonomy":"post_tag","embeddable":true,"href":"https:\/\/www.enerjigazetesi.ist\/en\/wp-json\/wp\/v2\/tags?post=104705"}],"curies":[{"name":"wp","href":"https:\/\/api.w.org\/{rel}","templated":true}]}}