{"id":104673,"date":"2019-12-16T08:39:58","date_gmt":"2019-12-16T05:39:58","guid":{"rendered":"https:\/\/www.enerjigazetesi.ist\/?p=104673"},"modified":"2019-12-16T08:44:39","modified_gmt":"2019-12-16T05:44:39","slug":"evd-istisare-toplantisinda-bakan-donmez-onemli-aciklamalarda-bulundu","status":"publish","type":"post","link":"https:\/\/www.enerjigazetesi.ist\/en\/evd-istisare-toplantisinda-bakan-donmez-onemli-aciklamalarda-bulundu\/","title":{"rendered":"(Turkish) &#8217;EVD \u0130sti\u015fare Toplant\u0131s\u0131&#8217;nda Bakan D\u00f6nmez \u00d6nemli A\u00e7\u0131klamalarda Bulundu"},"content":{"rendered":"<p class=\"qtranxs-available-languages-message qtranxs-available-languages-message-en\">Sorry, this entry is only available in <a href=\"https:\/\/www.enerjigazetesi.ist\/tr\/wp-json\/wp\/v2\/posts\/104673\" class=\"qtranxs-available-language-link qtranxs-available-language-link-tr\" title=\"Turkish\">Turkish<\/a>. For the sake of viewer convenience, the content is shown below in the alternative language. You may click the link to switch the active language.<\/p><p><\/p>\n<h1>Enerji ve Tabii Kaynaklar Bakan\u0131 Fatih D\u00f6nmez, Enerji Verimlili\u011fi Derne\u011fi \u0130sti\u015fare Toplant\u0131s\u0131&#8217;nda yapt\u0131\u011f\u0131 konu\u015fmada, T\u00fcrkiye&#8217;nin enerji zengini bir \u00fclke olmad\u0131\u011f\u0131n\u0131 ve yurtd\u0131\u015f\u0131 kaynakl\u0131 her enerjinin ekonomiye y\u00fck oldu\u011funu s\u00f6yledi. T\u00fcrkiye&#8217;nin enerji talebinin de giderek artt\u0131\u011f\u0131n\u0131 kaydeden D\u00f6nmez, enerji yo\u011funlu\u011funun geli\u015fmi\u015f \u00fclkelere k\u0131yasla % 40&#8217;a yak\u0131n azalt\u0131labilecek bir potansiyel oldu\u011funu dile getirdi.<img loading=\"lazy\" class=\"alignright wp-image-104676\" src=\"https:\/\/www.enerjigazetesi.ist\/wp-content\/uploads\/2019\/12\/evd-istisare-toplantisinda-bakan-donmez-onemli-aciklamalarda-bulundu.jpg\" alt=\"\" width=\"320\" height=\"206\" srcset=\"https:\/\/www.enerjigazetesi.ist\/wp-content\/uploads\/2019\/12\/evd-istisare-toplantisinda-bakan-donmez-onemli-aciklamalarda-bulundu.jpg 691w, https:\/\/www.enerjigazetesi.ist\/wp-content\/uploads\/2019\/12\/evd-istisare-toplantisinda-bakan-donmez-onemli-aciklamalarda-bulundu-300x193.jpg 300w, https:\/\/www.enerjigazetesi.ist\/wp-content\/uploads\/2019\/12\/evd-istisare-toplantisinda-bakan-donmez-onemli-aciklamalarda-bulundu-500x321.jpg 500w, https:\/\/www.enerjigazetesi.ist\/wp-content\/uploads\/2019\/12\/evd-istisare-toplantisinda-bakan-donmez-onemli-aciklamalarda-bulundu-78x50.jpg 78w\" sizes=\"(max-width: 320px) 100vw, 320px\" \/><\/h1>\n<p>D\u00f6nmez, bu y\u00fczden enerji verimlili\u011finin <strong>toplumsal k\u00fclt\u00fcr\u00fcn bir par\u00e7as\u0131<\/strong> haline getirilmesi gerekti\u011fini ifade ederek, <span style=\"text-decoration: underline;\">\u015f\u00f6yle devam etti:<\/span><\/p>\n<p>&#8220;Enerji verimlili\u011fini k\u0131sa d\u00f6nemli bir <strong>gider kalemi<\/strong> de\u011fil, aksine getirileriyle hem <strong>aile b\u00fct\u00e7esine<\/strong> hem de <strong>\u00fclke b\u00fct\u00e7esine<\/strong> getirileri olan, uzun vadede karl\u0131l\u0131\u011f\u0131 y\u00fcksek bir <strong>ticari yat\u0131r\u0131m arac\u0131<\/strong> olarak g\u00f6rmeliyiz. Her sene elektrik ve do\u011fal gazda <strong>vatanda\u015f memnuniyetini<\/strong> \u00f6l\u00e7en anketler yapt\u0131r\u0131yoruz. Bu sene ilk defa sorular\u0131m\u0131z i\u00e7inde <strong>enerji verimlili\u011fi uygulamalar\u0131n\u0131<\/strong> \u00f6l\u00e7en sorular da oldu. Enerji verimlili\u011fi uygulamalar\u0131nda her sene artan bir grafik s\u00f6z konusu. Son olarak <strong>do\u011fal gaz da\u011f\u0131t\u0131m sekt\u00f6r\u00fc<\/strong> i\u00e7in yapt\u0131rd\u0131\u011f\u0131m\u0131z ankette, son <strong>1 y\u0131l i\u00e7inde<\/strong> evinde <strong>enerji verimlili\u011fi uygulamas\u0131<\/strong> yapanlar\u0131n\u0131n oran\u0131n\u0131n <strong>% 40&#8217;a<\/strong> kadar y\u00fckseldi\u011fini g\u00f6r\u00fcyoruz. \u0130stedi\u011fimiz oranda de\u011fil ama bu y\u00f6nde pozitif bir geli\u015fme var.&#8221;<\/p>\n<h2><strong>&#8220;Kamu \u00f6nc\u00fcl\u00fck edecek&#8221;<\/strong><\/h2>\n<p>T\u00fcrkiye&#8217;nin<strong> Ulusal Enerji Verimlili\u011fi Eylem Plan\u0131<\/strong>&#8216;n\u0131 yakla\u015f\u0131k <strong>1,5 y\u0131l \u00f6nce<\/strong> uygulamaya ba\u015flad\u0131\u011f\u0131n\u0131 an\u0131msatan D\u00f6nmez, bu kapsamda <strong>2017-2018 d\u00f6neminde<\/strong> enerji verimlili\u011fine 1,35 milyar dolar yat\u0131r\u0131m yap\u0131ld\u0131\u011f\u0131n\u0131 s\u00f6yledi.<\/p>\n<p>Bakan D\u00f6nmez, bu yat\u0131r\u0131m\u0131n kar\u015f\u0131l\u0131\u011f\u0131nda <strong>308 milyon dolarl\u0131k bir enerji tasarrufu<\/strong> elde edildi\u011fini belirterek, &#8220;Bu konuda kamunun \u00f6rnek olmas\u0131n\u0131 istiyoruz. <strong>Cumhurba\u015fkanl\u0131\u011f\u0131 Genelgesi<\/strong> kapsam\u0131nda 2023 sonuna kadar kamu binalar\u0131 i\u00e7in en az <strong>% 15 enerji tasarrufu<\/strong> elde edilmesi gerekiyor. Kamu binalar\u0131ndaki d\u00f6n\u00fc\u015f\u00fcm i\u00e7in <strong>D\u00fcnya Bankas\u0131<\/strong>&#8216;ndan yakla\u015f\u0131k <strong>4 milyon dolar\u0131<\/strong> hibe olmak \u00fczere <strong>200 milyon dolarl\u0131k kredi<\/strong> temin ettik. Kamunun <strong>y\u0131ll\u0131k enerji gideri<\/strong> yakla\u015f\u0131k <strong>6 milyar lira<\/strong>. Yapt\u0131\u011f\u0131m\u0131z \u00e7al\u0131\u015fmalar sonucu burada <strong>% 40<\/strong>&#8216;a varan, yani <strong>2,4 milyar liral\u0131k enerji tasarruf<\/strong> potansiyeli s\u00f6z konusu.&#8221; bilgisini payla\u015ft\u0131.<\/p>\n<p>Bu potansiyelin ger\u00e7ekle\u015fmesi i\u00e7in de <strong>Enerji Performans S\u00f6zle\u015fmelerini (EPS)<\/strong> devreye alacaklar\u0131n\u0131 dile getiren D\u00f6nmez, &#8220;EPS ile kamu idarelerinin maliyetlerini, sa\u011flad\u0131klar\u0131 tasarruflar kar\u015f\u0131layacak. <strong>15 y\u0131la kadar<\/strong> uzun d\u00f6nemli s\u00f6zle\u015fme yapabilme imkan\u0131 getirildi. <strong>Enerji verimlili\u011fi dan\u0131\u015fmanl\u0131k \u015firketleri<\/strong> kurumlarda et\u00fctlerini yapacak ve <strong>uygulanacak verimlilik \u00f6nlemlerini<\/strong> belirleyecek. Uygulama a\u015famas\u0131ndan sonra, referans t\u00fcketimle yeni t\u00fcketim aras\u0131ndaki fark\u0131 tahsil edecek ve sistemi s\u00fcre\u00e7 sonunda kurumlara devredecek. Asl\u0131nda, <strong>kazan-kazan modelinin<\/strong> en g\u00fczel \u00f6rne\u011fi.&#8221; diye konu\u015ftu.<\/p>\n<h2><strong>&#8220;Yeni finansman \u00fczerinde \u00e7al\u0131\u015fmalar s\u00fcr\u00fcyor&#8221;<\/strong><\/h2>\n<p>D\u00f6nmez, enerji verimlili\u011fini \u00e7e\u015fitli uygulamalarla toplumun t\u00fcm kesimlerine yaymay\u0131 hedeflediklerini ifade ederek, bu kapsamda <strong>&#8220;Akl\u0131nla Verimli Ya\u015fa&#8221;<\/strong> slogan\u0131yla bir <strong>ileti\u015fim kampanyas\u0131<\/strong> ba\u015flatt\u0131klar\u0131n\u0131 a\u00e7\u0131klad\u0131.<\/p>\n<p>Bu kampanyayla hanelerde <strong>enerji verimlili\u011fiyle<\/strong> ilgili \u00f6nce fark\u0131ndal\u0131k yarat\u0131lmas\u0131, bilin\u00e7 seviyesinin art\u0131r\u0131lmas\u0131 ve bunun davran\u0131\u015f de\u011fi\u015fikli\u011fine d\u00f6nmesini ama\u00e7lad\u0131klar\u0131n\u0131 anlatan D\u00f6nmez, \u015funlar\u0131 <span style=\"text-decoration: underline;\">dile getirdi:<\/span><\/p>\n<p>&#8220;Kampanyayla enerji verimlili\u011fini te\u015fvik ederken, <strong>\u00e7evreyi koruma ve enerjide d\u0131\u015fa ba\u011f\u0131ml\u0131l\u0131\u011f\u0131n azalt\u0131lmas\u0131<\/strong> gibi konularda da fark\u0131ndal\u0131k art\u0131r\u0131c\u0131 i\u00e7erikleri de zamanla payla\u015faca\u011f\u0131z. <strong>Enerji verimlili\u011fi faaliyetlerini<\/strong> art\u0131racak en \u00f6nemli ba\u015fl\u0131klardan biri de finansmand\u0131r. <strong>Enerji verimlili\u011finin<\/strong> ticari bir \u00fcr\u00fcn haline gelerek piyasa kar\u015f\u0131l\u0131\u011f\u0131n\u0131n olu\u015fturuldu\u011fu <strong>yeni nesil modeller<\/strong> \u00fczerinde \u00e7al\u0131\u015f\u0131yoruz. Bu kapsamda, <strong>Hazine ve Maliye Bakanl\u0131\u011f\u0131<\/strong> koordinat\u00f6rl\u00fc\u011f\u00fcnde <strong>D\u00fcnya Bankas\u0131<\/strong> ile <strong>200 milyon dolar<\/strong>, <strong>Avrupa \u0130mar ve Kalk\u0131nma Bankas\u0131<\/strong> ile de <strong>50 milyon avroluk<\/strong> bir \u00e7al\u0131\u015fma y\u00fcr\u00fct\u00fcyoruz. D\u00fcnya Bankas\u0131 ile ayr\u0131ca yerel y\u00f6netimleri de kapsayan 300 milyon dolarl\u0131k daha kapsaml\u0131 bir finansman \u00fczerinde \u00e7al\u0131\u015f\u0131yoruz.&#8221;<\/p>\n<h2>&#8220;Yeni bir istihdam alan\u0131&#8221;<\/h2>\n<p><strong>Enerji Verimlili\u011fi Derne\u011fi<\/strong> Ba\u015fkan\u0131 <strong>Murat Kals\u0131n<\/strong> da enerji verimlili\u011fine ge\u00e7en y\u0131l d\u00fcnya \u00e7ap\u0131nda <strong>234 milyar dolar yat\u0131r\u0131m<\/strong> yap\u0131ld\u0131\u011f\u0131n\u0131 ve bu sekt\u00f6rdeki yat\u0131r\u0131mlar\u0131n <strong>enerji \u00fcretim yat\u0131r\u0131mlar\u0131yla<\/strong> neredeyse e\u015fit seviyeye geldi\u011fini dile getirdi.<\/p>\n<p>T\u00fcrkiye&#8217;nin her y\u0131l <strong>700 binin \u00fczerinde<\/strong> gence <strong>yeni i\u015f imkan\u0131 olu\u015fturmas\u0131<\/strong> gerekti\u011fine dikkati \u00e7eken Kals\u0131n, <strong>enerji verimlili\u011finin kalifiye gen\u00e7lerin<\/strong> i\u015f hayat\u0131na at\u0131lmas\u0131n\u0131 sa\u011flayarak <strong>istihdam olu\u015fturacak<\/strong> yeni ve \u00f6nemli bir <strong>sekt\u00f6r oldu\u011funu<\/strong> s\u00f6yledi.<\/p>\n<p><strong>&#8220;Akl\u0131nla Verimli Ya\u015fa&#8221;<\/strong> slogan\u0131yla ba\u015flat\u0131lan <strong>&#8220;Enerji Verimlili\u011fi ve Yenilenebilir Enerji Alanlar\u0131nda Kamu Fark\u0131ndal\u0131\u011f\u0131n\u0131n Art\u0131r\u0131lmas\u0131&#8221;<\/strong> ileti\u015fim kampanyas\u0131, <strong>Enerji ve Tabii Kaynaklar Bakanl\u0131\u011f\u0131<\/strong> taraf\u0131ndan <strong>Avrupa Birli\u011fi (AB) hibesi ve D\u00fcnya Bankas\u0131<\/strong> ile birlikte y\u00fcr\u00fct\u00fcl\u00fcyor.<\/p>","protected":false},"excerpt":{"rendered":"<p>Sorry, this entry is only available in Turkish. For the sake of viewer convenience, the content is shown below in the alternative language. You may click the link to switch the active language. Enerji ve Tabii Kaynaklar Bakan\u0131 Fatih D\u00f6nmez, Enerji Verimlili\u011fi Derne\u011fi \u0130sti\u015fare Toplant\u0131s\u0131&#8217;nda yapt\u0131\u011f\u0131 konu\u015fmada, T\u00fcrkiye&#8217;nin enerji zengini bir \u00fclke olmad\u0131\u011f\u0131n\u0131 ve yurtd\u0131\u015f\u0131 [&hellip;]<\/p>\n","protected":false},"author":1,"featured_media":104676,"comment_status":"open","ping_status":"open","sticky":false,"template":"","format":"standard","meta":[],"categories":[53,52],"tags":[62994,62992,55093,6966,62995,52259,988,1389,40052,1525,62505,26559,486,1660,62991,27530,62993,42525,24245,793],"views":238,"_links":{"self":[{"href":"https:\/\/www.enerjigazetesi.ist\/en\/wp-json\/wp\/v2\/posts\/104673"}],"collection":[{"href":"https:\/\/www.enerjigazetesi.ist\/en\/wp-json\/wp\/v2\/posts"}],"about":[{"href":"https:\/\/www.enerjigazetesi.ist\/en\/wp-json\/wp\/v2\/types\/post"}],"author":[{"embeddable":true,"href":"https:\/\/www.enerjigazetesi.ist\/en\/wp-json\/wp\/v2\/users\/1"}],"replies":[{"embeddable":true,"href":"https:\/\/www.enerjigazetesi.ist\/en\/wp-json\/wp\/v2\/comments?post=104673"}],"version-history":[{"count":0,"href":"https:\/\/www.enerjigazetesi.ist\/en\/wp-json\/wp\/v2\/posts\/104673\/revisions"}],"wp:featuredmedia":[{"embeddable":true,"href":"https:\/\/www.enerjigazetesi.ist\/en\/wp-json\/wp\/v2\/media\/104676"}],"wp:attachment":[{"href":"https:\/\/www.enerjigazetesi.ist\/en\/wp-json\/wp\/v2\/media?parent=104673"}],"wp:term":[{"taxonomy":"category","embeddable":true,"href":"https:\/\/www.enerjigazetesi.ist\/en\/wp-json\/wp\/v2\/categories?post=104673"},{"taxonomy":"post_tag","embeddable":true,"href":"https:\/\/www.enerjigazetesi.ist\/en\/wp-json\/wp\/v2\/tags?post=104673"}],"curies":[{"name":"wp","href":"https:\/\/api.w.org\/{rel}","templated":true}]}}