{"id":10462,"date":"2013-05-03T16:16:02","date_gmt":"2013-05-03T13:16:02","guid":{"rendered":"https:\/\/www.enerjigazetesi.ist\/?p=10462"},"modified":"2013-05-03T16:33:35","modified_gmt":"2013-05-03T13:33:35","slug":"nukleer-santral-icin-geldi","status":"publish","type":"post","link":"https:\/\/www.enerjigazetesi.ist\/en\/nukleer-santral-icin-geldi\/","title":{"rendered":"(Turkish) Japonya Ba\u015fbakan\u0131 N\u00fckleer Santral \u0130\u00e7in \u00dclkemizde&#8230;"},"content":{"rendered":"<p class=\"qtranxs-available-languages-message qtranxs-available-languages-message-en\">Sorry, this entry is only available in <a href=\"https:\/\/www.enerjigazetesi.ist\/tr\/wp-json\/wp\/v2\/posts\/10462\" class=\"qtranxs-available-language-link qtranxs-available-language-link-tr\" title=\"Turkish\">Turkish<\/a>. For the sake of viewer convenience, the content is shown below in the alternative language. You may click the link to switch the active language.<\/p><p><\/p>\n<div id=\"HaberMetni\">\n<table border=\"0\" cellspacing=\"0\" cellpadding=\"0\">\n<tbody>\n<tr>\n<td>\n<div>\n<div><img loading=\"lazy\" class=\"alignright\" src=\"http:\/\/www.energyworld.com.tr\/newpics\/11413\/020520131823222865432_2.jpg\" alt=\"N\u00fckleer Santral \u0130\u00e7in Geldi\" width=\"282\" height=\"289\" align=\"left\" \/><strong>Japonya Ba\u015fbakan\u0131 \u015einzo Abe\u2019nin T\u00fcrkiye ziyaretinde Sinop\u2019ta kurulmas\u0131 planlanan ikinci n\u00fckleer santral i\u00e7in imzalar\u0131n at\u0131lmas\u0131 bekleniyor.<\/strong><\/div>\n<div><\/div>\n<div>T\u00fcrkiye 50 y\u0131ll\u0131k n\u00fckleer hayalini ger\u00e7ekle\u015ftirmek i\u00e7in Mersin Akkuyu\u2019da santral yap\u0131lmas\u0131 konusunda Rus firmayla anla\u015fma imzalamas\u0131n\u0131n ard\u0131ndan, Sinop\u2019ta in\u015fa edilecek ikinci santral i\u00e7in Japonya ile i\u015fbirli\u011fi g\u00fcndemde.<\/div>\n<div><\/div>\n<div>Bug\u00fcn resmi ziyaret i\u00e7in T\u00fcrkiye\u2019ye gelecek Japonya Ba\u015fbakan\u0131 \u015einzo Abe, Cihan Haber Ajans\u0131\u2019na yapt\u0131\u011f\u0131 a\u00e7\u0131klamada T\u00fcrkiye ile g\u00fcvenli ve en \u00fcst\u00fcn teknoloji ile i\u015fbirli\u011fi yapmak istediklerini s\u00f6yledi. Abe, \u201cBa\u015fbakan Tayyip Erdo\u011fan ile ger\u00e7ekle\u015ftirece\u011fimiz toplant\u0131da, Japonya-T\u00fcrkiye ili\u015fkilerinin g\u00fc\u00e7lendirilmesine y\u00f6nelik somut politikalar hakk\u0131nda detayl\u0131 g\u00f6r\u00fc\u015fmeler yapmay\u0131 ve sonu\u00e7 almay\u0131 \u00fcmit ediyorum.\u201d dedi.<\/div>\n<div><\/div>\n<div>Japonya\u2019n\u0131n en \u00e7ok satan Yomiuri gazetesinde ge\u00e7ti\u011fimiz g\u00fcnlerde yer alan habere g\u00f6re, Abe\u2019nin Ankara ziyareti s\u0131ras\u0131nda Japonya ile T\u00fcrkiye aras\u0131nda n\u00fckleer santralin in\u015fas\u0131na y\u00f6nelik temel anla\u015fma sa\u011flanacak. 2017\u2019de yap\u0131m\u0131na ba\u015flanacak santralin, 2023\u2019te devreye girmesi planlan\u0131yor. 22 milyar dolarl\u0131k proje Japon Mitsubishi ile Frans\u0131z Areva \u015firketinin ortakl\u0131\u011f\u0131nda ger\u00e7ekle\u015ftirilecek.<\/div>\n<div><\/div>\n<div>Ba\u015fbakan Abe, n\u00fckleer enerji santralinin yap\u0131m\u0131n\u0131n yan\u0131 s\u0131ra ba\u015fka somut projelerde de i\u015fbirli\u011fi potansiyeli oldu\u011funu d\u00fc\u015f\u00fcnd\u00fc\u011f\u00fcn\u00fc kaydetti. Abe, \u201cSadece n\u00fckleer alanda kalmadan b\u00fcy\u00fck \u00f6l\u00e7ekli altyap\u0131 \u00e7al\u0131\u015fmalar\u0131, uzay, sa\u011fl\u0131k, g\u0131da \u00fcr\u00fcnleri ve turizm gibi geni\u015f alanlardaki somut projelere ili\u015fkin i\u015fbirli\u011fi potansiyelimiz de mevcut diye d\u00fc\u015f\u00fcn\u00fcyorum.\u201d dedi. Abe\u2019nin T\u00fcrkiye ziyaretine Japon \u0130\u015fadamlar\u0131 Federasyonu da e\u015flik edecek. Ba\u015fbakan Abe, iki \u00fclkenin \u00fc\u00e7\u00fcnc\u00fc \u00fclkelere y\u00f6nelik ekonomiyi temel alacak i\u015fbirli\u011fi ihtimalini de yakalamay\u0131 d\u00fc\u015f\u00fcnd\u00fc\u011f\u00fcn\u00fc vurgulad\u0131. Abe, T\u00fcrkiye ile Ekonomik \u0130\u015fbirli\u011fi Anla\u015fmas\u0131\u2019na y\u00f6nelik ortak \u00e7al\u0131\u015fma s\u00fcreci ve Sosyal G\u00fcvenlik Anla\u015fmas\u0131\u2019n\u0131n imzalanmas\u0131na y\u00f6nelik \u00e7al\u0131\u015fmalar\u0131 da s\u00fcratle y\u00fcr\u00fctmek istediklerini kaydetti.<\/div>\n<div>Kaynak: <a href=\"http:\/\/www.energyworld.com.tr\/root.vol?title=nukleer-santral-icin-geldi&amp;exec=page&amp;nid=533000\" target=\"_blank\">Energy World<\/a><\/div>\n<\/div>\n<\/td>\n<\/tr>\n<\/tbody>\n<\/table>\n<\/div>\n<p><\/p>","protected":false},"excerpt":{"rendered":"<p>Sorry, this entry is only available in Turkish. For the sake of viewer convenience, the content is shown below in the alternative language. You may click the link to switch the active language. Japonya Ba\u015fbakan\u0131 \u015einzo Abe\u2019nin T\u00fcrkiye ziyaretinde Sinop\u2019ta kurulmas\u0131 planlanan ikinci n\u00fckleer santral i\u00e7in imzalar\u0131n at\u0131lmas\u0131 bekleniyor. T\u00fcrkiye 50 y\u0131ll\u0131k n\u00fckleer hayalini ger\u00e7ekle\u015ftirmek [&hellip;]<\/p>\n","protected":false},"author":1,"featured_media":10463,"comment_status":"open","ping_status":"open","sticky":false,"template":"","format":"standard","meta":[],"categories":[53,43],"tags":[5062,63,67,1547,5063,71,21,88,3846],"views":590,"_links":{"self":[{"href":"https:\/\/www.enerjigazetesi.ist\/en\/wp-json\/wp\/v2\/posts\/10462"}],"collection":[{"href":"https:\/\/www.enerjigazetesi.ist\/en\/wp-json\/wp\/v2\/posts"}],"about":[{"href":"https:\/\/www.enerjigazetesi.ist\/en\/wp-json\/wp\/v2\/types\/post"}],"author":[{"embeddable":true,"href":"https:\/\/www.enerjigazetesi.ist\/en\/wp-json\/wp\/v2\/users\/1"}],"replies":[{"embeddable":true,"href":"https:\/\/www.enerjigazetesi.ist\/en\/wp-json\/wp\/v2\/comments?post=10462"}],"version-history":[{"count":6,"href":"https:\/\/www.enerjigazetesi.ist\/en\/wp-json\/wp\/v2\/posts\/10462\/revisions"}],"predecessor-version":[{"id":10473,"href":"https:\/\/www.enerjigazetesi.ist\/en\/wp-json\/wp\/v2\/posts\/10462\/revisions\/10473"}],"wp:featuredmedia":[{"embeddable":true,"href":"https:\/\/www.enerjigazetesi.ist\/en\/wp-json\/wp\/v2\/media\/10463"}],"wp:attachment":[{"href":"https:\/\/www.enerjigazetesi.ist\/en\/wp-json\/wp\/v2\/media?parent=10462"}],"wp:term":[{"taxonomy":"category","embeddable":true,"href":"https:\/\/www.enerjigazetesi.ist\/en\/wp-json\/wp\/v2\/categories?post=10462"},{"taxonomy":"post_tag","embeddable":true,"href":"https:\/\/www.enerjigazetesi.ist\/en\/wp-json\/wp\/v2\/tags?post=10462"}],"curies":[{"name":"wp","href":"https:\/\/api.w.org\/{rel}","templated":true}]}}