{"id":104590,"date":"2019-12-13T13:48:19","date_gmt":"2019-12-13T10:48:19","guid":{"rendered":"https:\/\/www.enerjigazetesi.ist\/?p=104590"},"modified":"2019-12-13T13:51:14","modified_gmt":"2019-12-13T10:51:14","slug":"sedas-elektrik-tesisat-ulusal-kongresinde-surdurebilir-projelerini-anlatti","status":"publish","type":"post","link":"https:\/\/www.enerjigazetesi.ist\/en\/sedas-elektrik-tesisat-ulusal-kongresinde-surdurebilir-projelerini-anlatti\/","title":{"rendered":"(Turkish) &#8217;SEDA\u015e&#8217; Elektrik Tesisat Kongresi&#8217;nde S\u00fcrd\u00fcrebilir Projelerini Anlatt\u0131"},"content":{"rendered":"<p class=\"qtranxs-available-languages-message qtranxs-available-languages-message-en\">Sorry, this entry is only available in <a href=\"https:\/\/www.enerjigazetesi.ist\/tr\/wp-json\/wp\/v2\/posts\/104590\" class=\"qtranxs-available-language-link qtranxs-available-language-link-tr\" title=\"Turkish\">Turkish<\/a>. For the sake of viewer convenience, the content is shown below in the alternative language. You may click the link to switch the active language.<\/p><p><\/p>\n<h1>\u0130zmir Elektrik M\u00fchendisleri Odas\u0131n\u0131n d\u00fczenledi\u011fi 6&#8217;\u0131nc\u0131 Elektrik Tesisat Ulusal Kongre ve Sergisi\u2019ne konu\u015fmac\u0131 olarak kat\u0131lan <strong>SEDA\u015e (Sakarya Elektrik Da\u011f\u0131t\u0131m A.\u015e.) \u015eebeke Y\u00f6netimi Grup M\u00fcd\u00fcr\u00fc G\u00f6kmen Hasan\u00e7ebi<\/strong>, \u201cKendi Kendini Otonom Y\u00f6neten \u015eebekeler ve Onar\u0131m \u00c7al\u0131\u015fmalar\u0131nda Art\u0131r\u0131lm\u0131\u015f Ger\u00e7eklik\u201d adl\u0131 bir sunum yapt\u0131. Ak\u0131ll\u0131 sistemler, art\u0131r\u0131lm\u0131\u015f ger\u00e7eklik teknolojisinin operasyonel s\u00fcre\u00e7lere uyarlanmas\u0131, uygun anahtarlama operasyonlar\u0131 ile kendi kendini iyile\u015ftiren (Self-Healing) ve F\u0131rsat E\u015fitli\u011fi projeleri hakk\u0131nda bilgiler veren Hasan\u00e7ebi, SEDA\u015e\u2019\u0131n s\u00fcrd\u00fcr\u00fclebilir projelerinden de bahsetti.<\/h1>\n<p><strong>SEDA\u015e\u00a0\u015eebeke Y\u00f6netimi<\/strong> Grup M\u00fcd\u00fcr\u00fc <strong>G\u00f6kmen Hasan\u00e7ebi<\/strong>, kad\u0131n erkek e\u015fitli\u011finin bir k\u00fclt\u00fcr olarak yayg\u0131nla\u015fmas\u0131 gerekti\u011fini belirterek, SEDA\u015e\u2019\u0131n y\u00fcr\u00fctt\u00fc\u011f\u00fc <strong>\u201cF\u0131rsat E\u015fitli\u011fi\u201d projesinin<\/strong> de bu <img loading=\"lazy\" class=\"alignright wp-image-104592\" src=\"https:\/\/www.enerjigazetesi.ist\/wp-content\/uploads\/2019\/12\/sedas-elektrik-tesisat-ulusal-kongresinde-surdurebilir-projelerini-anlatti-2.jpg\" alt=\"\" width=\"320\" height=\"240\" srcset=\"https:\/\/www.enerjigazetesi.ist\/wp-content\/uploads\/2019\/12\/sedas-elektrik-tesisat-ulusal-kongresinde-surdurebilir-projelerini-anlatti-2.jpg 651w, https:\/\/www.enerjigazetesi.ist\/wp-content\/uploads\/2019\/12\/sedas-elektrik-tesisat-ulusal-kongresinde-surdurebilir-projelerini-anlatti-2-300x225.jpg 300w, https:\/\/www.enerjigazetesi.ist\/wp-content\/uploads\/2019\/12\/sedas-elektrik-tesisat-ulusal-kongresinde-surdurebilir-projelerini-anlatti-2-500x375.jpg 500w, https:\/\/www.enerjigazetesi.ist\/wp-content\/uploads\/2019\/12\/sedas-elektrik-tesisat-ulusal-kongresinde-surdurebilir-projelerini-anlatti-2-67x50.jpg 67w\" sizes=\"(max-width: 320px) 100vw, 320px\" \/><strong>toplumsal d\u00f6n\u00fc\u015f\u00fcm\u00fc<\/strong> desteklemek amac\u0131yla hayata ge\u00e7irildi\u011fini s\u00f6yledi.<\/p>\n<p><strong>Kad\u0131n erkek e\u015fitli\u011fi<\/strong> ile ilgili fark\u0131ndal\u0131\u011f\u0131n toplumda daha \u00e7ok geli\u015fmesi i\u00e7in topyek\u00fcn bir dayan\u0131\u015fmaya ihtiya\u00e7 oldu\u011funa vurgu yapan Hasan\u00e7ebi, \u201cNitelikli i\u015f alanlar\u0131nda kad\u0131nlar\u0131n daha fazla yer almas\u0131 ile <strong>\u00fcretkenli\u011fin ve verimlili\u011fin artaca\u011f\u0131na<\/strong> inan\u0131yoruz. Farkl\u0131l\u0131klar\u0131 ve \u00e7e\u015fitlilikleri kucaklayan bir \u015firket olarak <strong>SEDA\u015e<\/strong> taraf\u0131ndan ba\u015flat\u0131lan <strong>toplumsal cinsiyet e\u015fitli\u011fi projesi<\/strong> \u2018<em>Forget the Gender\u201d\u0131n<\/em> ve bu kapsamda ger\u00e7ekle\u015ftirilen t\u00fcm aksiyonlar\u0131n yayg\u0131nla\u015fmas\u0131n\u0131 istiyoruz. Projemizin, cinsiyet ayr\u0131m\u0131n\u0131n ya\u015fanmad\u0131\u011f\u0131 bir gelece\u011fin kurulmas\u0131 i\u00e7in bir <strong>\u00f6rnek te\u015fkil etmesini<\/strong> diliyoruz. Yap\u0131lan ara\u015ft\u0131rmalar, organizasyonlar\u0131nda <strong>kad\u0131n oran\u0131 dengeli olan<\/strong> \u015firketlerin daha <strong>m\u00fc\u015fteri odakl\u0131 \u00e7al\u0131\u015fmalar y\u00fcr\u00fctt\u00fcklerini<\/strong> ortaya koyuyor. Bu noktada <strong>t\u00fcm kurumlar ve bireylere<\/strong> b\u00fcy\u00fck g\u00f6rev d\u00fc\u015f\u00fcyor\u201d dedi.<\/p>\n<p><strong>EPDK<\/strong> destekli <strong>AR-GE projeleri<\/strong> hakk\u0131nda bilgiler veren <strong>Hasan\u00e7ebi<\/strong>, T\u00fcrkiye\u2019de ilk defa SEDA\u015e taraf\u0131ndan hayata ge\u00e7irilen ve art\u0131r\u0131lm\u0131\u015f ger\u00e7ekli\u011fin <strong>enerji sekt\u00f6r\u00fcnde nas\u0131l uyguland\u0131\u011f\u0131<\/strong> ile ilgili \u00f6rnekleri payla\u015ft\u0131. Hasan\u00e7ebi, T\u00fcrkiye\u2019de \u00e7ok yeni bir konsept olan kendi <strong>kendini otonom y\u00f6neten \u015febekeler<\/strong>i de anlatarak, bir ar\u0131za s\u00fcrecinde; ar\u0131zal\u0131 b\u00f6lgenin yal\u0131t\u0131larak, sa\u011flam k\u0131s\u0131mlara <strong>enerji tedarik edilmesi<\/strong> ile ilgili s\u00fcre\u00e7leri uygulamal\u0131 olarak g\u00f6sterdi.<\/p>","protected":false},"excerpt":{"rendered":"<p>Sorry, this entry is only available in Turkish. For the sake of viewer convenience, the content is shown below in the alternative language. You may click the link to switch the active language. \u0130zmir Elektrik M\u00fchendisleri Odas\u0131n\u0131n d\u00fczenledi\u011fi 6&#8217;\u0131nc\u0131 Elektrik Tesisat Ulusal Kongre ve Sergisi\u2019ne konu\u015fmac\u0131 olarak kat\u0131lan SEDA\u015e (Sakarya Elektrik Da\u011f\u0131t\u0131m A.\u015e.) \u015eebeke Y\u00f6netimi [&hellip;]<\/p>\n","protected":false},"author":1,"featured_media":104592,"comment_status":"open","ping_status":"open","sticky":false,"template":"","format":"standard","meta":[],"categories":[51,53],"tags":[59491,62896,1968,21548,62898,53114,52259,62903,750,62893,59490,55764,62895,62897,62904,62899,62905,62902,62901,62907,62906,783,2444,57267,62908,62894,12618,61681,62900],"views":280,"_links":{"self":[{"href":"https:\/\/www.enerjigazetesi.ist\/en\/wp-json\/wp\/v2\/posts\/104590"}],"collection":[{"href":"https:\/\/www.enerjigazetesi.ist\/en\/wp-json\/wp\/v2\/posts"}],"about":[{"href":"https:\/\/www.enerjigazetesi.ist\/en\/wp-json\/wp\/v2\/types\/post"}],"author":[{"embeddable":true,"href":"https:\/\/www.enerjigazetesi.ist\/en\/wp-json\/wp\/v2\/users\/1"}],"replies":[{"embeddable":true,"href":"https:\/\/www.enerjigazetesi.ist\/en\/wp-json\/wp\/v2\/comments?post=104590"}],"version-history":[{"count":0,"href":"https:\/\/www.enerjigazetesi.ist\/en\/wp-json\/wp\/v2\/posts\/104590\/revisions"}],"wp:featuredmedia":[{"embeddable":true,"href":"https:\/\/www.enerjigazetesi.ist\/en\/wp-json\/wp\/v2\/media\/104592"}],"wp:attachment":[{"href":"https:\/\/www.enerjigazetesi.ist\/en\/wp-json\/wp\/v2\/media?parent=104590"}],"wp:term":[{"taxonomy":"category","embeddable":true,"href":"https:\/\/www.enerjigazetesi.ist\/en\/wp-json\/wp\/v2\/categories?post=104590"},{"taxonomy":"post_tag","embeddable":true,"href":"https:\/\/www.enerjigazetesi.ist\/en\/wp-json\/wp\/v2\/tags?post=104590"}],"curies":[{"name":"wp","href":"https:\/\/api.w.org\/{rel}","templated":true}]}}