{"id":104512,"date":"2019-12-12T13:46:57","date_gmt":"2019-12-12T10:46:57","guid":{"rendered":"https:\/\/www.enerjigazetesi.ist\/?p=104512"},"modified":"2019-12-12T14:01:30","modified_gmt":"2019-12-12T11:01:30","slug":"kuresel-gida-sisteminin-cevre-ve-toplum-sagligina-maliyeti-12-trilyon-dolar","status":"publish","type":"post","link":"https:\/\/www.enerjigazetesi.ist\/en\/kuresel-gida-sisteminin-cevre-ve-toplum-sagligina-maliyeti-12-trilyon-dolar\/","title":{"rendered":"(Turkish) K\u00fcresel G\u0131da Sisteminin \u00c7evre ve Toplum Sa\u011fl\u0131\u011f\u0131na Maliyeti 12 Trilyon Dolar"},"content":{"rendered":"<p class=\"qtranxs-available-languages-message qtranxs-available-languages-message-en\">Sorry, this entry is only available in <a href=\"https:\/\/www.enerjigazetesi.ist\/tr\/wp-json\/wp\/v2\/posts\/104512\" class=\"qtranxs-available-language-link qtranxs-available-language-link-tr\" title=\"Turkish\">Turkish<\/a>. For the sake of viewer convenience, the content is shown below in the alternative language. You may click the link to switch the active language.<\/p><p><\/p>\n<h1><strong>K\u00fcresel g<\/strong><strong>\u0131<\/strong><strong>da ve tar<\/strong><strong>\u0131<\/strong><strong>m sistemlerinin piyasa de<\/strong><strong>\u011f<\/strong><strong>eri 10 trilyon dolar<\/strong><strong>\u0131<\/strong><strong> bulurken, ekosistemlerde geri d<\/strong><strong>\u00f6<\/strong><strong>n<\/strong><strong>\u00fc<\/strong><strong>\u015f<\/strong><strong>\u00fc<\/strong><strong> olmayan zararlar ve kamu sa<\/strong><strong>\u011f<\/strong><strong>l<\/strong><strong>\u0131\u011f\u0131<\/strong><strong> harcamalar<\/strong><strong>\u0131<\/strong><strong> h<\/strong><strong>\u0131<\/strong><strong>zla art<\/strong><strong>\u0131<\/strong><strong>yor. BCFN Vakf<\/strong><strong>\u0131<\/strong><strong>&#8216;n<\/strong><strong>\u0131<\/strong><strong>n 10&#8217;uncu kez d<\/strong><strong>\u00fc<\/strong><strong>zenledi<\/strong><strong>\u011f<\/strong><strong>i Uluslararas<\/strong><strong>\u0131<\/strong><strong> G<\/strong><strong>\u0131<\/strong><strong>da ve Beslenme Forumu&#8217;nda uzmanlar, <\/strong><strong>\u00e7<\/strong><strong>evresel zarardan toplum sa<\/strong><strong>\u011f<\/strong><strong>l<\/strong><strong>\u0131\u011f\u0131<\/strong><strong>na kadar gizli maliyetin 12 trilyon dolara ula<\/strong><strong>\u015f<\/strong><strong>t<\/strong><strong>\u0131\u011f\u0131<\/strong><strong>na dikkat <\/strong><strong>\u00e7<\/strong><strong>ekti. Mevcut sistemlerde yap<\/strong><strong>\u0131<\/strong><strong>lacak devrimle 5,7 trilyon dolarl<\/strong><strong>\u0131<\/strong><strong>k ekonomik getiri sa<\/strong><strong>\u011f<\/strong><strong>lanabilece<\/strong><strong>\u011f<\/strong><strong>ini belirten uzmanlar, payla<\/strong><strong>\u015f<\/strong><strong>t<\/strong><strong>\u0131\u011f\u0131<\/strong><strong> yeni ara<\/strong><strong>\u015f<\/strong><strong>t<\/strong><strong>\u0131<\/strong><strong>rmalarla 2030&#8217;a kadar her y<\/strong><strong>\u0131<\/strong><strong>l 4,5 trilyon dolara varan yeni i<\/strong><strong>\u015f<\/strong><strong> f<\/strong><strong>\u0131<\/strong><strong>rsatlar<\/strong><strong>\u0131<\/strong><strong> yarat<\/strong><strong>\u0131<\/strong><strong>labilece<\/strong><strong>\u011f<\/strong><strong>ini belirtti.<\/strong><\/h1>\n<p>D\u00fcnyada g\u0131da ve beslenmeye ili\u015fkin sorunlar\u0131 analiz etmek amac\u0131yla kurulan <strong>Barilla G\u0131da ve Beslenme Vakf\u0131 (BCFN)<\/strong>, <strong>Uluslararas\u0131 G\u0131da ve Beslenme Forumu\u2019nun 10\u2019uncusunu<\/strong> <strong><img loading=\"lazy\" class=\"alignright wp-image-104514\" src=\"https:\/\/www.enerjigazetesi.ist\/wp-content\/uploads\/2019\/12\/kuresel-gida-sisteminin-cevre-ve-toplum-sagligina-maliyeti-12-trilyon-dolar-1.jpg\" alt=\"\" width=\"320\" height=\"171\" srcset=\"https:\/\/www.enerjigazetesi.ist\/wp-content\/uploads\/2019\/12\/kuresel-gida-sisteminin-cevre-ve-toplum-sagligina-maliyeti-12-trilyon-dolar-1.jpg 750w, https:\/\/www.enerjigazetesi.ist\/wp-content\/uploads\/2019\/12\/kuresel-gida-sisteminin-cevre-ve-toplum-sagligina-maliyeti-12-trilyon-dolar-1-300x160.jpg 300w, https:\/\/www.enerjigazetesi.ist\/wp-content\/uploads\/2019\/12\/kuresel-gida-sisteminin-cevre-ve-toplum-sagligina-maliyeti-12-trilyon-dolar-1-500x267.jpg 500w, https:\/\/www.enerjigazetesi.ist\/wp-content\/uploads\/2019\/12\/kuresel-gida-sisteminin-cevre-ve-toplum-sagligina-maliyeti-12-trilyon-dolar-1-80x43.jpg 80w\" sizes=\"(max-width: 320px) 100vw, 320px\" \/><\/strong>Milano\u2019da d\u00fczenledi. D\u00fcnyan\u0131n d\u00f6rt bir yan\u0131ndan <strong>g\u0131da uzmanlar\u0131, bilim insanlar\u0131, fikir \u00f6nderleri, aktivistler, \u015firket temsilcileri<\/strong> ve <strong>gen\u00e7 yetenekleri<\/strong> bir araya getiren etkinlikte <strong>Birle\u015fmi\u015f Milletler<\/strong>&#8216;in <strong>2030 g\u00fcndeminde<\/strong> belirlenen <strong>S\u00fcrd\u00fcr\u00fclebilir Kalk\u0131nma Hedefleri (SDGs)<\/strong> ve 2015 y\u0131l\u0131nda imzalanan <strong>Paris \u0130klim De\u011fi\u015fikli\u011fi Antla\u015fmas\u0131<\/strong> g\u00fcndeme getirildi. Bu y\u0131lki etkinlikte <em>\u2018G\u0131da E\u011fitimi\u2019, \u2018Tar\u0131msal G\u0131dada Dijitalle\u015fme\u2019, \u2018G\u0131da ve \u015eehirler\u2019, \u2018Gelece\u011fin \u00c7ift\u00e7ileri\u2019, \u2018Topra\u011f\u0131n Korunmas\u0131\u2019 ve \u2018G\u0131da Sekt\u00f6r\u00fcn\u00fcn \u0130yile\u015ftirilmesi\u2019 konular\u0131<\/em> \u00e7\u00f6z\u00fcm \u00f6nerileriyle masaya yat\u0131r\u0131ld\u0131.<\/p>\n<p>Ge\u00e7ti\u011fimiz 10 y\u0131lda g\u0131da, beslenme al\u0131\u015fkanl\u0131klar\u0131, a\u00e7l\u0131k, obezite, yiyecek kay\u0131plar\u0131, g\u0131da ve iklim de\u011fi\u015fikli\u011finin etkilerinin gelecek \u00f6ng\u00f6r\u00fcleriyle payla\u015f\u0131ld\u0131\u011f\u0131 <strong>BCFN Forum<\/strong> bu y\u0131l <strong>D\u00fcnya G\u0131da Program\u0131<\/strong> <em>\u0130talya, National Geographic \u0130talya, Birle\u015fmi\u015f Milletler S\u00fcrd\u00fcr\u00fclebilir Kalk\u0131nma \u00c7\u00f6z\u00fcmleri A\u011f\u0131 (UN SDSN), Avrupa Politika Ara\u015ft\u0131rmalar\u0131 Merkezi (CEPS), Columbia S\u00fcrd\u00fcr\u00fclebilir Yat\u0131r\u0131m Merkezi (CCSI), Siena \u00dcniversitesi Santa Chiara Laboratuvar\u0131 (SCL) ve G\u0131dan\u0131n Gelece\u011fi i\u00e7in K\u00fcresel \u0130ttifak (GAFF)<\/em> i\u015f birli\u011fi ile d\u00fczenlendi.<\/p>\n<p><strong>YEN<\/strong><strong>\u0130<\/strong><strong> B<\/strong><strong>\u0130<\/strong><strong>R S<\/strong><strong>\u00dc<\/strong><strong>RD<\/strong><strong>\u00dc<\/strong><strong>R<\/strong><strong>\u00dc<\/strong><strong>LEB<\/strong><strong>\u0130<\/strong><strong>L<\/strong><strong>\u0130<\/strong><strong>R KALKINMA YOLCULU<\/strong><strong>\u011e<\/strong><strong>U <\/strong><strong>\u00c7<\/strong><strong>A<\/strong><strong>\u011e<\/strong><strong>RISINDA BULUNDULAR<\/strong><\/p>\n<p>Etkinli\u011fin bu y\u0131lki konu\u015fmac\u0131lar\u0131 aras\u0131nda ise Chicago K\u00fcresel \u0130li\u015fkiler Konseyi K\u00fcresel G\u0131da ve Tar\u0131m Ara\u015ft\u0131rmac\u0131s\u0131 <strong>Ertharin Cousin<\/strong>, BM G\u0131daya Eri\u015fim Hakk\u0131 \u00d6zel Raport\u00f6r\u00fc <strong>Hilal Elver<\/strong>, WWF \u0130talya Ba\u015fkan\u0131 Donatella Bianchi, One Health Center of Excellence Direkt\u00f6r\u00fc Profes\u00f6r <strong>Ilaria Capua<\/strong>, Avrupa Komisyonu DG CNECT A1 Robotik ve Yapay Zeka Birimi Ba\u015fkan\u0131 <strong>Juha Heikkila<\/strong> ve IFAD Strateji ve Bilgi B\u00f6l\u00fcm\u00fc Ba\u015fkan Yard\u0131mc\u0131s\u0131 <strong>Paul Winters<\/strong> yer ald\u0131. Konu\u015fmac\u0131lar kurumlara, \u015firketlere, ara\u015ft\u0131rmac\u0131lara ve vatanda\u015flara hep birlikte g\u0131dalardan ba\u015flayarak yeni bir <strong>s\u00fcrd\u00fcr\u00fclebilir kalk\u0131nma<\/strong> yolculu\u011funa \u00e7\u0131kma konusunda her zamankinden y\u00fcksek sesle bir \u00e7a\u011fr\u0131da bulundu.<\/p>\n<p><strong>YILLIK 12 TR<\/strong><strong>\u0130<\/strong><strong>LYON DOLARLIK MAL<\/strong><strong>\u0130<\/strong><strong>YET<\/strong><\/p>\n<p>Bu y\u0131lki etkinli\u011fe \u201cDaha \u0130yi B\u00fcy\u00fcme: G\u0131da ve Toprak Kullan\u0131m\u0131n\u0131 D\u00f6n\u00fc\u015ft\u00fcrmek \u0130\u00e7in On Kritik Ge\u00e7i\u015f\u201d raporu damgas\u0131n\u0131 vurdu. <strong>Tar\u0131msal g\u0131da sistemleri<\/strong> nedeniyle ekosistemlerde geri d\u00f6n\u00fc\u015f\u00fc olmayan zararlar\u0131n artt\u0131\u011f\u0131na dikkat \u00e7eken rapora g\u00f6re; bu zararlara ek olarak \u00f6zellikle <strong>sa\u011fl\u0131ks\u0131z beslenme al\u0131\u015fkanl\u0131klar\u0131na ba\u011fl\u0131 kronik hastal\u0131klardan kaynakl\u0131<\/strong> olarak <strong>kamu sa\u011fl\u0131\u011f\u0131 gizli maliyetleri<\/strong> k\u00fcresel \u00f6l\u00e7ekte 12 trilyon dolara ula\u015ft\u0131. Rapora g\u00f6re bu rakam tar\u0131msal g\u0131da sistemlerinin \u00fcretti\u011fi 10 trilyon dolarl\u0131k ekonomik de\u011ferin \u00e7ok \u00fczerine \u00e7\u0131karak<strong> 2 trilyon dolarl\u0131k<\/strong> bir a\u00e7\u0131k yarat\u0131yor. <strong>BCFN<\/strong>&#8216;in 10&#8217;uncu forumuna konu\u015fmac\u0131 olarak kat\u0131lan uzmanlar, tar\u0131m amac\u0131yla kullan\u0131lan topraklar\u0131 2050 y\u0131l\u0131na kadar 1,2 milyar hektara \u00e7\u0131karmak ve 10,5 trilyon dolar <strong>gizli maliyetten tasarruf etmek<\/strong> i\u00e7in yeni bir devrime ihtiya\u00e7 duyuldu\u011funun alt\u0131n\u0131 \u00e7izerek \u201cG\u0131da \u00fcretimimiz \u00fczerinde acilen yeniden d\u00fc\u015f\u00fcnmemiz gerekiyor\u201d \u00e7a\u011fr\u0131s\u0131nda bulundu.<\/p>\n<p><strong>\u201cYAPILACAK DEVR<\/strong><strong>\u0130<\/strong><strong>M 5,7 TR<\/strong><strong>\u0130<\/strong><strong>LYON DOLARLIK EKONOM<\/strong><strong>\u0130<\/strong><strong>K GET<\/strong><strong>\u0130<\/strong><strong>R<\/strong><strong>\u0130<\/strong><strong> SA<\/strong><strong>\u011e<\/strong><strong>LAYACAK<\/strong><strong>\u201d<\/strong><\/p>\n<p><strong>BM<\/strong>&#8216;nin 2030 g\u00fcndemindeki <strong>s\u00fcrd\u00fcr\u00fclebilir kalk\u0131nma hedeflerine ula\u015fmak<\/strong> i\u00e7in sadece 10 y\u0131l\u0131n kald\u0131\u011f\u0131na dikkat \u00e7eken Vak\u0131f Ba\u015fkan\u0131 <strong>Guido Barilla<\/strong>; &#8220;Mevcut <strong>tar\u0131msal g\u0131da sistemlerine<\/strong> acilen m\u00fcdahale etmemiz gerekti\u011fi a\u00e7\u0131k\u00e7a g\u00f6r\u00fcl\u00fcyor. Zira gezegenin kaynaklar\u0131n\u0131n s\u0131n\u0131rs\u0131z oldu\u011fu inanc\u0131na dayal\u0131 bir kalk\u0131nma ve ilerleme fikri art\u0131k ge\u00e7erli de\u011fil. Kapsay\u0131c\u0131, kal\u0131c\u0131 ve m\u00fcreffeh bir gelece\u011fin temellerini atmak i\u00e7in g\u0131daya <strong><em>ekonomik, sosyal ve \u00e7evresel boyutlar\u0131yla<\/em><\/strong> bakmal\u0131, \u00f6zel sekt\u00f6rden vatanda\u015flara kadar ilgili t\u00fcm oyuncular\u0131 <strong>Kalk\u0131nma G\u00fcndeminin merkezine<\/strong> almal\u0131y\u0131z\u201d a\u00e7\u0131klamas\u0131n\u0131 yapt\u0131.<\/p>\n<p><strong>Systemiq\u2019ten Jeremy Oppenheim, forumda<\/strong> payla\u015ft\u0131\u011f\u0131 \u201cDaha \u0130yi B\u00fcy\u00fcme: <strong>G\u0131da ve Toprak Kullan\u0131m\u0131n\u0131 D\u00f6n\u00fc\u015ft\u00fcrmek \u0130\u00e7in On Kritik Ge\u00e7i\u015f<\/strong>\u201d ara\u015ft\u0131rmas\u0131yla, at\u0131lacak istikrarl\u0131 ad\u0131mlar\u0131n ekonomik faydalar\u0131 beraberinde getirece\u011fine i\u015faret etti. <strong>Tar\u0131msal g\u0131da sistemlerinin d\u00f6n\u00fc\u015f\u00fcm s\u00fcreci<\/strong> i\u00e7in y\u0131lda 300-350 milyar dolar (k\u00fcresel GSH&#8217;n\u0131n y\u00fczde 0,3&#8217;\u00fcnden daha az) tutar\u0131nda yat\u0131r\u0131m yap\u0131ld\u0131\u011f\u0131 takdirde, 2030\u2019a kadar yakla\u015f\u0131k 5,7 trilyon dolar (ba\u015flang\u0131\u00e7 maliyetinin 15 kat\u0131ndan daha y\u00fcksek) getiri sa\u011flanabilece\u011fini, y\u0131lda 4,5 trilyon dolara varan yeni i\u015f f\u0131rsatlar\u0131n\u0131n da yarat\u0131laca\u011f\u0131n\u0131 belirtti.<\/p>\n<p><strong>HEDEF 3 YILDA 2 M<\/strong><strong>\u0130<\/strong><strong>LYON METREK<\/strong><strong>\u00dc<\/strong><strong>P SU TASARRUFU<\/strong><\/p>\n<p>Forum s\u0131ras\u0131nda sa\u011fl\u0131kl\u0131 ve s\u00fcrd\u00fcr\u00fclebilir beslenme d\u00fczenleri benimsemenin <strong>su t\u00fcketimi<\/strong> ve <strong>CO<sub>2<\/sub> sal\u0131mlar\u0131<\/strong> \u00fczerindeki etkilerini inceleyen <strong>Su-Eatable Life \u2013 \u201cS\u00fcrd\u00fcr\u00fclebilir beslenme arac<\/strong><strong>\u0131<\/strong><strong>l<\/strong><strong>\u0131\u011f\u0131<\/strong><strong>yla karbon sal<\/strong><strong>\u0131<\/strong><strong>mlar<\/strong><strong>\u0131<\/strong><strong>n<\/strong><strong>\u0131<\/strong><strong> ve su ayak izini azaltma<\/strong><strong>\u201d<\/strong> projesi hakk\u0131nda yeni bir g\u00fcncelleme sunuldu. Barilla Vakf\u0131 liderli\u011finde 2020 y\u0131l\u0131nda devreye al\u0131nacak proje kapsam\u0131nda, \u0130talya ve \u0130ngiltere\u2019deki \u00fcniversite ve \u015firket kafeteryalar\u0131nda <strong>s\u00fcrd\u00fcr\u00fclebilir men\u00fcler haz\u0131rlanmas\u0131<\/strong> i\u00e7in yol g\u00f6sterecek yeni bir <strong>dijital platform<\/strong> haz\u0131rlanacak. Ara\u015ft\u0131rmaya kat\u0131lan ki\u015filerin <strong>s\u00fcrd\u00fcr\u00fclebilir bir beslenme modelini<\/strong> benimsemesini sa\u011flayacak <strong>\u00fc\u00e7 y\u0131ll\u0131k proje<\/strong> s\u00fcresinde yakla\u015f\u0131k <strong>5,300 ton CO<sub>2<\/sub><\/strong> ve yakla\u015f\u0131k <strong>2 milyon metrek\u00fcp su tasarrufu<\/strong> sa\u011flanmas\u0131 hedefleniyor. Proje kapsam\u0131nda, kamu yarar\u0131na faaliyet g\u00f6steren \u00f6zel bir \u015firket olan<strong> greenApes<\/strong>, toplanan verilerin i\u015flenmesinden sorumlu <strong>Wageninen \u00dcniversitesi<\/strong> ve giri\u015fimin \u0130ngiltere\u2019de geli\u015ftirilmesini destekleyen <strong>Sustainable Restaurant Association<\/strong> ile i\u015f birli\u011fi yap\u0131lacak.<\/p>\n<p><strong>TARIMSAL GIDA SEKT\u00d6R\u00dc DE<\/strong><strong>\u011e\u0130\u015e\u0130<\/strong><strong>M<\/strong><strong>\u0130<\/strong><strong>N MERKEZ<\/strong><strong>\u0130<\/strong><strong>NDE<\/strong><\/p>\n<p><strong>BCFN Vakf\u0131<\/strong>, forum s\u0131ras\u0131nda S\u00fcrd\u00fcr\u00fclebilir Kalk\u0131nma \u00c7\u00f6z\u00fcmleri A\u011f\u0131 (<strong>SDSN<\/strong>), Columbia S\u00fcrd\u00fcr\u00fclebilir Yat\u0131r\u0131m Merkezi (<strong>CCSI<\/strong>) ve Siena \u00dcniversitesi Santa Chiara Laboratuvar\u0131 (<strong>SCL<\/strong>) ile i\u015f birli\u011fi i\u00e7inde y\u00fcr\u00fct\u00fclen \u201cG\u0131da Sekt\u00f6r\u00fcn\u00fc \u0130yile\u015ftirmek: <strong>G\u0131da sekt\u00f6r\u00fc ve s\u00fcrd\u00fcr\u00fclebilir kalk\u0131nma m\u00fccadelesi<\/strong>\u201d ara\u015ft\u0131rmas\u0131n\u0131 da payla\u015ft\u0131. Ara\u015ft\u0131rma ile tar\u0131msal g\u0131da sekt\u00f6r\u00fcn\u00fcn d\u00f6n\u00fc\u015f\u00fcm s\u00fcrecini h\u0131zland\u0131rman\u0131n yan\u0131nda; g\u0131da, toprak, su ve denizlerin <strong>s\u00fcrd\u00fcr\u00fclebilir bir \u015fekilde y\u00f6netilmesini<\/strong> sa\u011flamak i\u00e7in yap\u0131lmas\u0131 gereken eylemler de a\u00e7\u0131kland\u0131. Ara\u015ft\u0131rmaya g\u00f6re belirlenen hedeflere ula\u015fmak i\u00e7in i\u015f uygulamalar\u0131n\u0131n yan\u0131 s\u0131ra izleme ve raporlama standartlar\u0131nda da bir de\u011fi\u015fim gerekiyor. <strong>S\u00fcrd\u00fcr\u00fclebilir kalk\u0131nma hedeflerini<\/strong> ger\u00e7ekle\u015ftirmek i\u00e7in ihtiya\u00e7 duyulan s\u00fcrd\u00fcr\u00fclebilirli\u011fi sa\u011flamak amac\u0131yla da bunlar\u0131n daha uyumlu, sistematik ve kar\u015f\u0131la\u015ft\u0131r\u0131labilir olmas\u0131 gerekiyor. Bu do\u011frultuda at\u0131lmas\u0131 gereken ad\u0131mlar ise <span style=\"text-decoration: underline;\">\u015f\u00f6yle s\u0131ralan\u0131yor;<\/span><\/p>\n<p>&#8211; <strong>Sa\u011fl\u0131kl\u0131 ve s\u00fcrd\u00fcr\u00fclebilir beslenmeye<\/strong> katk\u0131da bulunan \u00fcr\u00fcnlerin form\u00fcle edilmesi;<\/p>\n<p>&#8211; <strong>S\u00fcrd\u00fcr\u00fclebilir \u00fcretim uygulamalar\u0131n\u0131n<\/strong> geli\u015ftirilmesi;<\/p>\n<p>&#8211; S\u00fcrd\u00fcr\u00fclebilir k\u00fcresel <strong>tedarik zincirlerinin<\/strong> olu\u015fturulmas\u0131;<\/p>\n<p>&#8211; \u0130yi kurumsal vatanda\u015flar olarak faaliyet g\u00f6sterilmesi.<\/p>\n<p><strong>D\u00dcNYA GIDA PROGRAMININ \u00d6NCEL<\/strong><strong>\u0130<\/strong><strong>KLER<\/strong><strong>\u0130<\/strong><strong>N<\/strong><strong>\u0130<\/strong><strong> PAYLA<\/strong><strong>\u015e<\/strong><strong>TI<\/strong><\/p>\n<p>Bu y\u0131lki forumda <strong>Birle\u015fmi\u015f Milletler D\u00fcnya G\u0131da Program\u0131 (WFP)<\/strong> Beslenme Birimi Direkt\u00f6r\u00fc <strong>Lauren Landis,<\/strong> insanlar\u0131n ve gezegenin sa\u011fl\u0131\u011f\u0131n\u0131 geli\u015ftirme konulu panelde, <strong>BCFN Vakf\u0131<\/strong> ile WFP&#8217;nin d\u00fcnyada a\u00e7l\u0131kla m\u00fccadele etmek i\u00e7in y\u00fcr\u00fctt\u00fc\u011f\u00fc faaliyetleri payla\u015ft\u0131. Ayn\u0131 panelde WFP \u0130talya Komitesi ba\u015fkan\u0131 <strong>Vincenzo Sanasi D\u2019Arpe<\/strong>; \u201cA\u00e7l\u0131k ve yetersiz beslenmenin her bi\u00e7imini sona erdirmek, <strong>g\u0131da g\u00fcvenli\u011fini sa\u011flamak ve beslenmeyi iyile\u015ftirmek ve s\u00fcrd\u00fcr\u00fclebilir tar\u0131m\u0131 te\u015fvik etmek, S\u00fcrd\u00fcr\u00fclebilir Kalk\u0131nma Hedefleri do\u011frultusunda<\/strong> belirlenen taahh\u00fctlerdir ve D\u00fcnya G\u0131da Program\u0131\u2019n\u0131n \u00f6nceli\u011fidir. Gelece\u011fimiz i\u00e7in bu temel sorunlar\u0131 ele almak amac\u0131yla <strong>Barilla G\u0131da<\/strong> ve <strong>Beslenme Vakf\u0131<\/strong> ile i\u015f birli\u011fi yapmaktan gurur duyuyoruz\u201d a\u00e7\u0131klamas\u0131n\u0131 yapt\u0131.<\/p>","protected":false},"excerpt":{"rendered":"<p>Sorry, this entry is only available in Turkish. For the sake of viewer convenience, the content is shown below in the alternative language. You may click the link to switch the active language. K\u00fcresel g\u0131da ve tar\u0131m sistemlerinin piyasa de\u011feri 10 trilyon dolar\u0131 bulurken, ekosistemlerde geri d\u00f6n\u00fc\u015f\u00fc olmayan zararlar ve kamu sa\u011fl\u0131\u011f\u0131 harcamalar\u0131 h\u0131zla art\u0131yor. [&hellip;]<\/p>\n","protected":false},"author":1,"featured_media":104515,"comment_status":"open","ping_status":"open","sticky":false,"template":"","format":"standard","meta":[],"categories":[53,52],"tags":[62788,62772,62770,62773,1350,62769,62787,62785,62791,62789,62782,52259,58103,36152,62796,62792,7853,62783,62795,62784,62778,62786,62781,62777,62790,62794,62774,52998,11434,62780,37032,62775,62793,32714,62779,62771,62776],"views":364,"_links":{"self":[{"href":"https:\/\/www.enerjigazetesi.ist\/en\/wp-json\/wp\/v2\/posts\/104512"}],"collection":[{"href":"https:\/\/www.enerjigazetesi.ist\/en\/wp-json\/wp\/v2\/posts"}],"about":[{"href":"https:\/\/www.enerjigazetesi.ist\/en\/wp-json\/wp\/v2\/types\/post"}],"author":[{"embeddable":true,"href":"https:\/\/www.enerjigazetesi.ist\/en\/wp-json\/wp\/v2\/users\/1"}],"replies":[{"embeddable":true,"href":"https:\/\/www.enerjigazetesi.ist\/en\/wp-json\/wp\/v2\/comments?post=104512"}],"version-history":[{"count":0,"href":"https:\/\/www.enerjigazetesi.ist\/en\/wp-json\/wp\/v2\/posts\/104512\/revisions"}],"wp:featuredmedia":[{"embeddable":true,"href":"https:\/\/www.enerjigazetesi.ist\/en\/wp-json\/wp\/v2\/media\/104515"}],"wp:attachment":[{"href":"https:\/\/www.enerjigazetesi.ist\/en\/wp-json\/wp\/v2\/media?parent=104512"}],"wp:term":[{"taxonomy":"category","embeddable":true,"href":"https:\/\/www.enerjigazetesi.ist\/en\/wp-json\/wp\/v2\/categories?post=104512"},{"taxonomy":"post_tag","embeddable":true,"href":"https:\/\/www.enerjigazetesi.ist\/en\/wp-json\/wp\/v2\/tags?post=104512"}],"curies":[{"name":"wp","href":"https:\/\/api.w.org\/{rel}","templated":true}]}}