{"id":104414,"date":"2019-12-11T08:15:28","date_gmt":"2019-12-11T05:15:28","guid":{"rendered":"https:\/\/www.enerjigazetesi.ist\/?p=104414"},"modified":"2019-12-11T08:15:28","modified_gmt":"2019-12-11T05:15:28","slug":"ode-turkiyenin-ilk-enerji-tasarrufu-saglayan-bitumlu-membranini-uretti","status":"publish","type":"post","link":"https:\/\/www.enerjigazetesi.ist\/en\/ode-turkiyenin-ilk-enerji-tasarrufu-saglayan-bitumlu-membranini-uretti\/","title":{"rendered":"(Turkish) &#8217;ODE T\u00fcrkiye&#8217;nin \u0130lk Enerji Tasarrufu Sa\u011flayan \u2018Bit\u00fcml\u00fc Membran&#8217;\u0131n\u0131 \u00dcretti!"},"content":{"rendered":"<p class=\"qtranxs-available-languages-message qtranxs-available-languages-message-en\">Sorry, this entry is only available in <a href=\"https:\/\/www.enerjigazetesi.ist\/tr\/wp-json\/wp\/v2\/posts\/104414\" class=\"qtranxs-available-language-link qtranxs-available-language-link-tr\" title=\"Turkish\">Turkish<\/a>. For the sake of viewer convenience, the content is shown below in the alternative language. You may click the link to switch the active language.<\/p><p><\/p>\n<h1><strong>Faaliyetlerini global marka olma hedefiyle s\u00fcrd\u00fcren ODE Yal\u0131t\u0131m, geli\u015fmi\u015f Ar-Ge kabiliyeti ile T\u00fcrkiye\u2019nin ilk bit\u00fcml\u00fc membran\u0131 EP\u0130KON COOL\u2018u \u00fcretti. \u201cG\u00fcne\u015f I\u015f\u0131n\u0131 Yans\u0131tma Yolu ile Enerji Tasarrufu Sa\u011flayan Polimer Esasl\u0131 Bit\u00fcml\u00fc Su Yal\u0131t\u0131m Membran\u0131\u201d ba\u015fl\u0131\u011f\u0131yla T\u00dcB\u0130TAK taraf\u0131ndan destek alan \u00fcr\u00fcn, \u00f6zellikle s\u0131cak co\u011frafyalara y\u00f6nelik olarak geli\u015ftirilmi\u015ftir. G\u00fcne\u015f \u0131\u015f\u0131nlar\u0131n\u0131n yans\u0131ma oran\u0131n\u0131 art\u0131rarak iklimlendirme ama\u00e7l\u0131 enerjiden ortalama % 15 tasarruf sa\u011flar.<\/strong><\/h1>\n<p><strong>T\u00fcm yat\u0131r\u0131m ve faaliyetlerini<\/strong>, yal\u0131t\u0131mda d\u00fcnya markas\u0131 olma vizyonuyla \u015fekillendiren <strong>ODE <img loading=\"lazy\" class=\"alignright wp-image-104416\" src=\"https:\/\/www.enerjigazetesi.ist\/wp-content\/uploads\/2019\/12\/ode-turkiye-nin-ilk-enerji-tasarrufu-saglayan-bitumlu-membranini-uretti.jpg\" alt=\"\" width=\"320\" height=\"291\" srcset=\"https:\/\/www.enerjigazetesi.ist\/wp-content\/uploads\/2019\/12\/ode-turkiye-nin-ilk-enerji-tasarrufu-saglayan-bitumlu-membranini-uretti.jpg 536w, https:\/\/www.enerjigazetesi.ist\/wp-content\/uploads\/2019\/12\/ode-turkiye-nin-ilk-enerji-tasarrufu-saglayan-bitumlu-membranini-uretti-300x273.jpg 300w, https:\/\/www.enerjigazetesi.ist\/wp-content\/uploads\/2019\/12\/ode-turkiye-nin-ilk-enerji-tasarrufu-saglayan-bitumlu-membranini-uretti-439x400.jpg 439w, https:\/\/www.enerjigazetesi.ist\/wp-content\/uploads\/2019\/12\/ode-turkiye-nin-ilk-enerji-tasarrufu-saglayan-bitumlu-membranini-uretti-55x50.jpg 55w\" sizes=\"(max-width: 320px) 100vw, 320px\" \/>Yal\u0131t\u0131m;<\/strong> b\u00fcy\u00fcme ivmesinde, lokomotifi konumunda olan Ar-Ge \u00e7al\u0131\u015fmalar\u0131n\u0131 aral\u0131ks\u0131z s\u00fcrd\u00fcr\u00fcyor. Bulundu\u011fu yal\u0131t\u0131m pazar\u0131n\u0131n talep ve ihtiya\u00e7lar\u0131n\u0131 yak\u0131ndan takip eden <strong>ODE Ar-Ge biriminin<\/strong>, ula\u015ft\u0131\u011f\u0131 h\u0131z ve kabiliyetin g\u00f6stergelerinden biri de, \u00f6zellikle s\u0131cak b\u00f6lgeler i\u00e7in geli\u015ftirilen ve teras\/\u00e7at\u0131 uygulamalar\u0131nda kullan\u0131lan <strong>\u201cBeyaz reflektif ta\u015fl\u0131 membran\u201d<\/strong> oldu. <strong>T\u00fcrkiye Bilimsel ve Teknolojik Ara\u015ft\u0131rma Kurumu<\/strong>\u2019nun<strong> (T\u00dcB\u0130TAK)<\/strong> deste\u011fiyle T\u00fcrkiye\u2019de ilk kez geli\u015ftirilen ve reflektif \u00f6zellikli bir mineral kullan\u0131larak \u00fcretilen <strong>\u201cEP\u0130KON COOL\u201d<\/strong> adl\u0131 \u00e7at\u0131 yal\u0131t\u0131m malzemesi, s\u0131cak co\u011frafyalarda g\u00fcne\u015f \u0131\u015f\u0131nlar\u0131n\u0131n yans\u0131ma oran\u0131n\u0131 art\u0131rarak enerji maliyetlerinde y\u00fczde %15 tasarruf elde edilmesini sa\u011fl\u0131yor.<\/p>\n<h2><strong>2019 y\u0131l\u0131nda T\u00dcB\u0130TAK\u2019\u0131n destek miktar\u0131 d\u00f6rt kat artt\u0131<\/strong><\/h2>\n<p>Geli\u015fmi\u015f Ar-Ge kabiliyetlerinin, \u00f6zellikle ihracatta ellerini g\u00fc\u00e7lendirdi\u011fine dikkat \u00e7eken <strong>ODE Yal\u0131t\u0131m Teknik Genel M\u00fcd\u00fcr Yard\u0131mc\u0131s\u0131 Tar\u0131k Uslu<\/strong>, <strong>T\u00dcB\u0130TAK<\/strong> deste\u011fiyle <strong>Ar-Ge \u00e7al\u0131\u015fmalar\u0131<\/strong>n\u0131, \u00f6ncelikle T\u00fcrkiye\u2019de olmayan \u00fcr\u00fcnleri geli\u015ftirmeye y\u00f6nelik olarak h\u0131zland\u0131rd\u0131klar\u0131n\u0131 kaydetti. Bu kapsamda ilk olarak <strong>\u201cG\u00fcne\u015f I\u015f\u0131n\u0131 Yans\u0131tma Yolu ile Enerji Tasarrufu Sa\u011flayan Polimer Esasl\u0131 Bit\u00fcml\u00fc Su Yal\u0131t\u0131m Membran\u0131\u201d<\/strong> projesini hayata ge\u00e7irdiklerini belirten <strong>Uslu<\/strong>, \u201cBu y\u0131l da yeni bir\u00e7ok \u00fcr\u00fcn\u00fcn Ar-Ge\u2019si i\u00e7in <strong>T\u00dcB\u0130TAK<\/strong>\u2019tan destek al\u0131yoruz. Bu durumda <strong>T\u00dcB\u0130TAK<\/strong>\u2019tan ald\u0131\u011f\u0131m\u0131z Ar-Ge deste\u011fi 2019 y\u0131l\u0131nda d\u00f6rde katland\u0131\u201d dedi. <strong>\u201cEP\u0130KON COOL\u201d<\/strong> adl\u0131 beyaz reflektif ta\u015fl\u0131 membran\u0131n, \u00f6zellikle s\u0131cak b\u00f6lgeler i\u00e7in \u2018<strong>serin \u00e7at\u0131\u2019<\/strong> mant\u0131\u011f\u0131yla geli\u015ftirildi\u011fine i\u015faret eden <strong>Tar\u0131k Uslu,<\/strong> s\u00f6zlerini \u015f\u00f6yle s\u00fcrd\u00fcrd\u00fc: \u201cBinalarda kullan\u0131lan geleneksel tip membrandaki ta\u015f tipi, normalde <strong>k\u0131rm\u0131z\u0131<\/strong> ya da <strong>ye\u015fil<\/strong> boyal\u0131 olmak \u00fczere koyu renklidir ve <strong>reflektif \u00f6zelli\u011fi<\/strong> d\u00fc\u015f\u00fckt\u00fcr. Bu da \u00e7at\u0131ya n\u00fcfuz eden s\u0131cakl\u0131\u011f\u0131 art\u0131rd\u0131\u011f\u0131 i\u00e7in klima gibi so\u011futma kaynaklar\u0131n\u0131n <strong>enerji t\u00fcketimini<\/strong> artt\u0131r\u0131r. Maliyet boyutunun yan\u0131 s\u0131ra \u00e7evresel etkilerini de g\u00f6z ard\u0131 etmemek gerekir. <strong>Y\u00fcksek enerji t\u00fcketimi, karbondioksit sal\u0131n\u0131m\u0131n\u0131 artt\u0131rmak<\/strong> anlam\u0131na gelir. Ayr\u0131ca s\u00fcrekli s\u0131cakl\u0131\u011fa maruz kalan <strong>membran\u0131n ya\u015flanma s\u00fcresi<\/strong> de k\u0131sal\u0131r ve performans\u0131 d\u00fc\u015fer. Biz, <strong>beyaz reflektif<\/strong> bir mineral kullanarak, membran\u0131n yans\u0131tma oran\u0131n\u0131 y\u00fckselttik. <strong>Yans\u0131tma kabiliyeti ve \u0131s\u0131 emme<\/strong> oran\u0131n\u0131 \u00f6l\u00e7en <strong>Solar Reflection Index (SRI)<\/strong> sonu\u00e7lar\u0131, <strong>EP\u0130KON COOL<\/strong>\u2018un geleneksel malzemelere g\u00f6re <strong>30-40 kata kadar<\/strong> daha iyi performans sergiledi\u011fini ve ortalama <strong>% 15 enerji tasarrufu<\/strong> elde edilebildi\u011fini ortaya koydu. <strong>EP\u0130KON COOL<\/strong> \u00e7ok yak\u0131nda \u00f6nemli bir ihra\u00e7 kalemimiz haline gelecek ve \u00fclkemizin s\u0131cak, dolay\u0131s\u0131 ile de yaz\u0131n<strong> iklimlendirme maliyetlerinin<\/strong> y\u00fcksek oldu\u011fu b\u00f6lgelerinde de t\u00fcketicilerin tercihi olacak.\u201d<\/p>","protected":false},"excerpt":{"rendered":"<p>Sorry, this entry is only available in Turkish. For the sake of viewer convenience, the content is shown below in the alternative language. You may click the link to switch the active language. Faaliyetlerini global marka olma hedefiyle s\u00fcrd\u00fcren ODE Yal\u0131t\u0131m, geli\u015fmi\u015f Ar-Ge kabiliyeti ile T\u00fcrkiye\u2019nin ilk bit\u00fcml\u00fc membran\u0131 EP\u0130KON COOL\u2018u \u00fcretti. \u201cG\u00fcne\u015f I\u015f\u0131n\u0131 Yans\u0131tma [&hellip;]<\/p>\n","protected":false},"author":1,"featured_media":104416,"comment_status":"open","ping_status":"open","sticky":false,"template":"","format":"standard","meta":[],"categories":[53,52],"tags":[11683,62687,35423,26559,62686,33913,62685,62688,45963,1971,7744,793,52464],"views":362,"_links":{"self":[{"href":"https:\/\/www.enerjigazetesi.ist\/en\/wp-json\/wp\/v2\/posts\/104414"}],"collection":[{"href":"https:\/\/www.enerjigazetesi.ist\/en\/wp-json\/wp\/v2\/posts"}],"about":[{"href":"https:\/\/www.enerjigazetesi.ist\/en\/wp-json\/wp\/v2\/types\/post"}],"author":[{"embeddable":true,"href":"https:\/\/www.enerjigazetesi.ist\/en\/wp-json\/wp\/v2\/users\/1"}],"replies":[{"embeddable":true,"href":"https:\/\/www.enerjigazetesi.ist\/en\/wp-json\/wp\/v2\/comments?post=104414"}],"version-history":[{"count":0,"href":"https:\/\/www.enerjigazetesi.ist\/en\/wp-json\/wp\/v2\/posts\/104414\/revisions"}],"wp:featuredmedia":[{"embeddable":true,"href":"https:\/\/www.enerjigazetesi.ist\/en\/wp-json\/wp\/v2\/media\/104416"}],"wp:attachment":[{"href":"https:\/\/www.enerjigazetesi.ist\/en\/wp-json\/wp\/v2\/media?parent=104414"}],"wp:term":[{"taxonomy":"category","embeddable":true,"href":"https:\/\/www.enerjigazetesi.ist\/en\/wp-json\/wp\/v2\/categories?post=104414"},{"taxonomy":"post_tag","embeddable":true,"href":"https:\/\/www.enerjigazetesi.ist\/en\/wp-json\/wp\/v2\/tags?post=104414"}],"curies":[{"name":"wp","href":"https:\/\/api.w.org\/{rel}","templated":true}]}}