{"id":104397,"date":"2019-12-10T13:42:01","date_gmt":"2019-12-10T10:42:01","guid":{"rendered":"https:\/\/www.enerjigazetesi.ist\/?p=104397"},"modified":"2019-12-10T13:42:01","modified_gmt":"2019-12-10T10:42:01","slug":"dunya-enerji-gorunumu-2019-turkiye-lansmani-20-aralik-2019-da-yapilacak","status":"publish","type":"post","link":"https:\/\/www.enerjigazetesi.ist\/en\/dunya-enerji-gorunumu-2019-turkiye-lansmani-20-aralik-2019-da-yapilacak\/","title":{"rendered":"(Turkish) &#8217;D\u00fcnya Enerji G\u00f6r\u00fcn\u00fcm\u00fc 2019&#8242; T\u00fcrkiye Lansman\u0131 20 Aral\u0131k&#8217;ta Yap\u0131lacak"},"content":{"rendered":"<p class=\"qtranxs-available-languages-message qtranxs-available-languages-message-en\">Sorry, this entry is only available in <a href=\"https:\/\/www.enerjigazetesi.ist\/tr\/wp-json\/wp\/v2\/posts\/104397\" class=\"qtranxs-available-language-link qtranxs-available-language-link-tr\" title=\"Turkish\">Turkish<\/a>. For the sake of viewer convenience, the content is shown below in the alternative language. You may click the link to switch the active language.<\/p><p><\/p>\n<h1><strong>Kurulu\u015fundan itibaren enerji ve iklim alanlar\u0131nda yer alan kilit payda\u015flar\u0131 bir araya getiren en \u00fcst d\u00fczey bir platform olan Sabanc\u0131 \u00dcniversitesi \u0130stanbul Uluslararas\u0131 Enerji ve \u0130klim Merkezi (IICEC), enerji d\u00fcnyas\u0131n\u0131n liderlerini, bu y\u0131l 10&#8217;uncusu d\u00fczenlenen IICEC Enerji Konferans\u0131\u2019nda, bir kez daha bulu\u015fturacak.<\/strong><\/h1>\n<p>Sabanc\u0131 \u00dcniversitesi \u0130stanbul Uluslararas\u0131 Enerji ve \u0130klim Merkezi (IICEC) <strong>10&#8217;uncu IICEC Enerji Konferans<\/strong><strong>\u0131<\/strong>, bu y\u0131l <strong>20 Aral<\/strong><strong>\u0131<\/strong><strong>k 2019 Cuma g<\/strong><strong>\u00fc<\/strong><strong>n<\/strong><strong>\u00fc<\/strong><strong> Conrad Hotel <\/strong><strong>\u0130<\/strong><strong>stanbul<\/strong><strong>\u2019<\/strong><strong>da<\/strong> yap\u0131lacak. Konferans kapsam\u0131nda <strong>D\u00fcnya Enerji G\u00f6r\u00fcn\u00fcm\u00fc 2019 (World Energy Outlook 2019)<\/strong> Raporu\u2019nun T\u00fcrkiye sunumu da Uluslararas\u0131 Enerji Ajans\u0131 Ba\u015fkan\u0131<strong> Dr. Fatih Birol <\/strong>taraf\u0131ndan ger\u00e7ekle\u015ftirilecek.<\/p>\n<p><img loading=\"lazy\" class=\"alignright wp-image-104401\" src=\"https:\/\/www.enerjigazetesi.ist\/wp-content\/uploads\/2019\/12\/dunya-enerji-gorunumu-2019-turkiye-lansmani-20-aralik-2019-da-yapilacak-300x169.jpg\" alt=\"\" width=\"320\" height=\"180\" srcset=\"https:\/\/www.enerjigazetesi.ist\/wp-content\/uploads\/2019\/12\/dunya-enerji-gorunumu-2019-turkiye-lansmani-20-aralik-2019-da-yapilacak-300x169.jpg 300w, https:\/\/www.enerjigazetesi.ist\/wp-content\/uploads\/2019\/12\/dunya-enerji-gorunumu-2019-turkiye-lansmani-20-aralik-2019-da-yapilacak-768x432.jpg 768w, https:\/\/www.enerjigazetesi.ist\/wp-content\/uploads\/2019\/12\/dunya-enerji-gorunumu-2019-turkiye-lansmani-20-aralik-2019-da-yapilacak-500x281.jpg 500w, https:\/\/www.enerjigazetesi.ist\/wp-content\/uploads\/2019\/12\/dunya-enerji-gorunumu-2019-turkiye-lansmani-20-aralik-2019-da-yapilacak-80x45.jpg 80w, https:\/\/www.enerjigazetesi.ist\/wp-content\/uploads\/2019\/12\/dunya-enerji-gorunumu-2019-turkiye-lansmani-20-aralik-2019-da-yapilacak.jpg 800w\" sizes=\"(max-width: 320px) 100vw, 320px\" \/>Toplant\u0131 kapsam\u0131nda <strong>Dr. Fatih Birol<\/strong> moderat\u00f6rl\u00fc\u011f\u00fcnde <strong>\u201cT\u00fcrkiye Enerji Sekt\u00f6r\u00fc Liderleri\u201d<\/strong> konulu bir panel de ger\u00e7ekle\u015ftirilecek.<\/p>\n<p><strong>Sabanc\u0131 \u00dcniversitesi<\/strong> Kurucu M\u00fctevelli Heyeti Ba\u015fkan\u0131 <strong>G\u00fcler Sabanc<\/strong><strong>\u0131<\/strong> ve Sabanc\u0131 \u00dcniversitesi IICEC Direkt\u00f6r\u00fc<strong> Prof. Carmine Difiglio<\/strong>\u2019nun ev sahipli\u011finde ger\u00e7ekle\u015fecek konferansta, Enerji ve Tabii Kaynaklar Bakan\u0131 <strong>Fatih D\u00f6nmez <\/strong>Onur Konu\u011fu <strong><em>keynote<\/em> konu\u015fmac\u0131s\u0131<\/strong> olacak.<\/p>\n<p>\u00c7al\u0131\u015fmalar\u0131na <strong>2010 y\u0131l\u0131nda<\/strong> ba\u015flayan <strong>IICEC<\/strong> taraf\u0131ndan her y\u0131l <strong>geleneksel olarak d\u00fczenlenen<\/strong>, enerji sekt\u00f6r\u00fcn\u00fcn liderlerini ve sekt\u00f6r\u00fcn kamu-sanayi-\u00fcniversite ba\u011flam\u0131nda t\u00fcm payda\u015flar\u0131n\u0131 bulu\u015fturarak <strong>T\u00fcrkiye enerji g\u00fcndeminin<\/strong> nabz\u0131n\u0131 tutmaktad\u0131r.<\/p>\n<h2><strong>Peki \u201cWorld Energy Outlook\u201d Raporu Nedir? <\/strong><\/h2>\n<p><i>D\u00fcnya liderlerinin enerji alan\u0131ndali ba\u015fucu kitab\u0131 olan<strong>\u201cWorld Energy Outlook\u201d<\/strong> Raporu, d\u00fcnya genelinde enerji sekt\u00f6r\u00fcnde en etkin yay\u0131n olarak kabul g\u00f6rmektedir. <strong>Uluslararas\u0131 Enerji Ajans\u0131<\/strong> taraf\u0131ndan her y\u0131l yay\u0131mlanan World Energy Outlook, d\u00fcnya enerji sekt\u00f6r\u00fcn\u00fcn g\u00f6r\u00fcn\u00fcm\u00fc ve \u00f6ne \u00e7\u0131kan dinamikler kapsam\u0131nda, <strong>enerji \u00fcretimi, t\u00fcketimi, arz, talep, maliyet, fiyatlar, enerji altyap\u0131s\u0131 ve teknolojileri, emisyonlar ve iklim de\u011fi\u015fikli\u011fi<\/strong> gibi konulara, enerji modellerine dayal\u0131 analitik bir bak\u0131\u015f sunmaktad\u0131r. \u201cWorld Energy Outlook\u201d, her y\u0131l oldu\u011fu gibi bu y\u0131l da, gelece\u011fe y\u00f6nelik farkl\u0131 senaryolar \u00e7er\u00e7evesinde, orta ve uzun vadede enerji sisteminin nas\u0131l d\u00f6n\u00fc\u015febilece\u011fine, enerji sekt\u00f6r\u00fcnde karar vericiler, <strong>end\u00fcstri ve enerji t\u00fcketicileri<\/strong> i\u00e7in zorluk ve f\u0131rsatlara, potansiyele ve <strong>iyile\u015ftirme alanlar\u0131na<\/strong> dair \u00f6nemli analizler sunuyor.<\/i><\/p>","protected":false},"excerpt":{"rendered":"<p>Sorry, this entry is only available in Turkish. For the sake of viewer convenience, the content is shown below in the alternative language. You may click the link to switch the active language. Kurulu\u015fundan itibaren enerji ve iklim alanlar\u0131nda yer alan kilit payda\u015flar\u0131 bir araya getiren en \u00fcst d\u00fczey bir platform olan Sabanc\u0131 \u00dcniversitesi \u0130stanbul [&hellip;]<\/p>\n","protected":false},"author":1,"featured_media":104401,"comment_status":"open","ping_status":"open","sticky":false,"template":"","format":"standard","meta":[],"categories":[51,53],"tags":[62661,62660,62657,1024,62658,62662,27530,1049,1023,62656,35718,57846,62659,61938,1022],"views":432,"_links":{"self":[{"href":"https:\/\/www.enerjigazetesi.ist\/en\/wp-json\/wp\/v2\/posts\/104397"}],"collection":[{"href":"https:\/\/www.enerjigazetesi.ist\/en\/wp-json\/wp\/v2\/posts"}],"about":[{"href":"https:\/\/www.enerjigazetesi.ist\/en\/wp-json\/wp\/v2\/types\/post"}],"author":[{"embeddable":true,"href":"https:\/\/www.enerjigazetesi.ist\/en\/wp-json\/wp\/v2\/users\/1"}],"replies":[{"embeddable":true,"href":"https:\/\/www.enerjigazetesi.ist\/en\/wp-json\/wp\/v2\/comments?post=104397"}],"version-history":[{"count":0,"href":"https:\/\/www.enerjigazetesi.ist\/en\/wp-json\/wp\/v2\/posts\/104397\/revisions"}],"wp:featuredmedia":[{"embeddable":true,"href":"https:\/\/www.enerjigazetesi.ist\/en\/wp-json\/wp\/v2\/media\/104401"}],"wp:attachment":[{"href":"https:\/\/www.enerjigazetesi.ist\/en\/wp-json\/wp\/v2\/media?parent=104397"}],"wp:term":[{"taxonomy":"category","embeddable":true,"href":"https:\/\/www.enerjigazetesi.ist\/en\/wp-json\/wp\/v2\/categories?post=104397"},{"taxonomy":"post_tag","embeddable":true,"href":"https:\/\/www.enerjigazetesi.ist\/en\/wp-json\/wp\/v2\/tags?post=104397"}],"curies":[{"name":"wp","href":"https:\/\/api.w.org\/{rel}","templated":true}]}}