{"id":10439,"date":"2013-05-03T09:36:49","date_gmt":"2013-05-03T06:36:49","guid":{"rendered":"https:\/\/www.enerjigazetesi.ist\/?p=10439"},"modified":"2013-05-03T09:36:49","modified_gmt":"2013-05-03T06:36:49","slug":"iklim-icin-yeni-tehlike-cani-400ppm-cozum-enerji-verimliligi","status":"publish","type":"post","link":"https:\/\/www.enerjigazetesi.ist\/en\/iklim-icin-yeni-tehlike-cani-400ppm-cozum-enerji-verimliligi\/","title":{"rendered":"(Turkish) \u0130klim \u0130\u00e7in Yeni Tehlike \u00c7an\u0131: 400PPM, \u00c7\u00f6z\u00fcm Enerji Verimlili\u011fi&#8230;"},"content":{"rendered":"<p class=\"qtranxs-available-languages-message qtranxs-available-languages-message-en\">Sorry, this entry is only available in <a href=\"https:\/\/www.enerjigazetesi.ist\/tr\/wp-json\/wp\/v2\/posts\/10439\" class=\"qtranxs-available-language-link qtranxs-available-language-link-tr\" title=\"Turkish\">Turkish<\/a>. For the sake of viewer convenience, the content is shown below in the alternative language. You may click the link to switch the active language.<\/p><p><strong>D\u00fcnya atmosferindeki karbondioksit yo\u011funlu\u011fu 400ppm\u2019e yakla\u015farak insanl\u0131k tarihinin en y\u00fcksek noktas\u0131na ula\u015ft\u0131.<\/strong><\/p>\n<p>Atmosferdeki milyon par\u00e7ac\u0131ktaki karbondioksit yo\u011funlu\u011funu g\u00f6steren bu \u00f6l\u00e7\u00fcn\u00fcn 350ppm\u2019den y\u00fcksek ol<a href=\"https:\/\/www.enerjigazetesi.ist\/wp-content\/uploads\/2013\/05\/iklim-icin-yeni-bir-tehlike-cani-400ppm.jpg\"><img loading=\"lazy\" class=\"alignright size-medium wp-image-10440\" title=\"iklim-icin-yeni-bir-tehlike-cani-400ppm\" src=\"https:\/\/www.enerjigazetesi.ist\/wp-content\/uploads\/2013\/05\/iklim-icin-yeni-bir-tehlike-cani-400ppm-300x182.jpg\" alt=\"\" width=\"300\" height=\"182\" srcset=\"https:\/\/www.enerjigazetesi.ist\/wp-content\/uploads\/2013\/05\/iklim-icin-yeni-bir-tehlike-cani-400ppm-300x182.jpg 300w, https:\/\/www.enerjigazetesi.ist\/wp-content\/uploads\/2013\/05\/iklim-icin-yeni-bir-tehlike-cani-400ppm-80x48.jpg 80w, https:\/\/www.enerjigazetesi.ist\/wp-content\/uploads\/2013\/05\/iklim-icin-yeni-bir-tehlike-cani-400ppm.jpg 411w\" sizes=\"(max-width: 300px) 100vw, 300px\" \/><\/a>mas\u0131 iklim de\u011fi\u015fikli\u011fi a\u00e7\u0131s\u0131ndan g\u00fcvenli olan e\u015fi\u011fin a\u015f\u0131ld\u0131\u011f\u0131 anlam\u0131na geliyor.<\/p>\n<p>ABD h\u00fck\u00fcmetine ait Havai\u2019deki Mauna Loa g\u00f6zlem istasyonunda yap\u0131lan \u00f6l\u00e7\u00fcmlere g\u00f6re Nisan ay\u0131n\u0131n son g\u00fcnlerinde birka\u00e7 kez saatlik olarak 400ppm\u2019in \u00fczerine \u00e7\u0131kan bu rakam 25 Nisan\u2019da ise ortalama 399.72 ppm olarak ger\u00e7ekle\u015fti. Uzmanlara g\u00f6re havadaki karbondioksit yo\u011funlu\u011fu k\u0131sa s\u00fcrede 400ppm\u2019lik sembolik seviyeyi a\u015facak.<\/p>\n<p>ABD merkezli Scripps O\u015finografi Enstit\u00fcs\u00fc\u2019ne ba\u011fl\u0131 olan laboratuvardaki uzmanlara g\u00f6re son 800,000 y\u0131ld\u0131r bu yo\u011funluk 300 ppm seviyesini a\u015fmam\u0131\u015fken, sanayi devrimi ile birlikte fosil yak\u0131t kaynakl\u0131 karbon sal\u0131mlar\u0131 ba\u015flamadan \u00f6nce ise 280 ppm seviyesindeydi.<\/p>\n<p>Ayn\u0131 rakam Mauna Loa laboratuar\u0131nda 1958 y\u0131l\u0131n\u0131n Mart ay\u0131nda yap\u0131lan ilk \u00f6l\u00e7\u00fcmde ise 316 ppm d\u00fczeyindeydi.<\/p>\n<p><strong>H\u00fck\u00fcmetler<\/strong> de siyasi menfaatlerini \u00fcst\u00fcn g\u00f6rerek k\u00fcresel \u0131s\u0131nma ger\u00e7e\u011fini arka plana at\u0131yor ve <strong>sera gaz\u0131 sal\u0131m\u0131n\u0131<\/strong> azaltmaktan, <strong><em>enerji verimlili\u011fi<\/em><\/strong> politikalar\u0131 uygulamaktan uzak duruyor.<\/p>\n<p>Fakat bilim, insanl\u0131\u011f\u0131n \u015fu ger\u00e7ekle y\u00fczle\u015fmedi\u011fi takdirde kendi sonunu haz\u0131rlad\u0131\u011f\u0131n\u0131 g\u00f6zler \u00f6n\u00fcne seriyor; <strong>k\u00fcresel iklim de\u011fi\u015fikli\u011finin<\/strong> sebebi bizleriz ba\u015fka hi\u00e7 kimse de\u011fil!<\/p>\n<p>Kaynak: <a href=\"http:\/\/www.yesilekonomi.com\/surdurulebilirlik\/iklim-icin-yeni-bir-tehlike-cani-400ppm\" target=\"_blank\">Ye\u015fil Ekonomi<\/a><\/p>","protected":false},"excerpt":{"rendered":"<p>Sorry, this entry is only available in Turkish. For the sake of viewer convenience, the content is shown below in the alternative language. You may click the link to switch the active language.D\u00fcnya atmosferindeki karbondioksit yo\u011funlu\u011fu 400ppm\u2019e yakla\u015farak insanl\u0131k tarihinin en y\u00fcksek noktas\u0131na ula\u015ft\u0131. Atmosferdeki milyon par\u00e7ac\u0131ktaki karbondioksit yo\u011funlu\u011funu g\u00f6steren bu \u00f6l\u00e7\u00fcn\u00fcn 350ppm\u2019den y\u00fcksek olmas\u0131 [&hellip;]<\/p>\n","protected":false},"author":1,"featured_media":10440,"comment_status":"open","ping_status":"open","sticky":false,"template":"","format":"standard","meta":[],"categories":[53,52],"tags":[5049,63,67,12,1999,5051,5050,1471,4033,1296,793],"views":623,"_links":{"self":[{"href":"https:\/\/www.enerjigazetesi.ist\/en\/wp-json\/wp\/v2\/posts\/10439"}],"collection":[{"href":"https:\/\/www.enerjigazetesi.ist\/en\/wp-json\/wp\/v2\/posts"}],"about":[{"href":"https:\/\/www.enerjigazetesi.ist\/en\/wp-json\/wp\/v2\/types\/post"}],"author":[{"embeddable":true,"href":"https:\/\/www.enerjigazetesi.ist\/en\/wp-json\/wp\/v2\/users\/1"}],"replies":[{"embeddable":true,"href":"https:\/\/www.enerjigazetesi.ist\/en\/wp-json\/wp\/v2\/comments?post=10439"}],"version-history":[{"count":2,"href":"https:\/\/www.enerjigazetesi.ist\/en\/wp-json\/wp\/v2\/posts\/10439\/revisions"}],"predecessor-version":[{"id":10442,"href":"https:\/\/www.enerjigazetesi.ist\/en\/wp-json\/wp\/v2\/posts\/10439\/revisions\/10442"}],"wp:featuredmedia":[{"embeddable":true,"href":"https:\/\/www.enerjigazetesi.ist\/en\/wp-json\/wp\/v2\/media\/10440"}],"wp:attachment":[{"href":"https:\/\/www.enerjigazetesi.ist\/en\/wp-json\/wp\/v2\/media?parent=10439"}],"wp:term":[{"taxonomy":"category","embeddable":true,"href":"https:\/\/www.enerjigazetesi.ist\/en\/wp-json\/wp\/v2\/categories?post=10439"},{"taxonomy":"post_tag","embeddable":true,"href":"https:\/\/www.enerjigazetesi.ist\/en\/wp-json\/wp\/v2\/tags?post=10439"}],"curies":[{"name":"wp","href":"https:\/\/api.w.org\/{rel}","templated":true}]}}