{"id":104256,"date":"2019-12-07T16:34:09","date_gmt":"2019-12-07T13:34:09","guid":{"rendered":"https:\/\/www.enerjigazetesi.ist\/?p=104256"},"modified":"2019-12-09T17:59:16","modified_gmt":"2019-12-09T14:59:16","slug":"7inci-anadolu-gunesi-elektrik-uretiyor-konferans-ve-sergisi-22-subat-ta-kayseri-de","status":"publish","type":"post","link":"https:\/\/www.enerjigazetesi.ist\/en\/7inci-anadolu-gunesi-elektrik-uretiyor-konferans-ve-sergisi-22-subat-ta-kayseri-de\/","title":{"rendered":"(Turkish) 7&#8217;inci &#8216;Anadolu G\u00fcne\u015fi Elektrik \u00dcretiyor&#8217; Konferans ve Sergisi, 22 \u015eubat&#8217;ta!"},"content":{"rendered":"<p class=\"qtranxs-available-languages-message qtranxs-available-languages-message-en\">Sorry, this entry is only available in <a href=\"https:\/\/www.enerjigazetesi.ist\/tr\/wp-json\/wp\/v2\/posts\/104256\" class=\"qtranxs-available-language-link qtranxs-available-language-link-tr\" title=\"Turkish\">Turkish<\/a>. For the sake of viewer convenience, the content is shown below in the alternative language. You may click the link to switch the active language.<\/p><p><\/p>\n<h1><strong>T.C. Enerji Ve Tabii Kaynaklar Bakanl\u0131\u011f\u0131 deste\u011fi ile &#8220;Anadolu G\u00fcne\u015fi Elektrik \u00dcretiyor&#8221; mottosuyla\u00a0<\/strong><strong>g\u00fcne\u015f enerjisinden elektrik \u00fcretiminin t\u00fcm y\u00f6nleriyle ele al\u0131naca\u011f\u0131 1 g\u00fcn s\u00fcrecek olan konferans ve sergisinin 7\u2019ncisi 22 \u015eubat 2020&#8217;de Kayseri Wyndham Grand Otel\u2019de ger\u00e7ekle\u015ftirilecek.<\/strong><\/h1>\n<p><strong>T\u00fcrkiye\u2019nin<\/strong> her yerinden ve yurt d\u0131\u015f\u0131ndan <strong>GES yat\u0131r\u0131mc\u0131lar\u0131<\/strong> ile <strong>yerli ve yabanc\u0131<\/strong> se\u00e7kin <strong>enerji \u015firketlerinin<\/strong> bir araya gelece\u011fi etkinli\u011fe\u00a0<a href=\"https:\/\/anadolugunesi.org\/kayit\/\" target=\"_blank\" rel=\"noopener\">https:\/\/anadolugunesi.org\/kayit\/<\/a>\u00a0adresinden kay\u0131t <img loading=\"lazy\" class=\"alignright wp-image-104262\" src=\"https:\/\/www.enerjigazetesi.ist\/wp-content\/uploads\/2019\/12\/7inci-anadolu-gunesi-elektrik-uretiyor-konferans-ve-sergisi-22-subat-ta-kayseri-de.jpg\" alt=\"\" width=\"340\" height=\"215\" srcset=\"https:\/\/www.enerjigazetesi.ist\/wp-content\/uploads\/2019\/12\/7inci-anadolu-gunesi-elektrik-uretiyor-konferans-ve-sergisi-22-subat-ta-kayseri-de.jpg 904w, https:\/\/www.enerjigazetesi.ist\/wp-content\/uploads\/2019\/12\/7inci-anadolu-gunesi-elektrik-uretiyor-konferans-ve-sergisi-22-subat-ta-kayseri-de-300x189.jpg 300w, https:\/\/www.enerjigazetesi.ist\/wp-content\/uploads\/2019\/12\/7inci-anadolu-gunesi-elektrik-uretiyor-konferans-ve-sergisi-22-subat-ta-kayseri-de-768x485.jpg 768w, https:\/\/www.enerjigazetesi.ist\/wp-content\/uploads\/2019\/12\/7inci-anadolu-gunesi-elektrik-uretiyor-konferans-ve-sergisi-22-subat-ta-kayseri-de-500x316.jpg 500w, https:\/\/www.enerjigazetesi.ist\/wp-content\/uploads\/2019\/12\/7inci-anadolu-gunesi-elektrik-uretiyor-konferans-ve-sergisi-22-subat-ta-kayseri-de-80x50.jpg 80w\" sizes=\"(max-width: 340px) 100vw, 340px\" \/>yapt\u0131rabilirsiniz.<\/p>\n<h2><strong>Rezervasyon veya Kay\u0131t Zorunlu Olup <span style=\"text-decoration: underline;\">Detayl\u0131 Bilgi \u0130\u00e7in:<\/span><\/strong><\/h2>\n<p><strong>Tel:<\/strong> +90 541 650 1710<br \/>\n<strong>E-mail:<\/strong>\u00a0<a href=\"mailto:bilgi@anadolugunesi.org\" target=\"_blank\" rel=\"noopener\">bilgi@anadolugunesi.org<\/a><br \/>\n<strong>Web:<\/strong>\u00a0<a href=\"https:\/\/anadolugunesi.org\/\" target=\"_blank\" rel=\"noopener\">https:\/\/anadolugunesi.org<\/a><\/p>\n<p><strong>Ge\u00e7mi\u015f Y\u0131llarda Ger\u00e7ekle\u015ftirilen Etkinli\u011fe Kat\u0131lan Firmalar:<\/strong><br \/>\n<a href=\"https:\/\/anadolugunesi.org\/programlarimiza-katilim-saglayanlar\/\" target=\"_blank\" rel=\"noopener\">https:\/\/anadolugunesi.org\/programlarimiza-katilim-saglayanlar\/<\/a><\/p>\n<p><strong>Stand A\u00e7ma ve Sponsorluklar \u0130\u00e7in:\u00a0<\/strong><a href=\"https:\/\/anadolugunesi.org\/stand-acma-ve-sponsor-olma\/\" target=\"_blank\" rel=\"noopener\">https:\/\/anadolugunesi.org\/stand-acma-ve-sponsor-olma\/<\/a><\/p>\n<p><strong>Etkinli\u011fin Odak Konular\u0131 Hakk\u0131nda Bilgi \u0130\u00e7in:\u00a0<\/strong><a href=\"https:\/\/anadolugunesi.org\/odak-konular\/\" target=\"_blank\" rel=\"noopener\">https:\/\/anadolugunesi.org\/odak-konular\/<\/a>\u00a0adresini ziyaret edebilirsiniz.<\/p>","protected":false},"excerpt":{"rendered":"<p>Sorry, this entry is only available in Turkish. For the sake of viewer convenience, the content is shown below in the alternative language. You may click the link to switch the active language. T.C. Enerji Ve Tabii Kaynaklar Bakanl\u0131\u011f\u0131 deste\u011fi ile &#8220;Anadolu G\u00fcne\u015fi Elektrik \u00dcretiyor&#8221; mottosuyla\u00a0g\u00fcne\u015f enerjisinden elektrik \u00fcretiminin t\u00fcm y\u00f6nleriyle ele al\u0131naca\u011f\u0131 1 g\u00fcn [&hellip;]<\/p>\n","protected":false},"author":1,"featured_media":104259,"comment_status":"open","ping_status":"open","sticky":false,"template":"","format":"standard","meta":[],"categories":[51,53,49],"tags":[52674,52259,3135,54934,24571,50644,62525,22552,62523,53157,12474,1039,62524,39590,62522,62521],"views":417,"_links":{"self":[{"href":"https:\/\/www.enerjigazetesi.ist\/en\/wp-json\/wp\/v2\/posts\/104256"}],"collection":[{"href":"https:\/\/www.enerjigazetesi.ist\/en\/wp-json\/wp\/v2\/posts"}],"about":[{"href":"https:\/\/www.enerjigazetesi.ist\/en\/wp-json\/wp\/v2\/types\/post"}],"author":[{"embeddable":true,"href":"https:\/\/www.enerjigazetesi.ist\/en\/wp-json\/wp\/v2\/users\/1"}],"replies":[{"embeddable":true,"href":"https:\/\/www.enerjigazetesi.ist\/en\/wp-json\/wp\/v2\/comments?post=104256"}],"version-history":[{"count":0,"href":"https:\/\/www.enerjigazetesi.ist\/en\/wp-json\/wp\/v2\/posts\/104256\/revisions"}],"wp:featuredmedia":[{"embeddable":true,"href":"https:\/\/www.enerjigazetesi.ist\/en\/wp-json\/wp\/v2\/media\/104259"}],"wp:attachment":[{"href":"https:\/\/www.enerjigazetesi.ist\/en\/wp-json\/wp\/v2\/media?parent=104256"}],"wp:term":[{"taxonomy":"category","embeddable":true,"href":"https:\/\/www.enerjigazetesi.ist\/en\/wp-json\/wp\/v2\/categories?post=104256"},{"taxonomy":"post_tag","embeddable":true,"href":"https:\/\/www.enerjigazetesi.ist\/en\/wp-json\/wp\/v2\/tags?post=104256"}],"curies":[{"name":"wp","href":"https:\/\/api.w.org\/{rel}","templated":true}]}}