{"id":104235,"date":"2019-12-07T15:36:18","date_gmt":"2019-12-07T12:36:18","guid":{"rendered":"https:\/\/www.enerjigazetesi.ist\/?p=104235"},"modified":"2019-12-07T15:36:52","modified_gmt":"2019-12-07T12:36:52","slug":"donmez-kamu-binalarinda-2-4-milyar-tllik-enerji-tasarrufu-yapilacak","status":"publish","type":"post","link":"https:\/\/www.enerjigazetesi.ist\/en\/donmez-kamu-binalarinda-2-4-milyar-tllik-enerji-tasarrufu-yapilacak\/","title":{"rendered":"(Turkish) D\u00f6nmez: &#8220;Kamu Binalar\u0131nda 2.4 Milyar TL\u2019lik Enerji Tasarrufu Yap\u0131lacak&#8221;"},"content":{"rendered":"<p class=\"qtranxs-available-languages-message qtranxs-available-languages-message-en\">Sorry, this entry is only available in <a href=\"https:\/\/www.enerjigazetesi.ist\/tr\/wp-json\/wp\/v2\/posts\/104235\" class=\"qtranxs-available-language-link qtranxs-available-language-link-tr\" title=\"Turkish\">Turkish<\/a>. For the sake of viewer convenience, the content is shown below in the alternative language. You may click the link to switch the active language.<\/p><p><\/p>\n<h1><strong>Enerji Verimlili\u011fi Derne\u011fi taraf\u0131ndan d\u00fczenlenen \u201c\u0130sti\u015fare Toplant\u0131s\u0131\u201dnda konu\u015fan Enerji ve Tabii Kaynaklar Bakan\u0131 Fatih D\u00f6nmez, kamunun enerji verimlili\u011fi konusunda topluma \u00f6rnek olaca\u011f\u0131n\u0131 s\u00f6yledi. Kamunun y\u0131ll\u0131k elektrik giderinin 6 milyar TL oldu\u011funu belirten Bakan D\u00f6nmez, \u201c% 40\u2019a varan yani 2.4 milyar TL\u2019lik bir enerji potansiyeli s\u00f6z konusu. Bu potansiyelin ger\u00e7ekle\u015fmesi i\u00e7in Enerji Performans S\u00f6zle\u015fmeleri\u2019ni devreye alaca\u011f\u0131z\u201d dedi.\u00a0<\/strong><strong>Toplant\u0131da bir konu\u015fma yapan Enerji Verimlili\u011fi Derne\u011fi Ba\u015fkan\u0131 Murat Kals\u0131n ise t\u00fcm d\u00fcnyada bu sekt\u00f6re yap\u0131lan yat\u0131r\u0131mlar\u0131n 234 milyar dolara ula\u015ft\u0131\u011f\u0131n\u0131 belirterek \u201cKar\u015f\u0131m\u0131zda hem istihdam hem rekabet\u00e7ilik hem de tasarruf sa\u011flayacak yepyeni bir sekt\u00f6r var. Bu treni ka\u00e7\u0131rmayal\u0131m\u201d \u00f6nerisinde bulundu.<\/strong><\/h1>\n<p><strong>Enerji Verimlili\u011fi Derne\u011fi<\/strong> taraf\u0131ndan d\u00fczenlenen <strong>Enerji ve Tabii Kaynaklar Bakan\u0131<\/strong> <em>Fatih D\u00f6nmez<\/em> ile i\u015f d\u00fcnyas\u0131n\u0131n bulu\u015ftu\u011fu \u201c\u0130sti\u015fare Toplant\u0131s\u0131\u201d <strong>Swissotel\u2019de<\/strong> yap\u0131ld\u0131. Enerji sekt\u00f6r\u00fcn\u00fcn oyuncular\u0131n\u0131n yan\u0131 s\u0131ra \u00e7ok say\u0131da <strong>kamu kurulu\u015fu, finans sekt\u00f6r\u00fcn\u00fcn temsilcileri ve sivil toplum \u00f6rg\u00fctlerinin y\u00f6neticilerinin<\/strong> kat\u0131ld\u0131\u011f\u0131 toplant\u0131da bir konu\u015fma yapan Enerji ve Tabii <img loading=\"lazy\" class=\"alignright wp-image-104239\" src=\"https:\/\/www.enerjigazetesi.ist\/wp-content\/uploads\/2019\/12\/donmez-kamu-binalarinda-2-4-milyar-tllik-enerji-tasarrufu-yapilacak.jpg\" alt=\"\" width=\"340\" height=\"219\" srcset=\"https:\/\/www.enerjigazetesi.ist\/wp-content\/uploads\/2019\/12\/donmez-kamu-binalarinda-2-4-milyar-tllik-enerji-tasarrufu-yapilacak.jpg 759w, https:\/\/www.enerjigazetesi.ist\/wp-content\/uploads\/2019\/12\/donmez-kamu-binalarinda-2-4-milyar-tllik-enerji-tasarrufu-yapilacak-300x193.jpg 300w, https:\/\/www.enerjigazetesi.ist\/wp-content\/uploads\/2019\/12\/donmez-kamu-binalarinda-2-4-milyar-tllik-enerji-tasarrufu-yapilacak-500x321.jpg 500w, https:\/\/www.enerjigazetesi.ist\/wp-content\/uploads\/2019\/12\/donmez-kamu-binalarinda-2-4-milyar-tllik-enerji-tasarrufu-yapilacak-78x50.jpg 78w\" sizes=\"(max-width: 340px) 100vw, 340px\" \/>Kaynaklar Bakan\u0131 Fatih D\u00f6nmez, enerji verimlili\u011finin toplumsal k\u00fclt\u00fcr\u00fcn par\u00e7as\u0131 haline gelmesinde kamunun \u00f6rnek olmas\u0131n\u0131 ama\u00e7lad\u0131klar\u0131n\u0131 belirterek, \u201cKamunun <strong>y\u0131ll\u0131k enerji gideri<\/strong> yakla\u015f\u0131k 6 milyar lira. Yapt\u0131\u011f\u0131m\u0131z \u00e7al\u0131\u015fmalar sonucu <strong>% 40<\/strong>\u2019a varan, yani <strong>2,4 milyar liral\u0131k<\/strong> enerji tasarruf potansiyeli s\u00f6z konusu. Bu potansiyelin ger\u00e7ekle\u015fmesi i\u00e7in <strong>Enerji Performans S\u00f6zle\u015fmeleri<\/strong>\u2019ni kullan\u0131ma sunaca\u011f\u0131z, b\u00f6ylece kamu idarelerinin maliyetlerini, sa\u011flad\u0131klar\u0131 tasarruflar kar\u015f\u0131layacak\u201d dedi.<\/p>\n<p>D\u00f6nmez, <strong>Enerji Verimlili\u011fi Derne\u011fi \u0130sti\u015fare Toplant\u0131s\u0131&#8217;nda<\/strong> yapt\u0131\u011f\u0131 konu\u015fmada, T\u00fcrkiye\u2019nin enerji zengini bir \u00fclke olmad\u0131\u011f\u0131n\u0131 ve yurtd\u0131\u015f\u0131 kaynakl\u0131 her enerjinin ekonomiye y\u00fck oldu\u011funu s\u00f6yledi.<\/p>\n<p><strong>T\u00fcrkiye\u2019nin Ulusal Enerji Verimlili\u011fi Eylem Plan\u0131<\/strong>\u2019n\u0131 yakla\u015f\u0131k <strong>1,5 y\u0131l \u00f6nce<\/strong> uygulamaya ba\u015flad\u0131\u011f\u0131n\u0131 an\u0131msatan D\u00f6nmez, bu kapsamda <strong>2017-2018 d\u00f6neminde<\/strong> enerji verimlili\u011fine <strong>1,35 milyar dolar yat\u0131r\u0131m<\/strong> yap\u0131ld\u0131\u011f\u0131n\u0131 s\u00f6yledi. Bakan D\u00f6nmez, bu yat\u0131r\u0131m\u0131n kar\u015f\u0131l\u0131\u011f\u0131nda <strong>308 milyon dolarl\u0131k<\/strong> bir tasarruf elde edildi\u011fini belirterek, \u201cBu konuda kamunun \u00f6rnek olmas\u0131n\u0131 istiyoruz. <strong>Cumhurba\u015fkanl\u0131\u011f\u0131 Genelgesi kapsam\u0131nda<\/strong> 2023 sonuna kadar kamu binalar\u0131 i\u00e7in en az <strong>% 15<\/strong> enerji tasarrufu elde edilmesi gerekiyor. Kamu binalar\u0131ndaki d\u00f6n\u00fc\u015f\u00fcm i\u00e7in <strong>D\u00fcnya Bankas\u0131<\/strong>\u2019ndan yakla\u015f\u0131k <strong>4 milyon dolar\u0131 hibe<\/strong> olmak \u00fczere <strong>200 milyon dolarl\u0131k kredi<\/strong> temin ettik\u201d bilgisini payla\u015ft\u0131.<\/p>\n<h2><strong>\u2018Akl\u0131nla Verimli Ya\u015fa\u2019 kampanyas\u0131 ba\u015flat\u0131l\u0131yor<\/strong><\/h2>\n<p>D\u00f6nmez, <strong>enerji verimlili\u011fini<\/strong> \u00e7e\u015fitli uygulamalarla toplumun t\u00fcm kesimlerine yaymay\u0131 hedeflediklerini ifade ederek, bu kapsamda <strong>\u201cAkl\u0131nla Verimli Ya\u015fa\u201d<\/strong> slogan\u0131yla bir ileti\u015fim kampanyas\u0131 ba\u015flatt\u0131klar\u0131n\u0131 a\u00e7\u0131klad\u0131. Bu kampanyayla <strong>hanelerde enerji verimlili\u011fiyle ilgili<\/strong> \u00f6nce fark\u0131ndal\u0131k yarat\u0131lmas\u0131, bilin\u00e7 seviyesinin art\u0131r\u0131lmas\u0131 ve bunun davran\u0131\u015f de\u011fi\u015fikli\u011fine d\u00f6nmesini ama\u00e7lad\u0131klar\u0131n\u0131 anlatan D\u00f6nmez, <span style=\"text-decoration: underline;\">\u015funlar\u0131 belirtti:<\/span><\/p>\n<p>Kampanyayla <strong>enerji verimlili\u011fini te\u015fvik<\/strong> ederken, <strong>\u00e7evreyi koruma ve enerjide d\u0131\u015fa ba\u011f\u0131ml\u0131l\u0131\u011f\u0131n azalt\u0131lmas\u0131<\/strong> gibi konularda da fark\u0131ndal\u0131k art\u0131r\u0131c\u0131 i\u00e7erikleri de zamanla payla\u015faca\u011f\u0131z. Enerji verimlili\u011fi faaliyetlerini art\u0131racak en \u00f6nemli ba\u015fl\u0131klardan biri de finansmand\u0131r. Enerji verimlili\u011finin ticari bir \u00fcr\u00fcn haline gelerek piyasa kar\u015f\u0131l\u0131\u011f\u0131n\u0131n olu\u015fturuldu\u011fu <strong>yeni nesil modeller \u00fczerinde<\/strong> \u00e7al\u0131\u015f\u0131yoruz. Bu kapsamda, <strong>Hazine ve Maliye Bakanl\u0131\u011f\u0131<\/strong> koordinat\u00f6rl\u00fc\u011f\u00fcnde D\u00fcnya Bankas\u0131 ile 200 milyon dolar, <strong>Avrupa \u0130mar ve Kalk\u0131nma Bankas\u0131<\/strong> ile de 50 milyon Euroluk bir \u00e7al\u0131\u015fma y\u00fcr\u00fct\u00fcyoruz. <strong>D\u00fcnya Bankas\u0131<\/strong> ile ayr\u0131ca yerel y\u00f6netimleri de kapsayan <strong>300 milyon dolarl\u0131k<\/strong> daha kapsaml\u0131 bir finansman \u00fczerinde \u00e7al\u0131\u015f\u0131yoruz.&#8221;<\/p>\n<h2><strong>Enerji verimlili\u011fi gen\u00e7lerimiz i\u00e7in yeni bir istihdam alan\u0131 olacak<\/strong><\/h2>\n<p>Toplant\u0131n\u0131n a\u00e7\u0131l\u0131\u015f konu\u015fmas\u0131n\u0131 yapan Enerji Verimlili\u011fi Derne\u011fi Ba\u015fkan\u0131 <strong>Murat Kals\u0131n<\/strong> ise enerji verimlili\u011fi sekt\u00f6r\u00fcn\u00fcn istihdam, rekabet\u00e7ilik, yeni teknolojiler ve katma de\u011ferli hizmet ve \u00e7\u00f6z\u00fcmlerin yolunu a\u00e7t\u0131\u011f\u0131n\u0131 s\u00f6yledi. Kals\u0131n, 2018 y\u0131l\u0131nda <strong>2,3 milyondan fazla<\/strong> Amerikal\u0131n\u0131n, enerji verimlili\u011fi sekt\u00f6r\u00fcnde istihdam edildi\u011fini belirterek \u201cBu \u00fclkede <strong>enerji verimlili\u011fi \u00e7al\u0131\u015fanlar\u0131<\/strong> enerji i\u015flerinde \u00e7al\u0131\u015fanlar\u0131n <strong>y\u00fczde 28\u2019ini<\/strong> olu\u015fturuyor. \u0130stihdam oran\u0131 2018\u2019de bir \u00f6nceki y\u0131la g\u00f6re <strong>y\u00fczde 3.4<\/strong> oran\u0131nda artm\u0131\u015f, bu y\u0131l i\u00e7in b\u00fcy\u00fcme beklentisi ise <strong>y\u00fczde 7.8<\/strong>. Bildi\u011finiz \u00fczere T\u00fcrkiye, her y\u0131l <strong>700 bini<\/strong> \u00fczerinde gencine <strong>yeni i\u015f imkan\u0131 olu\u015fturmas\u0131<\/strong> gereken bir \u00fclke. Bu a\u00e7\u0131dan da kar\u015f\u0131m\u0131zda <strong>kalifiye gen\u00e7lerimizin<\/strong> i\u015f hayat\u0131na at\u0131lmas\u0131n\u0131 sa\u011flayacak, katma de\u011feri y\u00fcksek <strong>\u00fcr\u00fcn ve hizmetlerin<\/strong> \u00fcretilece\u011fi bir f\u0131rsatla kar\u015f\u0131 kar\u015f\u0131yay\u0131z\u201d dedi.<\/p>\n<h2><strong>\u201cSanayinin verimlilik yat\u0131r\u0131mlar\u0131nda faiz \u2018s\u0131f\u0131r\u2019 olmal\u0131\u201d<\/strong><\/h2>\n<p>Enerji Verimlili\u011fi Derne\u011fi olarak <strong>sanayi, ula\u015ft\u0131rma ve konutlarda enerji verimlili\u011fi<\/strong> \u00e7al\u0131\u015fmalar\u0131n\u0131 hayata ge\u00e7irmeye ba\u015flad\u0131klar\u0131n\u0131 belirten <strong>Murat Kals\u0131n<\/strong>, sanayinin toplam nihai enerji t\u00fcketiminin <strong>y\u00fczde 32\u2019sini<\/strong> temsil etti\u011fini, <strong>verimlilik projeleri<\/strong> ile <strong>y\u00fczde 20\u2019lere<\/strong> varan tasarruf sa\u011flanmas\u0131n\u0131n m\u00fcmk\u00fcn olaca\u011f\u0131n\u0131 s\u00f6yledi. Bu tasarruf i\u00e7in sanayinin yeni yat\u0131r\u0131mlar yapmas\u0131 gerekti\u011fine dikkat \u00e7eken Kals\u0131n, \u015fu \u00f6neride bulundu:<\/p>\n<p>Sanayide verimlili\u011fin sa\u011flanmas\u0131 i\u00e7in en kritik <strong>konu finansman<\/strong>. Eski teknoloji ile yap\u0131lm\u0131\u015f verimsiz makine parklar\u0131n\u0131n de\u011fi\u015fmesi, daha <strong>g\u00fcncel teknolojili ve verimli yat\u0131r\u0131mlar\u0131n<\/strong> yap\u0131lmas\u0131 gerekiyor. Peki t\u00fcm d\u00fcnyan\u0131n finansal bir \u00e7alkant\u0131 i\u00e7inde oldu\u011fu, finansman maliyetinin artt\u0131\u011f\u0131, hele de ekonomik b\u00fcy\u00fcme h\u0131z\u0131n\u0131n yava\u015flad\u0131\u011f\u0131 bu d\u00f6nemde bunu nas\u0131l yapaca\u011f\u0131z? Hem kaynak hem de maliyet a\u00e7\u0131s\u0131ndan b\u00fcy\u00fck bir katk\u0131 sunacak olan bu d\u00f6n\u00fc\u015f\u00fcm i\u00e7in devletimizin \u00f6nc\u00fcl\u00fc\u011f\u00fcnde <strong>kamu bankalar\u0131m\u0131z<\/strong> hatta \u00f6zel bankalar\u0131m\u0131z taraf\u0131ndan farkl\u0131 finansal enstr\u00fcmanlar kullan\u0131ma sunabilir. Bizim \u00f6nerimiz, enerji verimlili\u011fine yap\u0131lacak yat\u0131r\u0131mlar\u0131n <strong>\u2018s\u0131f\u0131r faiz\u2019le finanse edilmesi<\/strong>. Ayr\u0131ca yurt d\u0131\u015f\u0131nda<strong> verimlilik \u00e7al\u0131\u015fmalar\u0131n\u0131 destekleyen<\/strong> uluslararas\u0131 kurulu\u015flar\u0131n finansman imkanlar\u0131n\u0131 da <strong>\u00fclkemize getirmeli<\/strong> ve <strong>sanayimizin kullan\u0131m\u0131na<\/strong> sunmal\u0131y\u0131z.<\/p>","protected":false},"excerpt":{"rendered":"<p>Sorry, this entry is only available in Turkish. For the sake of viewer convenience, the content is shown below in the alternative language. You may click the link to switch the active language. Enerji Verimlili\u011fi Derne\u011fi taraf\u0131ndan d\u00fczenlenen \u201c\u0130sti\u015fare Toplant\u0131s\u0131\u201dnda konu\u015fan Enerji ve Tabii Kaynaklar Bakan\u0131 Fatih D\u00f6nmez, kamunun enerji verimlili\u011fi konusunda topluma \u00f6rnek olaca\u011f\u0131n\u0131 [&hellip;]<\/p>\n","protected":false},"author":1,"featured_media":104239,"comment_status":"open","ping_status":"open","sticky":false,"template":"","format":"standard","meta":[],"categories":[51,53,52],"tags":[62509,1258,62507,6966,3804,52674,59137,49407,52259,35423,49436,1525,62505,1260,26559,65,5156,62510,466,27530,62511,62508,42525,62506,793],"views":388,"_links":{"self":[{"href":"https:\/\/www.enerjigazetesi.ist\/en\/wp-json\/wp\/v2\/posts\/104235"}],"collection":[{"href":"https:\/\/www.enerjigazetesi.ist\/en\/wp-json\/wp\/v2\/posts"}],"about":[{"href":"https:\/\/www.enerjigazetesi.ist\/en\/wp-json\/wp\/v2\/types\/post"}],"author":[{"embeddable":true,"href":"https:\/\/www.enerjigazetesi.ist\/en\/wp-json\/wp\/v2\/users\/1"}],"replies":[{"embeddable":true,"href":"https:\/\/www.enerjigazetesi.ist\/en\/wp-json\/wp\/v2\/comments?post=104235"}],"version-history":[{"count":0,"href":"https:\/\/www.enerjigazetesi.ist\/en\/wp-json\/wp\/v2\/posts\/104235\/revisions"}],"wp:featuredmedia":[{"embeddable":true,"href":"https:\/\/www.enerjigazetesi.ist\/en\/wp-json\/wp\/v2\/media\/104239"}],"wp:attachment":[{"href":"https:\/\/www.enerjigazetesi.ist\/en\/wp-json\/wp\/v2\/media?parent=104235"}],"wp:term":[{"taxonomy":"category","embeddable":true,"href":"https:\/\/www.enerjigazetesi.ist\/en\/wp-json\/wp\/v2\/categories?post=104235"},{"taxonomy":"post_tag","embeddable":true,"href":"https:\/\/www.enerjigazetesi.ist\/en\/wp-json\/wp\/v2\/tags?post=104235"}],"curies":[{"name":"wp","href":"https:\/\/api.w.org\/{rel}","templated":true}]}}