{"id":104178,"date":"2019-12-06T13:32:40","date_gmt":"2019-12-06T10:32:40","guid":{"rendered":"https:\/\/www.enerjigazetesi.ist\/?p=104178"},"modified":"2019-12-06T13:33:21","modified_gmt":"2019-12-06T10:33:21","slug":"enerji-ve-tabii-kaynaklar-bakani-fatih-donmez-madencilerle-bir-araya-geldi","status":"publish","type":"post","link":"https:\/\/www.enerjigazetesi.ist\/en\/enerji-ve-tabii-kaynaklar-bakani-fatih-donmez-madencilerle-bir-araya-geldi\/","title":{"rendered":"(Turkish) Enerji ve Tabii Kaynaklar Bakan\u0131 Fatih D\u00f6nmez Madencilerle Bir Araya Geldi"},"content":{"rendered":"<p class=\"qtranxs-available-languages-message qtranxs-available-languages-message-en\">Sorry, this entry is only available in <a href=\"https:\/\/www.enerjigazetesi.ist\/tr\/wp-json\/wp\/v2\/posts\/104178\" class=\"qtranxs-available-language-link qtranxs-available-language-link-tr\" title=\"Turkish\">Turkish<\/a>. For the sake of viewer convenience, the content is shown below in the alternative language. You may click the link to switch the active language.<\/p><p><\/p>\n<h1>Enerji ve Tabii Kaynaklar Bakan\u0131 Fatih D\u00f6nmez, 4 Aral\u0131k D\u00fcnya Madenciler G\u00fcn\u00fc kapsam\u0131nda 81 ilden gelen madenciler ile bakanl\u0131kta bir araya geldi.<\/h1>\n<p><strong>Enerji ve Tabii Kaynaklar Bakanl\u0131\u011f\u0131\u2019nda<\/strong> ger\u00e7ekle\u015fen kabulde konu\u015fma yapan <strong>Bakan D\u00f6nmez<\/strong>, \u201c<strong>\u0130\u015f\u00e7i ve emek\u00e7i<\/strong>lerimizin daha <strong>iyi hayat standartlar\u0131na<\/strong> sahip olmalar\u0131 ve emeklerinin kar\u015f\u0131l\u0131\u011f\u0131n\u0131 tam olarak almalar\u0131 i\u00e7in \u00e7al\u0131\u015fma hayat\u0131n\u0131 <strong>adil ve hakkaniyetli<\/strong> payla\u015f\u0131m \u00fczerine tesis etmeye \u00e7al\u0131\u015f\u0131yoruz. Sizlerin emeklerinizi emanet bilip korumak i\u00e7in <strong>her t\u00fcrl\u00fc sorumlulu\u011fu<\/strong> \u00fczerimize <img loading=\"lazy\" class=\"alignright wp-image-104182\" src=\"https:\/\/www.enerjigazetesi.ist\/wp-content\/uploads\/2019\/12\/enerji-ve-tabii-kaynaklar-bakani-fatih-donmez-madenciler-ile-bir-araya-geldi.jpg\" alt=\"\" width=\"320\" height=\"201\" srcset=\"https:\/\/www.enerjigazetesi.ist\/wp-content\/uploads\/2019\/12\/enerji-ve-tabii-kaynaklar-bakani-fatih-donmez-madenciler-ile-bir-araya-geldi.jpg 673w, https:\/\/www.enerjigazetesi.ist\/wp-content\/uploads\/2019\/12\/enerji-ve-tabii-kaynaklar-bakani-fatih-donmez-madenciler-ile-bir-araya-geldi-300x188.jpg 300w, https:\/\/www.enerjigazetesi.ist\/wp-content\/uploads\/2019\/12\/enerji-ve-tabii-kaynaklar-bakani-fatih-donmez-madenciler-ile-bir-araya-geldi-500x314.jpg 500w, https:\/\/www.enerjigazetesi.ist\/wp-content\/uploads\/2019\/12\/enerji-ve-tabii-kaynaklar-bakani-fatih-donmez-madenciler-ile-bir-araya-geldi-80x50.jpg 80w\" sizes=\"(max-width: 320px) 100vw, 320px\" \/>almaktan \u00e7ekinmeyece\u011fiz. Sizlerin <strong>en y\u00fcksek g\u00fcvenlik standartlar\u0131nda<\/strong> \u00e7al\u0131\u015fman\u0131z i\u00e7in gerekli t\u00fcm\u00a0 ehemmiyeti g\u00f6steriyoruz. Ald\u0131\u011f\u0131m\u0131z <strong>g\u00fcvenlik tedbirleriyle<\/strong> maden kazalar\u0131nda son 2 y\u0131lda % 58\u2019lik bir d\u00fc\u015f\u00fc\u015f sa\u011flad\u0131k. <strong>2019 y\u0131l\u0131 i\u00e7erisinde<\/strong> toplam bug\u00fcne kadar <strong>7 bin 960 denetim<\/strong> ger\u00e7ekle\u015ftirdik. Y\u0131l sonu itibariyle bu rakam daha da artacakt\u0131r. Bu denetimler harici <strong>anl\u0131k ve habersiz denetim<\/strong> say\u0131lar\u0131m\u0131z\u0131 art\u0131rd\u0131k. <strong>Denetimlerimizin amac\u0131<\/strong>, \u00e7al\u0131\u015fma ortam\u0131n\u0131n daha da iyile\u015ftirilmesi ve daha g\u00fcvenli bir ortamda <strong>madencilik faaliyetlerinin<\/strong> ger\u00e7ekle\u015ftirilmesi. Amac\u0131m\u0131z, <strong>maden sekt\u00f6r\u00fc<\/strong>m\u00fcze <strong>rehberlik, dan\u0131\u015fmanl\u0131k yapmak, onlara do\u011fruyu g\u00f6stermek<\/strong>. <strong>G\u00fcvenli madencilik<\/strong> bizim i\u00e7in olmazsa olmaz. Bizlerin \u00fczerinde sadece <strong>sizlerin de\u011fil, ailelerinizin ve sevdiklerinizin<\/strong> de hakk\u0131 vard\u0131r. Madende \u00e7al\u0131\u015f\u0131rken <strong>i\u015f kazas\u0131<\/strong> neticesinde <strong>\u015fehit d\u00fc\u015fen i\u015f\u00e7ilerimizin<\/strong> geride b\u0131rakt\u0131\u011f\u0131 yak\u0131nlar\u0131na destek olmak ac\u0131lar\u0131na bir nebze olsun dindirmek i\u00e7in gerekli <strong>yasal d\u00fczenlemeleri de<\/strong> hayata ge\u00e7irdik. <strong>E\u015f ve\u00a0 \u00e7ocuklar\u0131n\u0131n kamuda istihdam\u0131<\/strong> i\u00e7in gereken yasal d\u00fczenlemeler\u00a0 ger\u00e7ekle\u015fti\u201d ifadelerini kulland\u0131.<\/p>\n<p>\u201cSon y\u0131llarda ne yaz\u0131k ki <strong>madencilik ve \u00e7evre konular\u0131<\/strong> \u00e7e\u015fitli spek\u00fclasyonlar, olumsuz alg\u0131 olu\u015fturmaya y\u00f6nelik kas\u0131tl\u0131 i\u00e7eriklerle birbirine z\u0131tm\u0131\u015f gibi g\u00f6sterilmeye \u00e7al\u0131\u015f\u0131l\u0131yor\u201d diyen D\u00f6nmez,\u00a0 \u201cMadencilik faaliyetlerinin \u00f6ncesinde, esnas\u0131nda ve sonras\u0131nda gerekli t\u00fcm \u00f6nlemleri alarak do\u011fan\u0131n ve do\u011fal ya\u015fam\u0131n korunmas\u0131 i\u00e7in b\u00fcy\u00fck bir\u00a0 titizlik g\u00f6steriyoruz. <strong>Do\u011fada bizim madenlerde<\/strong> bizim. Bu konuyla ilgili yasada amir olan h\u00fck\u00fcmler belli. Nerede madencilik faaliyeti\u00a0 yap\u0131laca\u011f\u0131 nerede yap\u0131lmayaca\u011f\u0131 belli. <strong>Madencilik faaliyetleri<\/strong> esnas\u0131nda uygulanacak usul ve esaslar da belli. <strong>\u0130\u015fletme ruhsat\u0131n\u0131n bitmesinin<\/strong> ard\u0131ndan sahalar\u0131n nas\u0131l <strong>rehabilite edilerek<\/strong> eski haline getirilece\u011fi de mevzuatlar\u0131m\u0131zda d\u00fczenlenmi\u015f. Ancak biz de <strong>bilgi sahibi olmadan fikir sahibi olmak<\/strong> yayg\u0131n. Bu t\u00fcr i\u00e7eriklerin amac\u0131 kamuoyu nezdinde \u00f6zellikle madencilik faaliyetlerinin ve madenci karde\u015flerimizin emeklerinin de\u011fersizle\u015ftirilmesi olarak g\u00f6r\u00fcyoruz. <strong>140 bin civar\u0131nda<\/strong> bu sekt\u00f6rde \u00e7al\u0131\u015fan karde\u015fimiz var. <strong>Hak, hukuk ve emekten<\/strong> bahseden baz\u0131 olu\u015fumlar\u0131n kendi varl\u0131k sebeplerini istismar ederek b\u00f6yle bir i\u015fe giri\u015fmelerini iyi niyetle ba\u011fda\u015fmad\u0131\u011f\u0131n\u0131 d\u00fc\u015f\u00fcn\u00fcyoruz. Biz <strong>maden veya \u00e7evre<\/strong> demiyoruz <strong>ne madenlerimizden ne de \u00e7evreden vazge\u00e7eriz<\/strong> diyoruz. \u00c7evreci bir madencilik bizim temel\u00a0 k\u0131staslar\u0131m\u0131zdan birisi. Bug\u00fcn maden ithalat\u0131na yakla\u015f\u0131k <strong>25 milyar dolar<\/strong> para \u00f6d\u00fcyoruz. Madenler \u00fcretilmezse bu i\u015ften kimler kazan\u00e7l\u0131 \u00e7\u0131kacak. Refah d\u00fczeyi y\u00fcksek \u00fclkelere bakt\u0131\u011f\u0131m\u0131zda madencilik ekonomilerinin yakla\u015f\u0131k <strong>% 7\u2019lik<\/strong> dilimine denk geliyor, biz de ise bu oran<strong> % 1<\/strong>. Madencilik konular\u0131n\u0131 bilimselli\u011fi olmayan tart\u0131\u015fmalara \u00e7ekmek yanl\u0131\u015f bilgi ve senaryolarla toplumsal alg\u0131 olu\u015fturmaya \u00e7al\u0131\u015fmak <strong>ulusal madencili\u011fimize<\/strong> zarar verecek, madencilikte <strong>d\u0131\u015fa ba\u011f\u0131ml\u0131l\u0131\u011f\u0131m\u0131z\u0131 art\u0131racak<\/strong> ve kendi kaynaklar\u0131m\u0131z\u0131\u00a0 i\u015fletemeyecek duruma getirmek\u201d ifadelerini kulland\u0131.<\/p>\n<p><strong>Cumhurba\u015fkan\u0131 Recep Tayyip Erdo\u011fan<\/strong>\u2019\u0131n termik santrallere<strong> filtre tak\u0131lmas\u0131n\u0131 erteleyen<\/strong> yasay\u0131 veto etmesi ve bununla birlikte toplam <strong>13 termik santralden<\/strong> \u015fartlar\u0131 sa\u011flayamayan <strong>10 santralin kapanmas\u0131n\u0131n<\/strong> m\u00fcmk\u00fcn olup olmayaca\u011f\u0131 ile ilgili bir soruya da yan\u0131t veren D\u00f6nmez, &#8220;Bu kapsamda <strong>13 tane termik santral<\/strong> var. Bunlardan <strong>3 tanesinde<\/strong> bir\u00a0 sorun g\u00f6z\u00fckm\u00fcyor. Di\u011ferlerinde de hepsi e\u015fit seviyede de\u011fil. Bir k\u0131sm\u0131 <strong>yat\u0131r\u0131mlar\u0131na ba\u015flad\u0131 ve d\u00f6n\u00fc\u015f\u00fcmlerini<\/strong> yap\u0131yorlar. Bir k\u0131sm\u0131 hen\u00fcz ba\u015flayamam\u0131\u015ft\u0131. Hepsini ayn\u0131 \u015fekilde de\u011ferlendirmek do\u011fru de\u011fil. <strong>\u00c7evre ve \u015eehircilik Bakanl\u0131\u011f\u0131<\/strong> ve tesis sahipleriyle arkada\u015flar\u0131m\u0131z g\u00f6r\u00fc\u015f\u00fcyor. S\u00fcratle bu eksikliklerini \u00e7evre uyumu a\u00e7\u0131s\u0131ndan tamamlanmas\u0131n\u0131 arzu ediyoruz. \u0130\u015fin bir ba\u015fka boyutu da <strong>enerji arz g\u00fcvenli\u011fi<\/strong> ile ilgili. \u00dclkemizde bir \u015fekilde bu santrallerden \u00e7al\u0131\u015famayacak olanlar olursa <strong>onlar\u0131n yerine \u00e7al\u0131\u015fabilecek<\/strong> kurulu g\u00fc\u00e7lerimiz var. \u00d6zellikle <strong>do\u011falgaz santrallerimiz<\/strong> bu a\u00e7\u0131dan kapasitesi y\u00fcksek. \u00dclkemizde bu s\u00fcre\u00e7te <strong>enerji arz g\u00fcvenli\u011fi<\/strong> a\u00e7\u0131s\u0131ndan bir s\u0131k\u0131nt\u0131 olmadan da bunu y\u00fcr\u00fctm\u00fc\u015f olaca\u011f\u0131z. <strong>\u00c7evreyi koruma kollama dengesi<\/strong> i\u00e7erisinde bu \u00e7al\u0131\u015fmalar\u0131m\u0131z\u0131\u00a0 s\u00fcrd\u00fcrece\u011fiz. <strong>Y\u0131l sonuna<\/strong> kadar <strong>hangi santraller haz\u0131r hangileri de\u011fil\u00a0<\/strong>bunlar <strong>netle\u015fmi\u015f<\/strong> olacak.\u201ddedi.<\/p>","protected":false},"excerpt":{"rendered":"<p>Sorry, this entry is only available in Turkish. For the sake of viewer convenience, the content is shown below in the alternative language. You may click the link to switch the active language. Enerji ve Tabii Kaynaklar Bakan\u0131 Fatih D\u00f6nmez, 4 Aral\u0131k D\u00fcnya Madenciler G\u00fcn\u00fc kapsam\u0131nda 81 ilden gelen madenciler ile bakanl\u0131kta bir araya geldi. [&hellip;]<\/p>\n","protected":false},"author":1,"featured_media":104182,"comment_status":"open","ping_status":"open","sticky":false,"template":"","format":"standard","meta":[],"categories":[51,53],"tags":[62422,2199,62431,44780,9809,1389,27530,62427,25913,62423,62428,5097,62430,62424,62425,62426,16908,53315,62429],"views":293,"_links":{"self":[{"href":"https:\/\/www.enerjigazetesi.ist\/en\/wp-json\/wp\/v2\/posts\/104178"}],"collection":[{"href":"https:\/\/www.enerjigazetesi.ist\/en\/wp-json\/wp\/v2\/posts"}],"about":[{"href":"https:\/\/www.enerjigazetesi.ist\/en\/wp-json\/wp\/v2\/types\/post"}],"author":[{"embeddable":true,"href":"https:\/\/www.enerjigazetesi.ist\/en\/wp-json\/wp\/v2\/users\/1"}],"replies":[{"embeddable":true,"href":"https:\/\/www.enerjigazetesi.ist\/en\/wp-json\/wp\/v2\/comments?post=104178"}],"version-history":[{"count":0,"href":"https:\/\/www.enerjigazetesi.ist\/en\/wp-json\/wp\/v2\/posts\/104178\/revisions"}],"wp:featuredmedia":[{"embeddable":true,"href":"https:\/\/www.enerjigazetesi.ist\/en\/wp-json\/wp\/v2\/media\/104182"}],"wp:attachment":[{"href":"https:\/\/www.enerjigazetesi.ist\/en\/wp-json\/wp\/v2\/media?parent=104178"}],"wp:term":[{"taxonomy":"category","embeddable":true,"href":"https:\/\/www.enerjigazetesi.ist\/en\/wp-json\/wp\/v2\/categories?post=104178"},{"taxonomy":"post_tag","embeddable":true,"href":"https:\/\/www.enerjigazetesi.ist\/en\/wp-json\/wp\/v2\/tags?post=104178"}],"curies":[{"name":"wp","href":"https:\/\/api.w.org\/{rel}","templated":true}]}}