{"id":10408,"date":"2013-05-02T14:25:19","date_gmt":"2013-05-02T11:25:19","guid":{"rendered":"https:\/\/www.enerjigazetesi.ist\/?p=10408"},"modified":"2013-05-02T14:25:19","modified_gmt":"2013-05-02T11:25:19","slug":"gunumuzde-neden-enerji-verimliligi-2","status":"publish","type":"post","link":"https:\/\/www.enerjigazetesi.ist\/en\/gunumuzde-neden-enerji-verimliligi-2\/","title":{"rendered":"(Turkish) G\u00fcn\u00fcm\u00fczde Neden Enerji Verimlili\u011fi&#8230;"},"content":{"rendered":"<p class=\"qtranxs-available-languages-message qtranxs-available-languages-message-en\">Sorry, this entry is only available in <a href=\"https:\/\/www.enerjigazetesi.ist\/tr\/wp-json\/wp\/v2\/posts\/10408\" class=\"qtranxs-available-language-link qtranxs-available-language-link-tr\" title=\"Turkish\">Turkish<\/a>. For the sake of viewer convenience, the content is shown below in the alternative language. You may click the link to switch the active language.<\/p><p><strong>Enerji verimlili\u011fi, t\u00fcketilen enerji miktar\u0131n\u0131n, \u00fcretimdeki miktar ve kaliteyi d\u00fc\u015f\u00fcrmeden, ekonomik kalk\u0131nmay\u0131 ve sosyal refah\u0131 engellemeden en aza indirilmesidir.<\/strong><\/p>\n<p>Daha geni\u015f bir bi\u00e7imde enerji verimlili\u011fi; gaz, buhar, \u0131s\u0131, hava ve elektrikteki enerji kay\u0131plar\u0131n\u0131 \u00f6nlemek, \u00e7e\u015fitli at\u0131klar\u0131n geri kazan\u0131m\u0131 ve de\u011ferlendirilmesi veya ileri teknoloji ile \u00fcretimi d\u00fc\u015f\u00fcrmeden enerji talebini azaltmas\u0131, daha verimli enerji kaynaklar\u0131, geli\u015fmi\u015f end\u00fcstriyel s\u00fcre\u00e7ler, enerji geri <a href=\"https:\/\/www.enerjigazetesi.ist\/wp-content\/uploads\/2013\/05\/gunumuzde-neden-enerji-verimliligi.jpg\"><img loading=\"lazy\" class=\"alignleft size-medium wp-image-10409\" title=\"gunumuzde-neden-enerji-verimliligi\" src=\"https:\/\/www.enerjigazetesi.ist\/wp-content\/uploads\/2013\/05\/gunumuzde-neden-enerji-verimliligi-300x181.jpg\" alt=\"\" width=\"300\" height=\"181\" srcset=\"https:\/\/www.enerjigazetesi.ist\/wp-content\/uploads\/2013\/05\/gunumuzde-neden-enerji-verimliligi-300x181.jpg 300w, https:\/\/www.enerjigazetesi.ist\/wp-content\/uploads\/2013\/05\/gunumuzde-neden-enerji-verimliligi-80x48.jpg 80w, https:\/\/www.enerjigazetesi.ist\/wp-content\/uploads\/2013\/05\/gunumuzde-neden-enerji-verimliligi.jpg 427w\" sizes=\"(max-width: 300px) 100vw, 300px\" \/><\/a>kazan\u0131mlar\u0131 gibi etkinli\u011fi art\u0131r\u0131c\u0131 \u00f6nlemlerin b\u00fct\u00fcn\u00fcd\u00fcr.<\/p>\n<p>T\u00fcrkiye i\u00e7in b\u00fcy\u00fcmek ve g\u00fc\u00e7l\u00fc bir ekonomiye sahip olmak ya\u015famsal bir \u00f6neme sahiptir. B\u00fcy\u00fcmek i\u00e7in sanayile\u015fmeye, sanayile\u015fme i\u00e7in ucuz, temiz ve kesintisiz enerjiye, enerji i\u00e7in ise finans, teknoloji ve insan kayna\u011f\u0131na ihtiyac\u0131m\u0131z bulunmaktad\u0131r.<\/p>\n<p>Evde y\u00fcr\u00fct\u00fclen faaliyetlerde de b\u00fcy\u00fck \u00f6l\u00e7\u00fcde enerji t\u00fcketen ara\u00e7lar kullan\u0131lmaktad\u0131r. Is\u0131nma, ayd\u0131nlatma, temizlik, ki\u015fisel bak\u0131m, e\u011flence, dinlenme ve benzeri faaliyetlerin y\u00fcr\u00fct\u00fclmesi amac\u0131yla aileler enerji kaynaklar\u0131n\u0131 kullanmaktad\u0131r.<\/p>\n<p>G\u00fcn\u00fcm\u00fczde ise enerji kaynaklar\u0131n\u0131n giderek k\u0131tla\u015fmas\u0131 ve fiyatlar\u0131n\u0131n y\u00fckselmesi, evle ilgili faaliyetlerin y\u00fcr\u00fct\u00fclmesinde aileleri ekonomik y\u00f6nden olumsuz olarak etkilerken, toplumsal kaynaklar\u0131n s\u00fcrd\u00fcr\u00fclebilirli\u011fini de s\u0131n\u0131rland\u0131rmaktad\u0131r.<\/p>\n<p><strong>Bu nedenle ailelerin de\u00a0bu ara\u00e7lar\u0131 sat\u0131n al\u0131rken ve kullan\u0131rken baz\u0131 tasarruf noktalar\u0131na dikkat etmeleri bir zorunluluk haline gelmi\u015f durumdad\u0131r.<\/strong><\/p>\n<p>Kaynak: <a href=\"http:\/\/www.enerjihanim.com\/tr\/icerik\/enerji-verimliligi\/2\" target=\"_blank\">Enerji Han\u0131m<\/a><\/p>","protected":false},"excerpt":{"rendered":"<p>Sorry, this entry is only available in Turkish. For the sake of viewer convenience, the content is shown below in the alternative language. You may click the link to switch the active language.Enerji verimlili\u011fi, t\u00fcketilen enerji miktar\u0131n\u0131n, \u00fcretimdeki miktar ve kaliteyi d\u00fc\u015f\u00fcrmeden, ekonomik kalk\u0131nmay\u0131 ve sosyal refah\u0131 engellemeden en aza indirilmesidir. Daha geni\u015f bir bi\u00e7imde [&hellip;]<\/p>\n","protected":false},"author":1,"featured_media":10409,"comment_status":"open","ping_status":"open","sticky":false,"template":"","format":"standard","meta":[],"categories":[53,52],"tags":[63,67,12,793],"views":2386,"_links":{"self":[{"href":"https:\/\/www.enerjigazetesi.ist\/en\/wp-json\/wp\/v2\/posts\/10408"}],"collection":[{"href":"https:\/\/www.enerjigazetesi.ist\/en\/wp-json\/wp\/v2\/posts"}],"about":[{"href":"https:\/\/www.enerjigazetesi.ist\/en\/wp-json\/wp\/v2\/types\/post"}],"author":[{"embeddable":true,"href":"https:\/\/www.enerjigazetesi.ist\/en\/wp-json\/wp\/v2\/users\/1"}],"replies":[{"embeddable":true,"href":"https:\/\/www.enerjigazetesi.ist\/en\/wp-json\/wp\/v2\/comments?post=10408"}],"version-history":[{"count":1,"href":"https:\/\/www.enerjigazetesi.ist\/en\/wp-json\/wp\/v2\/posts\/10408\/revisions"}],"predecessor-version":[{"id":10410,"href":"https:\/\/www.enerjigazetesi.ist\/en\/wp-json\/wp\/v2\/posts\/10408\/revisions\/10410"}],"wp:featuredmedia":[{"embeddable":true,"href":"https:\/\/www.enerjigazetesi.ist\/en\/wp-json\/wp\/v2\/media\/10409"}],"wp:attachment":[{"href":"https:\/\/www.enerjigazetesi.ist\/en\/wp-json\/wp\/v2\/media?parent=10408"}],"wp:term":[{"taxonomy":"category","embeddable":true,"href":"https:\/\/www.enerjigazetesi.ist\/en\/wp-json\/wp\/v2\/categories?post=10408"},{"taxonomy":"post_tag","embeddable":true,"href":"https:\/\/www.enerjigazetesi.ist\/en\/wp-json\/wp\/v2\/tags?post=10408"}],"curies":[{"name":"wp","href":"https:\/\/api.w.org\/{rel}","templated":true}]}}