{"id":104062,"date":"2019-12-04T15:06:38","date_gmt":"2019-12-04T12:06:38","guid":{"rendered":"https:\/\/www.enerjigazetesi.ist\/?p=104062"},"modified":"2019-12-04T15:08:59","modified_gmt":"2019-12-04T12:08:59","slug":"turkiye-ek-1-listesinden-cikma-talebini-cop25-gundeminden-geri-cekti","status":"publish","type":"post","link":"https:\/\/www.enerjigazetesi.ist\/en\/turkiye-ek-1-listesinden-cikma-talebini-cop25-gundeminden-geri-cekti\/","title":{"rendered":"(Turkish) T\u00fcrkiye, EK-1 listesinden \u00c7\u0131kma Talebini COP25 G\u00fcndeminden Geri \u00c7ekti"},"content":{"rendered":"<p class=\"qtranxs-available-languages-message qtranxs-available-languages-message-en\">Sorry, this entry is only available in <a href=\"https:\/\/www.enerjigazetesi.ist\/tr\/wp-json\/wp\/v2\/posts\/104062\" class=\"qtranxs-available-language-link qtranxs-available-language-link-tr\" title=\"Turkish\">Turkish<\/a>. For the sake of viewer convenience, the content is shown below in the alternative language. You may click the link to switch the active language.<\/p><p><\/p>\n<h1><strong>T\u00fcrkiye taraf\u0131ndan Birle\u015fmi\u015f Milletler \u0130klim De\u011fi\u015fikli\u011fi \u00c7er\u00e7eve S\u00f6zle\u015fmesi 25&#8217;inci Taraflar Konferans\u0131 (COP25) a\u00e7\u0131l\u0131\u015f g\u00fcndeminde yer alan Ek-1 listesinden \u00e7\u0131kma talebinin geri \u00e7ekildi\u011fi a\u00e7\u0131kland\u0131.<\/strong><\/h1>\n<p><strong><img loading=\"lazy\" class=\"alignright wp-image-104064\" src=\"https:\/\/www.enerjigazetesi.ist\/wp-content\/uploads\/2019\/12\/turkiye-ek-1-listesinden-cikma-talebini-cop25-gundeminden-cekti-1.jpg\" alt=\"\" width=\"320\" height=\"207\" srcset=\"https:\/\/www.enerjigazetesi.ist\/wp-content\/uploads\/2019\/12\/turkiye-ek-1-listesinden-cikma-talebini-cop25-gundeminden-cekti-1.jpg 754w, https:\/\/www.enerjigazetesi.ist\/wp-content\/uploads\/2019\/12\/turkiye-ek-1-listesinden-cikma-talebini-cop25-gundeminden-cekti-1-300x194.jpg 300w, https:\/\/www.enerjigazetesi.ist\/wp-content\/uploads\/2019\/12\/turkiye-ek-1-listesinden-cikma-talebini-cop25-gundeminden-cekti-1-500x324.jpg 500w, https:\/\/www.enerjigazetesi.ist\/wp-content\/uploads\/2019\/12\/turkiye-ek-1-listesinden-cikma-talebini-cop25-gundeminden-cekti-1-77x50.jpg 77w\" sizes=\"(max-width: 320px) 100vw, 320px\" \/>COP25 zirvesinin<\/strong> a\u00e7\u0131l\u0131\u015f toplant\u0131s\u0131 s\u0131ras\u0131nda T\u00fcrkiye ad\u0131na konu\u015fma yapan\u00a0<strong>\u0130klim M\u00fczakereleri ve Uluslararas\u0131 Politikalar<\/strong> \u015eube M\u00fcd\u00fcr\u00fc Vekili <strong>Ay\u015fin Turpanc\u0131<\/strong> taraf\u0131ndan a\u00e7\u0131klama yap\u0131ld\u0131\u011f\u0131 belirtilirken Turpanc\u0131 konu\u015fmas\u0131nda karar\u0131n gerek\u00e7esi olarak, <strong>zaman yetersizli\u011fi nedeniyle<\/strong> di\u011fer <strong>taraflarla uzla\u015f\u0131lamamas\u0131n\u0131<\/strong> g\u00f6sterdi.<\/p>\n<p><strong>T\u00fcrkiye\u2019nin iklim de\u011fi\u015fikli\u011fiyle m\u00fccadelesinde<\/strong> muazzam bir \u00e7aba harcand\u0131\u011f\u0131n\u0131 ve \u00e7al\u0131\u015fmalar\u0131n\u0131 s\u00fcrd\u00fcrece\u011fini, <strong>Ek 1 listesinden<\/strong> silinmenin ise <strong>daha fazla katk\u0131 sa\u011flamas\u0131na<\/strong> imkan sa\u011flayaca\u011f\u0131n\u0131 belirten Ay\u015fin Turpanc\u0131 taraflar\u0131n bu talebi <strong>ko\u015fulsuz<\/strong> ve <strong>\u00f6nyarg\u0131s\u0131z<\/strong> de\u011ferlendirmelerini beklediklerini dile getirdi.<\/p>","protected":false},"excerpt":{"rendered":"<p>Sorry, this entry is only available in Turkish. For the sake of viewer convenience, the content is shown below in the alternative language. You may click the link to switch the active language. T\u00fcrkiye taraf\u0131ndan Birle\u015fmi\u015f Milletler \u0130klim De\u011fi\u015fikli\u011fi \u00c7er\u00e7eve S\u00f6zle\u015fmesi 25&#8217;inci Taraflar Konferans\u0131 (COP25) a\u00e7\u0131l\u0131\u015f g\u00fcndeminde yer alan Ek-1 listesinden \u00e7\u0131kma talebinin geri \u00e7ekildi\u011fi [&hellip;]<\/p>\n","protected":false},"author":1,"featured_media":104065,"comment_status":"open","ping_status":"open","sticky":false,"template":"","format":"standard","meta":[],"categories":[53,52],"tags":[62251,62249,39829,52259,26559,10921,846,62250,793],"views":667,"_links":{"self":[{"href":"https:\/\/www.enerjigazetesi.ist\/en\/wp-json\/wp\/v2\/posts\/104062"}],"collection":[{"href":"https:\/\/www.enerjigazetesi.ist\/en\/wp-json\/wp\/v2\/posts"}],"about":[{"href":"https:\/\/www.enerjigazetesi.ist\/en\/wp-json\/wp\/v2\/types\/post"}],"author":[{"embeddable":true,"href":"https:\/\/www.enerjigazetesi.ist\/en\/wp-json\/wp\/v2\/users\/1"}],"replies":[{"embeddable":true,"href":"https:\/\/www.enerjigazetesi.ist\/en\/wp-json\/wp\/v2\/comments?post=104062"}],"version-history":[{"count":0,"href":"https:\/\/www.enerjigazetesi.ist\/en\/wp-json\/wp\/v2\/posts\/104062\/revisions"}],"wp:featuredmedia":[{"embeddable":true,"href":"https:\/\/www.enerjigazetesi.ist\/en\/wp-json\/wp\/v2\/media\/104065"}],"wp:attachment":[{"href":"https:\/\/www.enerjigazetesi.ist\/en\/wp-json\/wp\/v2\/media?parent=104062"}],"wp:term":[{"taxonomy":"category","embeddable":true,"href":"https:\/\/www.enerjigazetesi.ist\/en\/wp-json\/wp\/v2\/categories?post=104062"},{"taxonomy":"post_tag","embeddable":true,"href":"https:\/\/www.enerjigazetesi.ist\/en\/wp-json\/wp\/v2\/tags?post=104062"}],"curies":[{"name":"wp","href":"https:\/\/api.w.org\/{rel}","templated":true}]}}