{"id":104055,"date":"2019-12-04T14:11:03","date_gmt":"2019-12-04T11:11:03","guid":{"rendered":"https:\/\/www.enerjigazetesi.ist\/?p=104055"},"modified":"2019-12-04T15:58:03","modified_gmt":"2019-12-04T12:58:03","slug":"tmmob-12inci-enerji-sempozyumu-5-7-aralikta-diyarbakirda-yapilacak","status":"publish","type":"post","link":"https:\/\/www.enerjigazetesi.ist\/en\/tmmob-12inci-enerji-sempozyumu-5-7-aralikta-diyarbakirda-yapilacak\/","title":{"rendered":"(Turkish) TMMOB 12&#8217;inci Enerji Sempozyumu 5-7 Aral\u0131k&#8217;ta Diyarbak\u0131r&#8217;da Yap\u0131lacak!"},"content":{"rendered":"<p class=\"qtranxs-available-languages-message qtranxs-available-languages-message-en\">Sorry, this entry is only available in <a href=\"https:\/\/www.enerjigazetesi.ist\/tr\/wp-json\/wp\/v2\/posts\/104055\" class=\"qtranxs-available-language-link qtranxs-available-language-link-tr\" title=\"Turkish\">Turkish<\/a>. For the sake of viewer convenience, the content is shown below in the alternative language. You may click the link to switch the active language.<\/p><p><\/p>\n<h1 style=\"font-weight: 900;\">TMMOB ad\u0131na, Elektrik M\u00fchendisleri Odas\u0131 (EMO) taraf\u0131ndan Diyarbak\u0131r\u2019da 5-7 Aral\u0131k 2019 tarihlerinde, \u201cTMMOB 12. Enerji Sempozyumu\u201d ger\u00e7ekle\u015ftirilecek olup \u201cEnerji, Ekoloji ve Toplumsal Bar\u0131\u015f\u201d temal\u0131 sempozyumda, d\u00fcnyadaki yeni geli\u015fmelerle enerji alan\u0131 k\u00fcresel bir perspektiften de\u011ferlendirilirken, T\u00fcrkiye\u2019yi de i\u00e7eren uluslararas\u0131 enerji politikalar\u0131, b\u00f6lgesel, ekonomik, jeopolitik, stratejik, kamusal ve hukuki a\u00e7\u0131lardan masaya yat\u0131r\u0131lacakt\u0131r.<\/h1>\n<p style=\"font-weight: 400;\"><strong>TMMOB 12&#8217;inci Enerji Sempozyumu<\/strong> &#8220;Enerji, Ekoloji ve Toplumsal Bar\u0131\u015f&#8221; ba\u015fl\u0131\u011f\u0131 ile T\u00fcrk <strong>M\u00fchendis ve Mimar Odalar\u0131 Birli\u011fi (TMMOB)<\/strong> ad\u0131na, <strong>Elektrik M\u00fchendisleri Odas\u0131 (EMO)<\/strong> taraf\u0131ndan <strong>EMO Diyarbak\u0131r \u015fubesi<\/strong>nin ev sahipli\u011finde <strong>5-6-7 Aral\u0131k 2019<\/strong> tarihlerinde <img loading=\"lazy\" class=\"alignright wp-image-104058\" src=\"https:\/\/www.enerjigazetesi.ist\/wp-content\/uploads\/2019\/12\/tmmob-12-inci-enerji-sempozyumu-5-7-aralikta-diyarbakirda-yapilacak.jpg\" alt=\"\" width=\"320\" height=\"446\" srcset=\"https:\/\/www.enerjigazetesi.ist\/wp-content\/uploads\/2019\/12\/tmmob-12-inci-enerji-sempozyumu-5-7-aralikta-diyarbakirda-yapilacak.jpg 717w, https:\/\/www.enerjigazetesi.ist\/wp-content\/uploads\/2019\/12\/tmmob-12-inci-enerji-sempozyumu-5-7-aralikta-diyarbakirda-yapilacak-215x300.jpg 215w, https:\/\/www.enerjigazetesi.ist\/wp-content\/uploads\/2019\/12\/tmmob-12-inci-enerji-sempozyumu-5-7-aralikta-diyarbakirda-yapilacak-287x400.jpg 287w, https:\/\/www.enerjigazetesi.ist\/wp-content\/uploads\/2019\/12\/tmmob-12-inci-enerji-sempozyumu-5-7-aralikta-diyarbakirda-yapilacak-36x50.jpg 36w\" sizes=\"(max-width: 320px) 100vw, 320px\" \/><strong>Diyarbak\u0131r&#8217;da<\/strong> ger\u00e7ekle\u015ftirilecek.<\/p>\n<p style=\"font-weight: 400;\">Sempozyum, d\u00fcnyadaki geli\u015fmelerle birlikte enerji alan\u0131n\u0131 k\u00fcresel bir perspektiften de\u011ferlendirerek, T\u00fcrkiye&#8217;yi de i\u00e7eren <strong>uluslararas\u0131 enerji politikalar\u0131<\/strong>n\u0131; b\u00f6lgesel, ekonomik, jeopolitik, stratejik, kamusal ve hukuki a\u00e7\u0131lardan masaya yat\u0131rmay\u0131 ama\u00e7l\u0131yor.<\/p>\n<p style=\"font-weight: 400;\"><strong>Enerji, Ekoloji ve Toplumsal Bar\u0131\u015f<\/strong> konular\u0131nda uzman olan ve bilgilerini sunarken insandan, do\u011fadan, bar\u0131\u015ftan, ya\u015famdan yana taraf olan konu\u015fmac\u0131lar\u0131 bir araya getirmeyi hedefleyen sempozyumda, konu\u015fmac\u0131lar g\u00f6r\u00fc\u015flerini <strong>3<\/strong> \u00f6zel oturum<strong>, 3<\/strong> teknik oturum ve <strong>3<\/strong> panelde sunma ortam\u0131 bulacaklar. Sempozyum, d\u00fc\u015f\u00fcncelerini, bilgilerini payla\u015fmak ve tart\u0131\u015fmak i\u00e7in herkesin konu\u015fmac\u0131 olarak katk\u0131 sa\u011flayabilece\u011fi Forum ile tamamlanacak.<\/p>\n<p style=\"font-weight: 400;\"><strong>Sempozyumda;<\/strong> &#8220;D\u00fcnya ve T\u00fcrkiye Enerji G\u00f6r\u00fcn\u00fcm\u00fc, Enerji Politikalar\u0131, Enerjide D\u00f6n\u00fc\u015f\u00fcm, Enerjinin Toplumsal Maliyeti, Enerjide Demokratik Y\u00f6netim, Hasankeyf, Enerji ve Ekoloji, Do\u011fan\u0131n Metala\u015fmas\u0131 ve M\u00fccadele \u00d6rnekleri, Tahir El\u00e7i An\u0131s\u0131na: Enerji Sava\u015flar\u0131nda Y\u0131k\u0131lan Kentler ve K\u00fcrt Sorunu, Enerji ve B\u00f6lgesel Bar\u0131\u015f&#8221; ba\u015fl\u0131klar\u0131 ele al\u0131nacak. Oturum sonlar\u0131nda ger\u00e7ekle\u015ftirilecek olan tart\u0131\u015fmalar\u0131n yan\u0131 s\u0131ra, d\u00fczenlenecek panel ve forumlarla konular derinlemesine irdelenecek.<\/p>\n<p style=\"font-weight: 400;\"><a href=\"http:\/\/bit.ly\/2XShF0j\" target=\"_blank\" rel=\"noopener\">Sempozyum Hakk\u0131nda Detayl\u0131 Bilgi Almak \u0130\u00e7in TIKLAYINIZ &gt;&gt;&gt;<\/a><\/p>\n<p style=\"font-weight: 400;\">Sempozyum Kay\u0131t Formu \u0130\u00e7in\u00a0<a href=\"http:\/\/akademik.emomerkez.net\/emoakademi\/view.php?id=116582\" target=\"_blank\" rel=\"noopener\">TIKLAYINIZ &gt;&gt;&gt;<\/a><\/p>\n<p><\/p>","protected":false},"excerpt":{"rendered":"<p>Sorry, this entry is only available in Turkish. For the sake of viewer convenience, the content is shown below in the alternative language. You may click the link to switch the active language. TMMOB ad\u0131na, Elektrik M\u00fchendisleri Odas\u0131 (EMO) taraf\u0131ndan Diyarbak\u0131r\u2019da 5-7 Aral\u0131k 2019 tarihlerinde, \u201cTMMOB 12. Enerji Sempozyumu\u201d ger\u00e7ekle\u015ftirilecek olup \u201cEnerji, Ekoloji ve Toplumsal [&hellip;]<\/p>\n","protected":false},"author":1,"featured_media":104085,"comment_status":"open","ping_status":"open","sticky":false,"template":"","format":"standard","meta":[],"categories":[51,53],"tags":[62240,671,62247,26566,62239,26554,58842,52674,63,477,52259,62246,62245,28069,62244,9589,62241,62242,62243,11410,1104,62238,62248],"views":355,"_links":{"self":[{"href":"https:\/\/www.enerjigazetesi.ist\/en\/wp-json\/wp\/v2\/posts\/104055"}],"collection":[{"href":"https:\/\/www.enerjigazetesi.ist\/en\/wp-json\/wp\/v2\/posts"}],"about":[{"href":"https:\/\/www.enerjigazetesi.ist\/en\/wp-json\/wp\/v2\/types\/post"}],"author":[{"embeddable":true,"href":"https:\/\/www.enerjigazetesi.ist\/en\/wp-json\/wp\/v2\/users\/1"}],"replies":[{"embeddable":true,"href":"https:\/\/www.enerjigazetesi.ist\/en\/wp-json\/wp\/v2\/comments?post=104055"}],"version-history":[{"count":0,"href":"https:\/\/www.enerjigazetesi.ist\/en\/wp-json\/wp\/v2\/posts\/104055\/revisions"}],"wp:featuredmedia":[{"embeddable":true,"href":"https:\/\/www.enerjigazetesi.ist\/en\/wp-json\/wp\/v2\/media\/104085"}],"wp:attachment":[{"href":"https:\/\/www.enerjigazetesi.ist\/en\/wp-json\/wp\/v2\/media?parent=104055"}],"wp:term":[{"taxonomy":"category","embeddable":true,"href":"https:\/\/www.enerjigazetesi.ist\/en\/wp-json\/wp\/v2\/categories?post=104055"},{"taxonomy":"post_tag","embeddable":true,"href":"https:\/\/www.enerjigazetesi.ist\/en\/wp-json\/wp\/v2\/tags?post=104055"}],"curies":[{"name":"wp","href":"https:\/\/api.w.org\/{rel}","templated":true}]}}