{"id":104048,"date":"2019-12-04T13:17:07","date_gmt":"2019-12-04T10:17:07","guid":{"rendered":"https:\/\/www.enerjigazetesi.ist\/?p=104048"},"modified":"2019-12-04T13:18:14","modified_gmt":"2019-12-04T10:18:14","slug":"enerjide-ar-ge-calistayi-icin-son-kayit-tarihi-9-aralik-2019","status":"publish","type":"post","link":"https:\/\/www.enerjigazetesi.ist\/en\/enerjide-ar-ge-calistayi-icin-son-kayit-tarihi-9-aralik-2019\/","title":{"rendered":"(Turkish) Enerji&#8217;de 4&#8217;\u00fcnc\u00fc Ar-Ge \u00c7al\u0131\u015ftay\u0131 \u0130\u00e7in Son Kay\u0131t Tarihi 9 Aral\u0131k 2019!"},"content":{"rendered":"<p class=\"qtranxs-available-languages-message qtranxs-available-languages-message-en\">Sorry, this entry is only available in <a href=\"https:\/\/www.enerjigazetesi.ist\/tr\/wp-json\/wp\/v2\/posts\/104048\" class=\"qtranxs-available-language-link qtranxs-available-language-link-tr\" title=\"Turkish\">Turkish<\/a>. For the sake of viewer convenience, the content is shown below in the alternative language. You may click the link to switch the active language.<\/p><p><\/p>\n<h1><strong>ELDER taraf\u0131ndan EPDK koordinat\u00f6rl\u00fc\u011f\u00fcnde 18-19 Aral\u0131k tarihlerinde Ankara\u2019da ger\u00e7ekle\u015ftirilecek olan \u201c4&#8217;\u00fcnc\u00fc Enerjide Ar-Ge \u00c7al\u0131\u015ftay\u0131\u201dna kat\u0131l\u0131m i\u00e7in son ba\u015fvuru tarihi, 9 Aral\u0131k Pazartesi olarak belirlendi.\u00a0<\/strong><strong>\u00c7al\u0131\u015ftaya kay\u0131tlar i\u00e7in ba\u015fvurular \u201c<a href=\"http:\/\/www.elderargecalistayi.info\">www.elderargecalistayi.info\u00a0<\/a>\u201d adresinden yap\u0131l\u0131rken kat\u0131l\u0131m ise \u00fccretsizdir.<\/strong><\/h1>\n<p><strong>Enerji Piyasas\u0131 D\u00fczenleme Kurumu (EPDK)<\/strong> koordinat\u00f6rl\u00fc\u011f\u00fcnde <strong>Elektrik Da\u011f\u0131t\u0131m Hizmetleri Derne\u011fi (ELDER)<\/strong> taraf\u0131ndan d\u00fczenlenen \u201c<strong>4. Enerjide Ar-Ge \u00c7al\u0131\u015ftay\u0131<\/strong>\u201d <strong>18-19 Aral\u0131k <img loading=\"lazy\" class=\"alignright wp-image-104051\" src=\"https:\/\/www.enerjigazetesi.ist\/wp-content\/uploads\/2019\/12\/enerjide-ar-ge-calistayi-icin-son-kayit-tarihi-9-aralik-2019-1.jpg\" alt=\"\" width=\"320\" height=\"213\" srcset=\"https:\/\/www.enerjigazetesi.ist\/wp-content\/uploads\/2019\/12\/enerjide-ar-ge-calistayi-icin-son-kayit-tarihi-9-aralik-2019-1.jpg 732w, https:\/\/www.enerjigazetesi.ist\/wp-content\/uploads\/2019\/12\/enerjide-ar-ge-calistayi-icin-son-kayit-tarihi-9-aralik-2019-1-300x200.jpg 300w, https:\/\/www.enerjigazetesi.ist\/wp-content\/uploads\/2019\/12\/enerjide-ar-ge-calistayi-icin-son-kayit-tarihi-9-aralik-2019-1-500x333.jpg 500w, https:\/\/www.enerjigazetesi.ist\/wp-content\/uploads\/2019\/12\/enerjide-ar-ge-calistayi-icin-son-kayit-tarihi-9-aralik-2019-1-75x50.jpg 75w, https:\/\/www.enerjigazetesi.ist\/wp-content\/uploads\/2019\/12\/enerjide-ar-ge-calistayi-icin-son-kayit-tarihi-9-aralik-2019-1-450x300.jpg 450w\" sizes=\"(max-width: 320px) 100vw, 320px\" \/>2019<\/strong> tarihlerinde <strong>Ankara\u2019da<\/strong> ger\u00e7ekle\u015ftirilecek.<\/p>\n<p>A\u00e7\u0131l\u0131\u015f konu\u015fmalar\u0131n\u0131, Enerji ve Tabii Kaynaklar Bakan\u0131 <strong>Fatih D\u00f6nmez<\/strong>\u2019in, Enerji Piyasas\u0131 D\u00fczenleme Kurumu Ba\u015fkan\u0131 <strong>Mustafa Y\u0131lmaz<\/strong>\u2019\u0131n, ELDER Y\u00f6netim Kurulu Ba\u015fkan\u0131 <strong>Serhat \u00c7e\u00e7en<\/strong>\u2019in ve <strong>T\u00fcrkiye Do\u011fal Gaz Da\u011f\u0131t\u0131c\u0131lar\u0131 Birli\u011fi (GAZB\u0130R)<\/strong> Y\u00f6netim Kurulu Ba\u015fkan\u0131 <strong>Ya\u015far Arslan<\/strong>\u2019\u0131n yapaca\u011f\u0131 \u00e7al\u0131\u015ftay; T\u00fcrkiye\u2019deki<strong> \u00fcniversiteleri, teknokentleri ve Ar-Ge \u015firketlerini<\/strong> <em>elektrik ve do\u011falgaz da\u011f\u0131t\u0131m \u015firketleriyle<\/em> bulu\u015fturacak.<\/p>\n<h2><strong>EPDK Ar-Ge Ba\u015far\u0131 \u00d6d\u00fcl T\u00f6reni <\/strong><\/h2>\n<p>\u00c7al\u0131\u015ftay&#8217;\u0131n ilk g\u00fcn\u00fc, <strong>EPDK Ar-Ge Ba\u015far\u0131 \u00d6d\u00fcl T\u00f6reniyle<\/strong> ba\u015flayacak. T\u00f6rende Ar-Ge alan\u0131nda ba\u015far\u0131l\u0131 \u00e7al\u0131\u015fmalara imza atm\u0131\u015f <strong>elektrik ve do\u011falgaz da\u011f\u0131t\u0131m \u015firketleri<\/strong> \u00f6d\u00fcllendirilecek. D\u00fczenlenecek panellerde T\u00fcrkiye\u2019nin enerjideki <strong>Ar-Ge vizyonu<\/strong> tart\u0131\u015f\u0131l\u0131rken, ger\u00e7ekle\u015fen <strong>Ar-Ge projelerinin uygulama d\u00f6n\u00fc\u015fleri<\/strong> de de\u011ferlendirilecek. Kat\u0131l\u0131mc\u0131lar, \u201c<strong>Eurogia 2020<\/strong> <strong>Vizyonu ve Fonlar\u0131<\/strong>\u201d hakk\u0131nda bilgilendirilecekken, \u201c<strong>\u0130deal Ar-Ge Merkezi<\/strong> Nas\u0131l Olmal\u0131\u201d sorusunun yan\u0131t\u0131 da \u00c7al\u0131\u015ftayda aranacak.<\/p>\n<h2><strong>Enerji ve Tabii Kaynaklar Bakanl\u0131\u011f\u0131 Ar-Ge Yakla\u015f\u0131m Belgesi de\u011ferlendirmeye a\u00e7\u0131lacak<\/strong><\/h2>\n<p>\u00c7al\u0131\u015ftay\u0131n ikinci g\u00fcn\u00fcnde, ELDER\u2019in <strong>Horizon 2020<\/strong> kapsam\u0131nda orta\u011f\u0131 oldu\u011fu <strong>PeakApp projesi<\/strong>ne ili\u015fkin sunum ger\u00e7ekle\u015ftirilerek <strong>projenin uygulama \u00f6rnekleri ve kullan\u0131c\u0131 deneyimleri<\/strong> payla\u015f\u0131lacak. <strong>Enerji ve Tabii Kaynaklar Bakanl\u0131\u011f\u0131<\/strong>\u2019n\u0131n, enerji alan\u0131nda<strong> sekt\u00f6r payda\u015flar\u0131 ve kamunun ara\u015ft\u0131rma ve geli\u015ftirme faaliyetlerini<\/strong> daha etkin koordine etmeye y\u00f6nelik haz\u0131rlad\u0131\u011f\u0131 <strong>Ar-Ge Yakla\u015f\u0131m Belgesi<\/strong>, g\u00f6r\u00fc\u015fe sunularak kat\u0131l\u0131mc\u0131lar\u0131n de\u011ferlendirmesine a\u00e7\u0131lacak.<\/p>\n<h2><strong>EPDK&amp;ELDER Utility Day\u2019de Sahne Giri\u015fimcilerin&#8230;<\/strong><\/h2>\n<p><strong>\u201cEPDK&amp;ELDER Utility Day\u201d<\/strong> giri\u015fimcilik etkinli\u011fi d\u00fczenlenerek ba\u015far\u0131l\u0131 fikirler \u00f6d\u00fcllendirilecek. Yar\u0131\u015fmada ilk 3\u2019e se\u00e7ilen giri\u015fimcilerden 1&#8217;inciye <strong>150.000-TL<\/strong>, 2&#8217;inciye <strong>100.000-TL<\/strong> ve 3&#8217;\u00fcnc\u00fcye <strong>50.000-TL<\/strong> olmak \u00fczere toplam <strong>300.000 TL \u00f6d\u00fcl<\/strong> verilecek. Etkinlikte, izleyici olarak yer alan potansiyel <strong>giri\u015fimciler ve yat\u0131r\u0131mc\u0131lar<\/strong> da <strong>yenilik\u00e7i fikir ve i\u015f modelleri<\/strong>nden haberdar olma ve y\u00fckselen giri\u015fimler ile tan\u0131\u015fma f\u0131rsat\u0131 elde edebilecekler.<\/p>\n<h2><strong>Son Ba\u015fvuru Tarihi 9 Aral\u0131k<\/strong><\/h2>\n<p><strong>\u201c4. Enerjide Ar-Ge \u00c7al\u0131\u015ftay\u0131\u201dna<\/strong> kat\u0131l\u0131m i\u00e7in son ba\u015fvuru tarihi, <strong>9 Aral\u0131k 2019 Pazartesi<\/strong> olarak belirlendi. <strong>\u00c7al\u0131\u015ftaya ili\u015fkin<\/strong> <em>kay\u0131t ve program bilgileri<\/em> ile ba\u015fvurular, <a href=\"http:\/\/www.elderargecalistayi.info\" target=\"_blank\" rel=\"noopener\">www.elderargecalistayi.info<\/a> adresini ziyaret ederek kat\u0131l\u0131m ve ba\u015fvurular\u0131n\u0131z\u0131 \u00fccretsiz yapabilirsiniz.<\/p>","protected":false},"excerpt":{"rendered":"<p>Sorry, this entry is only available in Turkish. For the sake of viewer convenience, the content is shown below in the alternative language. You may click the link to switch the active language. ELDER taraf\u0131ndan EPDK koordinat\u00f6rl\u00fc\u011f\u00fcnde 18-19 Aral\u0131k tarihlerinde Ankara\u2019da ger\u00e7ekle\u015ftirilecek olan \u201c4&#8217;\u00fcnc\u00fc Enerjide Ar-Ge \u00c7al\u0131\u015ftay\u0131\u201dna kat\u0131l\u0131m i\u00e7in son ba\u015fvuru tarihi, 9 Aral\u0131k Pazartesi [&hellip;]<\/p>\n","protected":false},"author":1,"featured_media":104052,"comment_status":"open","ping_status":"open","sticky":false,"template":"","format":"standard","meta":[],"categories":[51,53],"tags":[62237,59239,62236,62227,62229,62235,14412,62230,54211,53367,51264,53114,52674,59241,23532,52259,1972,750,62232,62231,59242,36849,62234,34726,62228,7510,62233],"views":371,"_links":{"self":[{"href":"https:\/\/www.enerjigazetesi.ist\/en\/wp-json\/wp\/v2\/posts\/104048"}],"collection":[{"href":"https:\/\/www.enerjigazetesi.ist\/en\/wp-json\/wp\/v2\/posts"}],"about":[{"href":"https:\/\/www.enerjigazetesi.ist\/en\/wp-json\/wp\/v2\/types\/post"}],"author":[{"embeddable":true,"href":"https:\/\/www.enerjigazetesi.ist\/en\/wp-json\/wp\/v2\/users\/1"}],"replies":[{"embeddable":true,"href":"https:\/\/www.enerjigazetesi.ist\/en\/wp-json\/wp\/v2\/comments?post=104048"}],"version-history":[{"count":0,"href":"https:\/\/www.enerjigazetesi.ist\/en\/wp-json\/wp\/v2\/posts\/104048\/revisions"}],"wp:featuredmedia":[{"embeddable":true,"href":"https:\/\/www.enerjigazetesi.ist\/en\/wp-json\/wp\/v2\/media\/104052"}],"wp:attachment":[{"href":"https:\/\/www.enerjigazetesi.ist\/en\/wp-json\/wp\/v2\/media?parent=104048"}],"wp:term":[{"taxonomy":"category","embeddable":true,"href":"https:\/\/www.enerjigazetesi.ist\/en\/wp-json\/wp\/v2\/categories?post=104048"},{"taxonomy":"post_tag","embeddable":true,"href":"https:\/\/www.enerjigazetesi.ist\/en\/wp-json\/wp\/v2\/tags?post=104048"}],"curies":[{"name":"wp","href":"https:\/\/api.w.org\/{rel}","templated":true}]}}