{"id":104001,"date":"2019-12-03T14:37:54","date_gmt":"2019-12-03T11:37:54","guid":{"rendered":"https:\/\/www.enerjigazetesi.ist\/?p=104001"},"modified":"2019-12-03T15:07:56","modified_gmt":"2019-12-03T12:07:56","slug":"simdi-technicall-da-gunes-enerjisi-alaninda-egitim-almanin-tam-zamani","status":"publish","type":"post","link":"https:\/\/www.enerjigazetesi.ist\/en\/simdi-technicall-da-gunes-enerjisi-alaninda-egitim-almanin-tam-zamani\/","title":{"rendered":"(Turkish) \u015eimdi Technicall&#8217;da &#8216;G\u00fcne\u015f Enerjisi E\u011fitimi&#8217; Alman\u0131n Tam Zaman\u0131!"},"content":{"rendered":"<p class=\"qtranxs-available-languages-message qtranxs-available-languages-message-en\">Sorry, this entry is only available in <a href=\"https:\/\/www.enerjigazetesi.ist\/tr\/wp-json\/wp\/v2\/posts\/104001\" class=\"qtranxs-available-language-link qtranxs-available-language-link-tr\" title=\"Turkish\">Turkish<\/a>. For the sake of viewer convenience, the content is shown below in the alternative language. You may click the link to switch the active language.<\/p><p><\/p>\n<h1><strong>Technicall Yenilenebilir Enerji, Kocaeli \/ Dar\u0131ca&#8217;da e\u011fitim merkeziyle ( Sabiha G\u00f6k\u00e7en Havaliman\u0131na 25 dk.) uygulamal\u0131 olarak ki\u015fiye ve gruplara \u00f6zel g\u00fcne\u015f enerjisi e\u011fitim programlar\u0131 ile hizmet vermektedir.<\/strong><\/h1>\n<p><img loading=\"lazy\" class=\"wp-image-104006 aligncenter\" src=\"https:\/\/www.enerjigazetesi.ist\/wp-content\/uploads\/2019\/12\/simdi-technicall-da-gunes-enerjisi-alaninda-egitim-almanin-tam-zamani-1-1024x355.jpg\" alt=\"\" width=\"679\" height=\"234\" srcset=\"https:\/\/www.enerjigazetesi.ist\/wp-content\/uploads\/2019\/12\/simdi-technicall-da-gunes-enerjisi-alaninda-egitim-almanin-tam-zamani-1-1024x355.jpg 1024w, https:\/\/www.enerjigazetesi.ist\/wp-content\/uploads\/2019\/12\/simdi-technicall-da-gunes-enerjisi-alaninda-egitim-almanin-tam-zamani-1-300x104.jpg 300w, https:\/\/www.enerjigazetesi.ist\/wp-content\/uploads\/2019\/12\/simdi-technicall-da-gunes-enerjisi-alaninda-egitim-almanin-tam-zamani-1-768x266.jpg 768w, https:\/\/www.enerjigazetesi.ist\/wp-content\/uploads\/2019\/12\/simdi-technicall-da-gunes-enerjisi-alaninda-egitim-almanin-tam-zamani-1-500x173.jpg 500w, https:\/\/www.enerjigazetesi.ist\/wp-content\/uploads\/2019\/12\/simdi-technicall-da-gunes-enerjisi-alaninda-egitim-almanin-tam-zamani-1-80x28.jpg 80w\" sizes=\"(max-width: 679px) 100vw, 679px\" \/><\/p>\n<p><strong>Birebir ileti\u015fim ile ger\u00e7ekle\u015ftirilen<\/strong> ki\u015fiye ve gruplara\u00a0<strong>\u00f6zel e\u011fitim<\/strong> program\u0131yla <strong>g\u00fcne\u015f enerjisini ilgi duyarak \u00f6\u011frenme<\/strong> ve(ya)<strong>\u00a0elektrik konusunda teknik e\u011fitim ve k\u00f6kene sahip ki\u015filer taraf\u0131ndan<\/strong>\u00a0teorik e\u011fitim sonras\u0131 uygulama prati\u011fi yapma \u015fans\u0131na dahi sahip olunur. <em>\u00c7at\u0131 \u00fcst\u00fc kurulu g\u00fcne\u015f enerjisi sistemi<\/em>yle <strong>6 KWe<\/strong> kapasiteli 4 <strong>farkl\u0131 panel<\/strong> ve 2 <strong>farkl\u0131 inverter<\/strong> ile olu\u015fturulan ve <strong>hali haz\u0131rda <img loading=\"lazy\" class=\"alignright wp-image-104007\" src=\"https:\/\/www.enerjigazetesi.ist\/wp-content\/uploads\/2019\/12\/simdi-technicall-da-gunes-enerjisi-alaninda-egitim-almanin-tam-zamani-3.jpg\" alt=\"\" width=\"340\" height=\"306\" srcset=\"https:\/\/www.enerjigazetesi.ist\/wp-content\/uploads\/2019\/12\/simdi-technicall-da-gunes-enerjisi-alaninda-egitim-almanin-tam-zamani-3.jpg 543w, https:\/\/www.enerjigazetesi.ist\/wp-content\/uploads\/2019\/12\/simdi-technicall-da-gunes-enerjisi-alaninda-egitim-almanin-tam-zamani-3-300x270.jpg 300w, https:\/\/www.enerjigazetesi.ist\/wp-content\/uploads\/2019\/12\/simdi-technicall-da-gunes-enerjisi-alaninda-egitim-almanin-tam-zamani-3-445x400.jpg 445w, https:\/\/www.enerjigazetesi.ist\/wp-content\/uploads\/2019\/12\/simdi-technicall-da-gunes-enerjisi-alaninda-egitim-almanin-tam-zamani-3-56x50.jpg 56w\" sizes=\"(max-width: 340px) 100vw, 340px\" \/>\u015febekeye enerji sat\u0131\u015f\u0131 yapan g\u00fcne\u015f enerjisi sistemi ile &#8216;Technicall&#8217;da canl\u0131 olarak<\/strong>\u00a0bir \u00e7ok farkl\u0131 <strong>de\u011feri<\/strong> g\u00f6rmek <strong>analiz etmek<\/strong> ve sizin i\u00e7in <strong>do\u011fru olan\u0131 se\u00e7mek<\/strong> m\u00fcmk\u00fcn hale gelmektedir. Firmada yer alan\u00a0<strong>deney setleriyle<\/strong> sekt\u00f6rde kar\u015f\u0131la\u015f\u0131lan\u00a0<strong>solar ekipman<\/strong> ve\u00a0<strong>cihazlarla<\/strong>\u00a0uygulamaya y\u00f6nelik ciddi\u00a0<strong>bilgi birikimine<\/strong>\u00a0de sahip olunmaktad\u0131r.<\/p>\n<p><strong>G\u00fcne\u015f enerjisi sistemleri ve santrali e\u011fitimlerinde tarih ve saatler ki\u015fiye ve gruplara \u00f6zel belirlenerek <\/strong>sa\u011flanan bu<strong> esneklik<\/strong> en b\u00fcy\u00fck <strong>avantajlardan<\/strong> biri olmaktad\u0131r.<strong> G\u00fcne\u015f Enerjisi E\u011fitiminin<\/strong> s\u00fcreleri olabildi\u011fince k\u0131sa tutularak sonras\u0131nda e\u011fitim alan <strong>ki\u015filerin tak\u0131ld\u0131\u011f\u0131 noktalarda<\/strong> her zaman <strong>teknik destek verilmekte bu da<\/strong>\u00a0verimlilik anlam\u0131nda <strong>e\u011fitim alanlar\u0131<\/strong> memnun etmektedir. <strong>&#8216;Technicall Yenilenebilir Enerji&#8217;<\/strong>den al\u0131nan <strong>Solar G\u00fcne\u015f Enerjisi E\u011fitimleri<\/strong>\u00a0sadece\u00a0<strong>teorik bir e\u011fitim<\/strong> asla\u00a0<strong>de\u011fildir.<\/strong>\u00a0G\u00fcne\u015f enerjisi e\u011fitimleri\u00a0<strong>ileti\u015fim s\u00fcreciyle birlikte<\/strong> <span style=\"text-decoration: underline;\">etkile\u015fim yarat\u0131larak\u00a0<\/span><strong>uygulama prati\u011fine<\/strong> de d\u00f6n\u00fc\u015ft\u00fcr\u00fcl\u00fcr.<\/p>\n<p><span style=\"text-decoration: underline;\">Ayr\u0131ca;<\/span> Sat\u0131\u015f sonras\u0131 <strong>Teknik Destek hizmetiyle<\/strong> de solar\u00a0<strong>\u00fcr\u00fcn sat\u0131\u015f\u0131na ba\u015flayacak<\/strong> olan <strong>Technicall Yenilenebilir Enerji,<\/strong> e\u011fitim alan <strong>kurulu\u015f<\/strong> ve(ya) <strong>bireysel kat\u0131l\u0131mc\u0131lar\u0131na\u00a0<\/strong>\u00f6zel ekstra avantajlar da sunacakt\u0131r.<\/p>\n<p><strong>G\u00fcne\u015f enerjisi sekt\u00f6r\u00fcne<\/strong> uzun soluklu odaklan\u0131larak bak\u0131lmas\u0131 gerekti\u011fine inanan <strong>Technicall Yenilenebilir Enerji kurucusu Kerem \u00c7\u0130LL\u0130 <\/strong>yapt\u0131\u011f\u0131 a\u00e7\u0131klamada,\u00a0hem <strong>sistemin i\u015fleyi\u015fi<\/strong> ( teknik olarak ) hem de <strong>bunu hayata ge\u00e7irecek firmalara<\/strong> sunulacak\u00a0<strong>hizmet a\u00e7\u0131s\u0131ndan<\/strong>\u00a0olduk\u00e7a \u00f6nemli bularak \u00e7al\u0131\u015fmalar\u0131n\u0131 bu do\u011frultuda y\u00fcr\u00fctt\u00fc\u011f\u00fcn\u00fc ifade etmektedir.<\/p>\n<p><strong>Technicall Yenilenebilir Enerji Hakk\u0131nda Detayl\u0131 Bilgi \u0130\u00e7in:<\/strong>\u00a0<a href=\"https:\/\/www.technicall.com.tr\/yenilenebilir-enerji-teknik-egitimleri\/\" target=\"_blank\" rel=\"noopener\">https:\/\/www.technicall.com.tr\/yenilenebilir-enerji-teknik-egitimleri\/<\/a>\u00a0adresini ziyaret edebilir,<\/p>\n<p>Ayr\u0131ca <a href=\"https:\/\/www.youtube.com\/c\/technicall_tr\" target=\"_blank\" rel=\"noopener\">https:\/\/www.youtube.com\/c\/technicall_tr<\/a>\u00a0Youtube kanal\u0131ndan da <strong>g\u00fcne\u015f enerjisine y\u00f6nelik\u00a0 anlat\u0131ml\u0131 videolardan<\/strong> da <strong>e\u011fitim \u00f6ncesi<\/strong> sizlerde faydalanabilirsiniz.<\/p>\n<p>Sarp ALTINEL \/ Enerji Gazetesi &#8211; <a href=\"mailto:sarp.altinel@enerjigazetesi.ist\" target=\"_blank\" rel=\"noopener\">sarp.altinel@enerjigazetesi.ist<\/a><\/p>","protected":false},"excerpt":{"rendered":"<p>Sorry, this entry is only available in Turkish. For the sake of viewer convenience, the content is shown below in the alternative language. You may click the link to switch the active language. Technicall Yenilenebilir Enerji, Kocaeli \/ Dar\u0131ca&#8217;da e\u011fitim merkeziyle ( Sabiha G\u00f6k\u00e7en Havaliman\u0131na 25 dk.) uygulamal\u0131 olarak ki\u015fiye ve gruplara \u00f6zel g\u00fcne\u015f enerjisi [&hellip;]<\/p>\n","protected":false},"author":1,"featured_media":104008,"comment_status":"open","ping_status":"open","sticky":false,"template":"","format":"standard","meta":[],"categories":[51,53,49],"tags":[62184,21919,3507,52259,62180,53157,54840,62181,44919,62183,62187,30503,62182,62178,44920,45548,62186,62179,55209,62185],"views":439,"_links":{"self":[{"href":"https:\/\/www.enerjigazetesi.ist\/en\/wp-json\/wp\/v2\/posts\/104001"}],"collection":[{"href":"https:\/\/www.enerjigazetesi.ist\/en\/wp-json\/wp\/v2\/posts"}],"about":[{"href":"https:\/\/www.enerjigazetesi.ist\/en\/wp-json\/wp\/v2\/types\/post"}],"author":[{"embeddable":true,"href":"https:\/\/www.enerjigazetesi.ist\/en\/wp-json\/wp\/v2\/users\/1"}],"replies":[{"embeddable":true,"href":"https:\/\/www.enerjigazetesi.ist\/en\/wp-json\/wp\/v2\/comments?post=104001"}],"version-history":[{"count":0,"href":"https:\/\/www.enerjigazetesi.ist\/en\/wp-json\/wp\/v2\/posts\/104001\/revisions"}],"wp:featuredmedia":[{"embeddable":true,"href":"https:\/\/www.enerjigazetesi.ist\/en\/wp-json\/wp\/v2\/media\/104008"}],"wp:attachment":[{"href":"https:\/\/www.enerjigazetesi.ist\/en\/wp-json\/wp\/v2\/media?parent=104001"}],"wp:term":[{"taxonomy":"category","embeddable":true,"href":"https:\/\/www.enerjigazetesi.ist\/en\/wp-json\/wp\/v2\/categories?post=104001"},{"taxonomy":"post_tag","embeddable":true,"href":"https:\/\/www.enerjigazetesi.ist\/en\/wp-json\/wp\/v2\/tags?post=104001"}],"curies":[{"name":"wp","href":"https:\/\/api.w.org\/{rel}","templated":true}]}}