{"id":103981,"date":"2019-12-03T13:02:13","date_gmt":"2019-12-03T10:02:13","guid":{"rendered":"https:\/\/www.enerjigazetesi.ist\/?p=103981"},"modified":"2019-12-03T13:36:05","modified_gmt":"2019-12-03T10:36:05","slug":"ekonomi-gazetecileri-dernegi-kuresel-isinma-kurultayi-izmirde-gerceklesti","status":"publish","type":"post","link":"https:\/\/www.enerjigazetesi.ist\/en\/ekonomi-gazetecileri-dernegi-kuresel-isinma-kurultayi-izmirde-gerceklesti\/","title":{"rendered":"(Turkish) &#8217;Ekonomi Gazetecileri Derne\u011fi K\u00fcresel Is\u0131nma Kurultay\u0131&#8217; \u0130zmir\u2019de Yap\u0131ld\u0131"},"content":{"rendered":"<p class=\"qtranxs-available-languages-message qtranxs-available-languages-message-en\">Sorry, this entry is only available in <a href=\"https:\/\/www.enerjigazetesi.ist\/tr\/wp-json\/wp\/v2\/posts\/103981\" class=\"qtranxs-available-language-link qtranxs-available-language-link-tr\" title=\"Turkish\">Turkish<\/a>. For the sake of viewer convenience, the content is shown below in the alternative language. You may click the link to switch the active language.<\/p><p><\/p>\n<h1>Ekonomi Gazetecileri Derne\u011fi (EGD) XI. K\u00fcresel Is\u0131nma Kurultay\u0131&#8217;n\u0131 29 Kas\u0131m 2019 Cuma g\u00fcn\u00fc \u0130zmir\u2019de Tarihi Havagaz\u0131 Fabrikas\u0131 K\u00fclt\u00fcr Merkezi\u2019nde ger\u00e7ekle\u015ftirildi. Kurultay, Ya\u015far \u00dcniversitesi, Folkart, Coca Cola ve GENSED sponsorlu\u011funda, <a href=\"http:\/\/www.iklimekonomisi.org\/\">www.iklimekonomisi.org<\/a> deste\u011fi ve \u0130zmir B\u00fcy\u00fck\u015fehir Belediyesi katk\u0131lar\u0131yla yap\u0131ld\u0131.<\/h1>\n<p>Yerel y\u00f6neticilerin, gazetecilerin, sivil toplum \u00f6rg\u00fctlerinin temsilcilerinin kat\u0131ld\u0131\u011f\u0131 toplant\u0131da Kurultay\u2019\u0131n slogan\u0131 olan <strong>\u2018Temiz Enerji, Temiz Kentler\u2019\u2019<\/strong> \u00e7a\u011fr\u0131s\u0131 destek buldu.<\/p>\n<p><img loading=\"lazy\" class=\"alignright wp-image-103983\" src=\"https:\/\/www.enerjigazetesi.ist\/wp-content\/uploads\/2019\/12\/ekonomi-gazetecileri-dernegi-kuresel-isinma-kurultayi-izmirde-gerceklesti-2.jpg\" alt=\"\" width=\"320\" height=\"213\" srcset=\"https:\/\/www.enerjigazetesi.ist\/wp-content\/uploads\/2019\/12\/ekonomi-gazetecileri-dernegi-kuresel-isinma-kurultayi-izmirde-gerceklesti-2.jpg 732w, https:\/\/www.enerjigazetesi.ist\/wp-content\/uploads\/2019\/12\/ekonomi-gazetecileri-dernegi-kuresel-isinma-kurultayi-izmirde-gerceklesti-2-300x200.jpg 300w, https:\/\/www.enerjigazetesi.ist\/wp-content\/uploads\/2019\/12\/ekonomi-gazetecileri-dernegi-kuresel-isinma-kurultayi-izmirde-gerceklesti-2-500x333.jpg 500w, https:\/\/www.enerjigazetesi.ist\/wp-content\/uploads\/2019\/12\/ekonomi-gazetecileri-dernegi-kuresel-isinma-kurultayi-izmirde-gerceklesti-2-75x50.jpg 75w, https:\/\/www.enerjigazetesi.ist\/wp-content\/uploads\/2019\/12\/ekonomi-gazetecileri-dernegi-kuresel-isinma-kurultayi-izmirde-gerceklesti-2-450x300.jpg 450w\" sizes=\"(max-width: 320px) 100vw, 320px\" \/>Kurultay&#8217;\u0131n a\u00e7\u0131l\u0131\u015f konu\u015fmalar\u0131n\u0131 EGD Ba\u015fkan\u0131 Celal Toprak, K\u00fcresel Is\u0131nma Kurultay\u0131 Komitesi ad\u0131na Toyota T\u00fcrkiye Pazarlama ve Sat\u0131\u015f CEO\u2019su Ali Haydar Bozkurt, EBSO Y\u00f6netim Kurulu Ba\u015fkan\u0131 ad\u0131na EBSO Enerji Grubu Ba\u015fkan\u0131 Muhsin D\u00f6nmez ve \u0130zmir B\u00fcy\u00fck\u015fehir Belediye Ba\u015fkan\u0131 Tun\u00e7 Soyer yapt\u0131.<\/p>\n<p>\u0130zmir B\u00fcy\u00fck\u015fehir Belediye Ba\u015fkan\u0131 Tun\u00e7 Soyer, Ekonomi Gazetecileri Derne\u011fi\u2019nin <strong>11 y\u0131ld\u0131r ger\u00e7ekle\u015ftirdi\u011fi kurultay<\/strong> ile sahip oldu\u011fu vizyonu g\u00f6sterdiklerini dile getirdi. Soyer, \u201cEkolojik y\u0131k\u0131m, insan\u0131n kendini do\u011fan\u0131n sahibi g\u00f6rmesi sebebiyle t\u00fcm ya\u015fam\u0131m\u0131z\u0131 tehdit ediyor. Do\u011fada yaratt\u0131\u011f\u0131m\u0131z her tahribat iklimde yaratt\u0131\u011f\u0131 etkiyle hepimizi etkiliyor. Toplumlar\u0131n farkl\u0131 kesimlerinden insanlar kar\u015f\u0131 kar\u015f\u0131ya oldu\u011fumuz bu tehditten gezegenimizi korumak i\u00e7in uzun s\u00fcredir \u00e7al\u0131\u015f\u0131yor. <strong>2015 Paris \u0130klim Zirvesi\u2019ne<\/strong> devlet ba\u015fkanlar\u0131n\u0131n yan\u0131 s\u0131ra belediye ba\u015fkanlar\u0131 da davet edildi. Bununla uluslararas\u0131 bir zirveye ilk defa belediye ba\u015fkanlar\u0131 da davet edilmi\u015f oldu. \u00c7\u00fcnk\u00fc anla\u015f\u0131ld\u0131 ki, bu m\u00fccadele h\u00fck\u00fcmet kararlar\u0131, mevzuat d\u00fczenlemeleri veya yasalarla y\u00fcr\u00fct\u00fclemez. A\u015fa\u011f\u0131dan yukar\u0131ya sahiplenilmesi ve yerel y\u00f6netimlerle, vatanda\u015flar\u0131n dahil olmas\u0131 gereken bir s\u00fcre\u00e7ten bahsediyoruz. Pek \u00e7ok h\u00fck\u00fcmetin, do\u011faya zarar veren mevcut politikalar\u0131n\u0131 de\u011fi\u015ftirmemekte \u0131srarc\u0131 oldu\u011funu g\u00f6r\u00fcyoruz. Oysa i\u00e7ecek suyumuz, soluyacak havam\u0131z ve \u00fczerinde ya\u015fayaca\u011f\u0131m\u0131z bir toprak kalmad\u0131\u011f\u0131nda y\u00f6netilecek \u015fehirler ya da \u00fclkeler de olmayacak. Dolay\u0131s\u0131yla t\u00fcm karar vericilerin bu s\u00fcrece kar\u015f\u0131 derhal ad\u0131m atmas\u0131 gerekiyor\u201d dedi.<\/p>\n<p><strong>\u0130klim de\u011fi\u015fikli\u011fi<\/strong>nden en \u00e7ok etkilenecek \u015fehirler aras\u0131nda <strong>\u0130zmir\u2019in<\/strong> \u00f6n s\u0131ralarda yer ald\u0131\u011f\u0131na dikkat \u00e7eken Soyer \u015fu ifadeleri kulland\u0131: \u201c\u0130nsan\u0131n havayla, suyla, iklimle, do\u011fan\u0131n t\u00fcm bili\u015fenleriyle dost oldu\u011fu bir kent yaratmay\u0131 en ba\u015f\u0131ndan beri hedefliyoruz. Bu nedenle sadece insanlar\u0131n de\u011fil, yan\u0131 ba\u015f\u0131m\u0131zdaki flamingolar\u0131n da ba\u015fkan\u0131 olaca\u011f\u0131m\u0131 ifade etmi\u015ftim. Do\u011faya uyumlu bir yerel y\u00f6netim anlay\u0131\u015f\u0131n\u0131 in\u015fa etmek i\u00e7in strateji haz\u0131rl\u0131yor ve ad\u0131m at\u0131yoruz. <strong>\u0130klim de\u011fi\u015fikli\u011fine uyum sa\u011flayacak<\/strong> politikalar geli\u015ftirmek i\u00e7in ilk olarak <strong>\u0130klim De\u011fi\u015fikli\u011fi Daire Ba\u015fkanl\u0131\u011f\u0131<\/strong>\u2019n\u0131 kurduk. Sera gaz\u0131 emisyonumuzu y\u00fczde 20 azaltma taahh\u00fcd\u00fcm\u00fcz\u00fc, <strong>\u0130klim ve Enerji \u0130\u00e7in Ba\u015fkanlar S\u00f6zle\u015fmesiyle<\/strong> 2030\u2019a kadar <strong>% 40<\/strong> oran\u0131nda emisyonumuzu azaltaca\u011f\u0131m\u0131z \u015fekilde yeniledik. Ya\u015fanabilir \u0130zmir i\u00e7in <strong>g\u00fcne\u015f enerjisinden elektrik \u00fcretimini<\/strong> artt\u0131rmay\u0131 \u00f6nceliklerimiz aras\u0131na koyduk. Bu do\u011frultuda, Menderes\u2019teki Solar \u00c7amur Kurutma Tesisi\u2019nin, Bayrakl\u0131 Ekrem Akurgal Ya\u015fam Park\u0131 ve Spor Salonu\u2019nun, <strong>Seyrek Hayvan Bar\u0131na\u011f\u0131\u2019n\u0131n ve Sel\u00e7uk Kat\u0131 At\u0131k Transfer \u0130stasyonu<\/strong>\u2019nun \u00e7at\u0131lar\u0131na <strong>g\u00fcne\u015f santralleri kurduk<\/strong>. ESHOT filomuzda bulunan 20 <strong>elektrikli otob\u00fcs<\/strong>\u00fc, y\u0131lba\u015f\u0131nda 40\u2019a \u00e7\u0131kar\u0131yoruz. ESHOT\u2019un Buca\u2019daki at\u00f6lye binalar\u0131na bunlar\u0131n <strong>elektrik ihtiya\u00e7lar\u0131n\u0131 kar\u015f\u0131lamak<\/strong> i\u00e7in g\u00fcne\u015f santralleri kurduk.\u201d<\/p>\n<p>\u0130zmir\u2019de sa\u011fl\u0131kl\u0131, g\u00fcvenilir ve temiz ula\u015f\u0131m y\u00f6ntemlerini kullanmay\u0131 ama\u00e7 edindiklerini vurgulayan Soyer, \u201c\u0130zmir\u2019i \u2018Demir a\u011flarla \u00f6r\u00fcyoruz\u2019 dememizin nedeni, sa\u011fl\u0131kl\u0131, g\u00fcvenilir ve temiz ula\u015f\u0131m y\u00f6ntemlerini \u0130zmir\u2019de hakim k\u0131lmaya \u00e7al\u0131\u015fmakt\u0131r\u201d dedi. <strong>Alia\u011fa \u0130tfaiyesi<\/strong>\u2019nde 68, <strong>Bergama Mezbahas\u0131n \u2019da<\/strong> 74 ve <strong>Uzundere \u00c7ok Ama\u00e7l\u0131 Spor Salonu\u2019nda<\/strong> 35 kilovat g\u00fcc\u00fcnde <strong>g\u00fcne\u015f enerjisi santrali kurmak<\/strong> i\u00e7in \u00e7al\u0131\u015fma ba\u015flatt\u0131klar\u0131n\u0131 aktaran Soyer, yeni do\u011fan her bebek i\u00e7in fidan dikeceklerini de s\u00f6yledi. Soyer, \u201cGe\u00e7ti\u011fimiz hafta Harmandal\u0131\u2019da a\u00e7t\u0131\u011f\u0131m\u0131z <strong>biyogaz tesisi ile<\/strong> at\u0131ktan enerji \u00fcretme devrini ba\u015flatt\u0131k. <em>Bergama, Dikili, K\u0131n\u0131k ve Alia\u011fa\u2019da<\/em> da d\u00f6rt yeni at\u0131k tesisini en k\u0131sa zamanda hayata ge\u00e7irece\u011fiz. T\u00fcrkiye ve d\u00fcnyan\u0131n en g\u00fczel do\u011fal alanlar\u0131ndan <strong>Gediz Deltas\u0131<\/strong>\u2019n\u0131n <strong>UNESCO D\u00fcnya Miras\u0131 Listesi<\/strong>\u2019ne al\u0131nmas\u0131 i\u00e7in resmi ba\u015fvurumuzu yapt\u0131k. \u00dclkemizin her taraf\u0131nda kar\u015f\u0131l\u0131\u011f\u0131n\u0131 g\u00f6rd\u00fc\u011f\u00fcm\u00fcz a\u011fa\u00e7land\u0131rma \u00e7al\u0131\u015fmalar\u0131m\u0131z t\u00fcm h\u0131z\u0131yla s\u00fcr\u00fcyor. Bu kapsamda <strong>\u0130zmir\u2019de do\u011fan her bir bebek i\u00e7in bir fidan dikece\u011fiz<\/strong>. Bebeklerimiz, kendileri i\u00e7in dikilen a\u011fa\u00e7lar\u0131yla b\u00fcy\u00fcyecek. 35 ya\u015fayan park kurarak, bunlar\u0131 ye\u015fil koridorlarla k\u0131rsal alanlara ba\u011flamay\u0131 hedefliyoruz. Bve benzeri bulu\u015fmalar\u0131n artmas\u0131 \u00fcmit ediyoruz\u201d ifadelerini kulland\u0131.<\/p>\n<p>EGD Y\u00f6netim Kurulu Ba\u015fkan\u0131 <strong>Celal Toprak<\/strong>, konu\u015fmas\u0131nda, \u201c11 y\u0131l \u00f6nce<strong> iklim de\u011fi\u015fikli\u011fi<\/strong> konusunda fark\u0131ndal\u0131\u011fa katk\u0131 yapmak i\u00e7in yola \u00e7\u0131km\u0131\u015ft\u0131k. \u0130klim de\u011fi\u015fikli\u011fi ayr\u0131m yapmadan t\u00fcm insanl\u0131\u011f\u0131 etkiliyor. Hepimizi ayn\u0131 gemideyiz. Bu k\u00f6t\u00fc gidi\u015fe dur demek i\u00e7in herkesin elini ta\u015f\u0131n alt\u0131na koymas\u0131 laz\u0131m yoksa yar\u0131n \u00e7ok ge\u00e7 olacak. Biz bir gazeteci \u00f6rg\u00fct\u00fc olarak elimizi ta\u015f\u0131n alt\u0131n\u0131 koyduk. Bu m\u00fccadeleye omuz verdik\u201d \u0130fadelerini kulland\u0131.<\/p>\n<p><strong>K\u00fcresel Is\u0131nma Kurultay\u0131 Komitesi<\/strong> ad\u0131na s\u00f6z alan T\u00fcrkiye Pazarlama ve Sat\u0131\u015f A.\u015e. CEO\u2019su <strong>Ali Haydar Bozkurt<\/strong> ise \u201cDo\u011fa i\u00e7inden insan\u0131 ald\u0131\u011f\u0131n\u0131z zaman<strong> kendi dengesini \u00e7ok g\u00fczel kuruyor<\/strong> ve <strong>kendisini s\u00fcrekli<\/strong> yeniliyor. B\u00fct\u00fcn bu olay\u0131 yaratan biziz. Bu konuda \u00f6nlem almak i\u00e7in elimizden geleni yapmal\u0131y\u0131z. Biz \u00e7ocuklar\u0131m\u0131z\u0131 sokaklar\u0131 kirletme diye yeti\u015ftiriyoruz. Japonlar <strong>sokakta \u00e7\u00f6p g\u00f6r\u00fcrsen al \u00e7\u00f6pe at diyerek<\/strong> yeti\u015ftiriyor. Bu nedenle Japonya\u2019da sokaklar tertemizdir. Markam\u0131z kendi yaratt\u0131\u011f\u0131 <strong>kirlili\u011fin ve k\u00fcresel etkinin<\/strong> \u00e7ok fark\u0131nda. Bundan 50 y\u0131l \u00f6nce <strong>ara\u00e7 say\u0131s\u0131n\u0131n artaca\u011f\u0131n\u0131<\/strong> \u00f6n g\u00f6r\u00fcyor ve kendi yaratt\u0131\u011f\u0131m\u0131z kirlili\u011fin \u00f6n\u00fcne ge\u00e7elim diyerek hibrit teknolojiyi uyguluyor. Marka fabrikalar\u0131nda <strong>yenilebilir enerji kullanmaya<\/strong> \u00e7al\u0131\u015f\u0131yoruz\u201d dedi.<\/p>\n<p>EBSO Y\u00f6netim Kurulu Ba\u015fkan\u0131 <strong>Ender Yorganc\u0131lar<\/strong> ad\u0131na EBSO Ba\u015fkan Yard\u0131mc\u0131s\u0131<strong> Muhsin D\u00f6nmez<\/strong> kat\u0131ld\u0131. \u0130nsanlar\u0131n \u015fehirle\u015fmeye ba\u015flad\u0131\u011f\u0131 g\u00fcnden itibaren d\u00fcnyan\u0131n kaderinin farkl\u0131 y\u00f6nde ilerlemeye ba\u015flad\u0131\u011f\u0131n\u0131 dile getiren D\u00f6nmez, \u201cYap\u0131lan \u00e7al\u0131\u015fmalarda <strong>k\u00fcresel \u0131s\u0131nma<\/strong>n\u0131n b\u00fcy\u00fck oranda insan kaynakl\u0131 oldu\u011funa dair kan\u0131tlar, her ge\u00e7en g\u00fcn daha da g\u00fc\u00e7lenmektedir. Kas\u0131m ay\u0131nda \u00fclkemizde may\u0131s ay\u0131n\u0131 ya\u015f\u0131yor olmam\u0131z\u0131n sebebi k\u00fcresel \u0131s\u0131nmad\u0131r. Do\u011faya zarar vermeden ihtiya\u00e7lar\u0131m\u0131z\u0131 kar\u015f\u0131layabiliriz. \u0130zmir yenilebilir enerjide \u00e7ok b\u00fcy\u00fck avantaja sahip. <strong>Ege B\u00f6lgesi Sanayi Odas\u0131<\/strong> olarak sorumlulu\u011fumuzun fark\u0131nday\u0131z\u201d diye konu\u015ftu.<\/p>\n<p>Gen\u00e7ler ad\u0131na s\u00f6z alan lise \u00f6\u011frencisi <strong>Gamze Ece Ak\u00e7in<\/strong>, \u201cD\u00fcnyam\u0131z i\u00e7in \u00e7ok \u00f6nemli olan<strong> k\u00fcresel \u0131s\u0131nma<\/strong> bizi \u00e7ok b\u00fcy\u00fck etkiliyor etkileyeme devam ediyor bir \u015fekilde dur demezsek gelecek y\u0131llarda o bizim sonumuzun getirecek. <strong>Yapay zeka geli\u015ftirebilecek<\/strong> bilince sahip y\u00fcz\u00fcnden ortaya \u00e7\u0131kt\u0131. K\u00fcresel \u0131s\u0131nmaya dur de\u201d dedi.<\/p>\n<h2><strong>\u00dc\u00c7 OTURUMDA SORUNLAR ELE ALINDI <\/strong><\/h2>\n<p>A\u00e7\u0131l\u0131\u015f konu\u015fmalar\u0131n\u0131n ard\u0131ndan Kurultay&#8217;\u0131n <strong>\u2018Temiz Enerji, Temiz Kentler Medyan\u0131n Bak\u0131\u015f\u0131\u2019\u2019<\/strong> ba\u015fl\u0131kl\u0131 ilk oturumuna ge\u00e7ildi. <strong>Ya\u015far Holding<\/strong> Y\u00f6netim Kurulu \u00fcyesi- \u0130cra Ba\u015fkan\u0131 Mehmet Akta\u015f y\u00f6netiminde ger\u00e7ekle\u015ftirilen oturumun konu\u015fmac\u0131lar\u0131; Cumhuriyet Gazetesi Ege Temsilcisi Tuncay Mollaveiso\u011flu, Ticaret Gazetesi Yaz\u0131 \u0130\u015fleri M\u00fcd\u00fcr\u00fc Cemal T\u00fckel, Yeni As\u0131r Ekonomi K\u00f6\u015fe Yazar\u0131 Gonca Elibol,Anadolu Ajans\u0131 Enerji Muhabiri Ebru \u015eeng\u00fcl \u00c7evrio\u011flu, TRT &#8211; Gazeteci K\u00f6\u015fe Yazar\u0131 Ahmet Ayd\u0131n Akansu oldu.<\/p>\n<p>Kurultay&#8217;\u0131n 2&#8217;inci oturumunda ise <strong>&#8220;Temiz Enerji, Temiz Kentler Ekonomi D\u00fcnyas\u0131\u2019n\u0131n Bak\u0131\u015f\u0131&#8221;<\/strong>\u00a0konusu ele al\u0131nd\u0131. &#8211; \u0130zmir Gazeteciler Cemiyeti 2. Ba\u015fkan\u0131- EGD \u0130zmir Temsilcisi Dilek Gappi\u2019nin y\u00f6netiminde ger\u00e7ekle\u015ftirilen oturumun konu\u015fmac\u0131lar\u0131; GENSED Ba\u015fkan Yard\u0131mc\u0131s\u0131 <strong>Tolga \u00d6zdemir<\/strong>, EBSO Enerji Grubu Ba\u015fkan\u0131 Muhsin D\u00f6nmez, Skal \u0130zmir Ba\u015fkan\u0131 Emre Gezgin, ES\u0130AD Y\u00f6netim Kurulu Ba\u015fkan\u0131 Fad\u0131l Sivri, \u0130ZKA Genel Sekreteri Dr. Mehmet Yavuz oldu.<\/p>\n<p>Kurultay&#8217;a<strong> \u2018Temiz Enerji, Temiz Kentler Yerel Y\u00f6netimlerin Bak\u0131\u015f\u0131\u2019\u2019<\/strong> ba\u015fl\u0131kl\u0131 forumla devam edildi. Ekonomi Gazetecileri Derne\u011fi Ba\u015fkan\u0131 Celal Toprak&#8217;\u0131n y\u00f6netiminde ger\u00e7ekle\u015ftirilen forumun kat\u0131l\u0131mc\u0131lar\u0131 ise \u015f\u00f6yle oldu: Kar\u015f\u0131yaka Belediye Ba\u015fkan\u0131 Op. Dr. Cemil Tugay, Urla Belediye Ba\u015fkan\u0131 Burak O\u011fuz, Coca-Cola \u0130\u00e7ecek Kurumsal \u0130li\u015fkiler Direkt\u00f6r\u00fc \/ Birle\u015fmi\u015f Milletler K\u00fcresel \u0130lkeler S\u00f6zle\u015fmesi Y\u00f6netim Kurulu \u00dcyesi Servet Y\u0131ld\u0131r\u0131m, Ya\u015far \u00dcniversitesi\u2019nden Prof. Dr. \u015eevkinaz G\u00fcm\u00fc\u015fo\u011flu.<\/p>\n<p><strong>EGD XI. K\u00fcresel Is\u0131nma Kurultay\u0131<\/strong> kat\u0131l\u0131mc\u0131lara verilen <strong>&#8221;Sertifikat T\u00f6reni&#8221;<\/strong> ile devam etti.<\/p>","protected":false},"excerpt":{"rendered":"<p>Sorry, this entry is only available in Turkish. For the sake of viewer convenience, the content is shown below in the alternative language. You may click the link to switch the active language. Ekonomi Gazetecileri Derne\u011fi (EGD) XI. K\u00fcresel Is\u0131nma Kurultay\u0131&#8217;n\u0131 29 Kas\u0131m 2019 Cuma g\u00fcn\u00fc \u0130zmir\u2019de Tarihi Havagaz\u0131 Fabrikas\u0131 K\u00fclt\u00fcr Merkezi\u2019nde ger\u00e7ekle\u015ftirildi. Kurultay, Ya\u015far [&hellip;]<\/p>\n","protected":false},"author":1,"featured_media":103984,"comment_status":"open","ping_status":"open","sticky":false,"template":"","format":"standard","meta":[],"categories":[51,53,52,49],"tags":[13381,36068,62151,6422,62154,11382,36066,61011,5070,62153,1468,52259,26559,62150,727,53157,12474,53934,41159,2689,10632,54208,41837,34059,62152,61013,842,62148,54979,44173,25569,793,62149,2383],"views":359,"_links":{"self":[{"href":"https:\/\/www.enerjigazetesi.ist\/en\/wp-json\/wp\/v2\/posts\/103981"}],"collection":[{"href":"https:\/\/www.enerjigazetesi.ist\/en\/wp-json\/wp\/v2\/posts"}],"about":[{"href":"https:\/\/www.enerjigazetesi.ist\/en\/wp-json\/wp\/v2\/types\/post"}],"author":[{"embeddable":true,"href":"https:\/\/www.enerjigazetesi.ist\/en\/wp-json\/wp\/v2\/users\/1"}],"replies":[{"embeddable":true,"href":"https:\/\/www.enerjigazetesi.ist\/en\/wp-json\/wp\/v2\/comments?post=103981"}],"version-history":[{"count":0,"href":"https:\/\/www.enerjigazetesi.ist\/en\/wp-json\/wp\/v2\/posts\/103981\/revisions"}],"wp:featuredmedia":[{"embeddable":true,"href":"https:\/\/www.enerjigazetesi.ist\/en\/wp-json\/wp\/v2\/media\/103984"}],"wp:attachment":[{"href":"https:\/\/www.enerjigazetesi.ist\/en\/wp-json\/wp\/v2\/media?parent=103981"}],"wp:term":[{"taxonomy":"category","embeddable":true,"href":"https:\/\/www.enerjigazetesi.ist\/en\/wp-json\/wp\/v2\/categories?post=103981"},{"taxonomy":"post_tag","embeddable":true,"href":"https:\/\/www.enerjigazetesi.ist\/en\/wp-json\/wp\/v2\/tags?post=103981"}],"curies":[{"name":"wp","href":"https:\/\/api.w.org\/{rel}","templated":true}]}}