{"id":103970,"date":"2019-12-03T11:56:12","date_gmt":"2019-12-03T08:56:12","guid":{"rendered":"https:\/\/www.enerjigazetesi.ist\/?p=103970"},"modified":"2019-12-03T12:00:49","modified_gmt":"2019-12-03T09:00:49","slug":"termik-santrallere-filtre-takilmasini-erteleyen-yasa-veto-edildi","status":"publish","type":"post","link":"https:\/\/www.enerjigazetesi.ist\/en\/termik-santrallere-filtre-takilmasini-erteleyen-yasa-veto-edildi\/","title":{"rendered":"(Turkish) Termik Santrallere Filtre Tak\u0131lmas\u0131n\u0131 Erteleyen Yasa Veto Edildi!"},"content":{"rendered":"<p class=\"qtranxs-available-languages-message qtranxs-available-languages-message-en\">Sorry, this entry is only available in <a href=\"https:\/\/www.enerjigazetesi.ist\/tr\/wp-json\/wp\/v2\/posts\/103970\" class=\"qtranxs-available-language-link qtranxs-available-language-link-tr\" title=\"Turkish\">Turkish<\/a>. For the sake of viewer convenience, the content is shown below in the alternative language. You may click the link to switch the active language.<\/p><p><\/p>\n<h1><strong>Sn. \u00d6mer \u00c7elik taraf\u0131ndan\u00a002 Aral\u0131k&#8217;ta Cumhurba\u015fkan\u0131m\u0131z ve AK Parti Genel Ba\u015fkan\u0131 Recep Tayyip Erdo\u011fan ba\u015fkanl\u0131\u011f\u0131nda parti genel merkezinde Merkez Y\u00fcr\u00fctme Kurulu (MYK) toplant\u0131s\u0131 s\u00fcrerken bas\u0131n mensuplar\u0131na a\u00e7\u0131klamalarda bulunuldu.<\/strong><\/h1>\n<p>Kamuoyunun tart\u0131\u015ft\u0131\u011f\u0131 bir <strong>g\u00fcndem maddesinin<\/strong> de ele al\u0131nd\u0131\u011f\u0131n\u0131 dile getiren \u00c7elik, &#8220;Meclis&#8217;te <strong>21 Kas\u0131m&#8217;da<\/strong> kabul edilen <strong>torba yasan\u0131n 50&#8217;nci maddesine g\u00f6re<\/strong> havay\u0131 kirleten <strong>15 termik santrale baca filtresi takma zorunlulu\u011fu<\/strong> <span style=\"text-decoration: underline;\">2,5 y\u0131l<\/span> ertelenmi\u015fti, d\u00fczenleme Cumhurba\u015fkan\u0131m\u0131z\u0131n onay\u0131n\u0131 <img loading=\"lazy\" class=\"alignright wp-image-103972\" src=\"https:\/\/www.enerjigazetesi.ist\/wp-content\/uploads\/2019\/12\/termik-santrallere-filtre-takilmasini-erteleyen-yasa-veto-edildi.jpg\" alt=\"\" width=\"320\" height=\"213\" srcset=\"https:\/\/www.enerjigazetesi.ist\/wp-content\/uploads\/2019\/12\/termik-santrallere-filtre-takilmasini-erteleyen-yasa-veto-edildi.jpg 732w, https:\/\/www.enerjigazetesi.ist\/wp-content\/uploads\/2019\/12\/termik-santrallere-filtre-takilmasini-erteleyen-yasa-veto-edildi-300x200.jpg 300w, https:\/\/www.enerjigazetesi.ist\/wp-content\/uploads\/2019\/12\/termik-santrallere-filtre-takilmasini-erteleyen-yasa-veto-edildi-500x333.jpg 500w, https:\/\/www.enerjigazetesi.ist\/wp-content\/uploads\/2019\/12\/termik-santrallere-filtre-takilmasini-erteleyen-yasa-veto-edildi-75x50.jpg 75w, https:\/\/www.enerjigazetesi.ist\/wp-content\/uploads\/2019\/12\/termik-santrallere-filtre-takilmasini-erteleyen-yasa-veto-edildi-450x300.jpg 450w\" sizes=\"(max-width: 320px) 100vw, 320px\" \/>bekliyordu. Say\u0131n <strong>Cumhurba\u015fkan\u0131m\u0131z bu d\u00fczenlemeyi<\/strong> do\u011fru bulmam\u0131\u015f ve <strong>biraz evvel veto etmi\u015ftir<\/strong>.&#8221; ifadelerini kulland\u0131.<\/p>\n<p>Enerji sekt\u00f6r\u00fcn\u00fcn son derece \u00f6nemli bir sekt\u00f6r oldu\u011funu ve sekt\u00f6r\u00fcn kazan\u0131mlar\u0131n\u0131 <strong>koruma ve ilerletme konusunda<\/strong> kararl\u0131 olundu\u011funu belirten \u00c7elik, s\u00f6zlerini <span style=\"text-decoration: underline;\">\u015f\u00f6yle s\u00fcrd\u00fcrm\u00fc\u015ft\u00fcr;<\/span><\/p>\n<p>&#8220;Ayn\u0131 zamanda da \u00e7evre hassasiyetinin <strong>\u00fclkemizin gelece\u011fini, nesillerin gelece\u011fini g\u00f6zeten<\/strong> bir yakla\u015f\u0131m konusunda da \u00e7ok y\u00fcksek bir hassasiyete sahibiz. Say\u0131n <strong>Cumhurba\u015fkan\u0131m\u0131z<\/strong> bu \u00e7er\u00e7evede enerji sekt\u00f6r\u00fcn\u00fcn kazan\u0131mlar\u0131na, <strong>enerji sekt\u00f6r\u00fcn\u00fcn daha ileriye g\u00f6t\u00fcr\u00fclmesine<\/strong> d\u00f6n\u00fck hassasiyetini korumakla ve bunu daha da <strong>geli\u015ftirmek konusundaki iradesini<\/strong> ortaya koymakla birlikte <strong>7 y\u0131ld\u0131r<\/strong> bu <strong>baca filtrelerinin tak\u0131lmamas\u0131 \u00e7er\u00e7evesinde<\/strong> buna yeni bir s\u00fcre verilmesini yani <strong>2,5 y\u0131l kadar s\u00fcre<\/strong> verilmesinin gerekli olmad\u0131\u011f\u0131n\u0131 de\u011ferlendirmi\u015ftir. \u00c7\u00fcnk\u00fc <strong>7 y\u0131lda yap\u0131lmayan<\/strong> bir i\u015flemin bu yeni s\u00fcre verilmesiyle de yap\u0131laca\u011f\u0131 konusunda bir kanaat olu\u015fmam\u0131\u015ft\u0131r.&#8221; ifadelerini kulland\u0131.<\/p>\n<p><em>Bu s\u00fcre\u00e7te ise\u00a0<strong>&#8216;Enerji Gazetesi&#8217; <\/strong>olarak\u00a0\u00e7evreci yakla\u015f\u0131m ile bu konuda yapt\u0131\u011f\u0131m\u0131z\u00a0<strong>\u00e7al\u0131\u015fmalara ula\u015fmak i\u00e7in:<\/strong> <a href=\"https:\/\/www.enerjigazetesi.ist\/amp?s=Termik+santral+filtre\" target=\"_blank\" rel=\"noopener\">https:\/\/www.enerjigazetesi.ist\/amp?s=Termik+santral+filtre<\/a> adresini ziyaret edebilirsiniz.<\/em><\/p>\n<p>Sarp ALTINEL \/ Enerji Gazetesi &#8211; <a href=\"mailto:sarp.altinel@enerjigazetesi.ist\" target=\"_blank\" rel=\"noopener\">sarp.altinel@enerjigazetesi.ist<\/a><\/p>","protected":false},"excerpt":{"rendered":"<p>Sorry, this entry is only available in Turkish. For the sake of viewer convenience, the content is shown below in the alternative language. You may click the link to switch the active language. Sn. \u00d6mer \u00c7elik taraf\u0131ndan\u00a002 Aral\u0131k&#8217;ta Cumhurba\u015fkan\u0131m\u0131z ve AK Parti Genel Ba\u015fkan\u0131 Recep Tayyip Erdo\u011fan ba\u015fkanl\u0131\u011f\u0131nda parti genel merkezinde Merkez Y\u00fcr\u00fctme Kurulu (MYK) [&hellip;]<\/p>\n","protected":false},"author":1,"featured_media":103972,"comment_status":"open","ping_status":"open","sticky":false,"template":"","format":"standard","meta":[],"categories":[51,53,24649],"tags":[62130,5070,55409,21919,52259,58261,62129,26257,2063,30503,38692,62132,6823,62131],"views":388,"_links":{"self":[{"href":"https:\/\/www.enerjigazetesi.ist\/en\/wp-json\/wp\/v2\/posts\/103970"}],"collection":[{"href":"https:\/\/www.enerjigazetesi.ist\/en\/wp-json\/wp\/v2\/posts"}],"about":[{"href":"https:\/\/www.enerjigazetesi.ist\/en\/wp-json\/wp\/v2\/types\/post"}],"author":[{"embeddable":true,"href":"https:\/\/www.enerjigazetesi.ist\/en\/wp-json\/wp\/v2\/users\/1"}],"replies":[{"embeddable":true,"href":"https:\/\/www.enerjigazetesi.ist\/en\/wp-json\/wp\/v2\/comments?post=103970"}],"version-history":[{"count":0,"href":"https:\/\/www.enerjigazetesi.ist\/en\/wp-json\/wp\/v2\/posts\/103970\/revisions"}],"wp:featuredmedia":[{"embeddable":true,"href":"https:\/\/www.enerjigazetesi.ist\/en\/wp-json\/wp\/v2\/media\/103972"}],"wp:attachment":[{"href":"https:\/\/www.enerjigazetesi.ist\/en\/wp-json\/wp\/v2\/media?parent=103970"}],"wp:term":[{"taxonomy":"category","embeddable":true,"href":"https:\/\/www.enerjigazetesi.ist\/en\/wp-json\/wp\/v2\/categories?post=103970"},{"taxonomy":"post_tag","embeddable":true,"href":"https:\/\/www.enerjigazetesi.ist\/en\/wp-json\/wp\/v2\/tags?post=103970"}],"curies":[{"name":"wp","href":"https:\/\/api.w.org\/{rel}","templated":true}]}}