{"id":10363,"date":"2013-05-02T09:14:47","date_gmt":"2013-05-02T06:14:47","guid":{"rendered":"https:\/\/www.enerjigazetesi.ist\/?p=10363"},"modified":"2013-05-02T09:15:54","modified_gmt":"2013-05-02T06:15:54","slug":"eski-beyaz-esyani-enerji-tasarruflu-olan-yenisiyle-degistir","status":"publish","type":"post","link":"https:\/\/www.enerjigazetesi.ist\/en\/eski-beyaz-esyani-enerji-tasarruflu-olan-yenisiyle-degistir\/","title":{"rendered":"(Turkish) Eski Beyaz E\u015fyan\u0131 Enerji Tasarruflu Olanla De\u011fi\u015ftir Deste\u011fi Geliyor&#8230;"},"content":{"rendered":"<p class=\"qtranxs-available-languages-message qtranxs-available-languages-message-en\">Sorry, this entry is only available in <a href=\"https:\/\/www.enerjigazetesi.ist\/tr\/wp-json\/wp\/v2\/posts\/10363\" class=\"qtranxs-available-language-link qtranxs-available-language-link-tr\" title=\"Turkish\">Turkish<\/a>. For the sake of viewer convenience, the content is shown below in the alternative language. You may click the link to switch the active language.<\/p><p><strong>GE\u00c7EN pazar sabah\u0131 saat 08.00\u2026 Malatya\u2019daki Anemon Otel\u2019de Enerji ve Tabii Kaynaklar Bakan\u0131 Taner Y\u0131ld\u0131z\u2019dan elektrik tasarrufuna d\u00f6n\u00fck ad\u0131mlar\u0131 dinliyoruz.<\/strong><\/p>\n<p>Masada Malatya Valisi Vasip \u015eahin, Belediye Ba\u015fkan\u0131 Ahmet \u00c7ak\u0131r, TBMM Enerji Komisyonu Ba\u015fkan\u0131 M\u00fccahit F\u0131nd\u0131kl\u0131, AK Parti Malatya Milletvekilleri \u00d6mer Faruk \u00d6z, Cemal Ak\u0131n, Enerji Verimlili\u011fi Derne\u011fi Ba\u015fkan\u0131 Adnan Ersoy Uluba\u015f ve \u0130stanbul Haz\u0131r Giyim ve Konfeksiyon \u0130hracat\u00e7\u0131lar\u0131 Birli\u011fi (\u0130HK\u0130B) Ba\u015fkan\u0131 Hikmet Tanr\u0131verdi de var.<\/p>\n<p>Taner Y\u0131ld\u0131z, \u00f6nce 2023\u2019e kadar hedefledikleri tasarrufu yineledi:<br \/>\n&#8211; 2023\u2019e kadar y\u00fczde 20 daha fazla elektrik tasarrufuna ula\u015fmay\u0131 hedefliyoruz. Bu, her y\u0131l iki Atat\u00fcrk Baraj\u0131\u2019n\u0131n \u00fcretti\u011fi kadar elektrik tasarrufu anlam\u0131na gelir.<\/p>\n<p>Y\u0131ll\u0131k elektrik faturas\u0131 toplam\u0131n\u0131 an\u0131msatt\u0131:<br \/>\n&#8211; Elektri\u011fe y\u0131lda 60 milyar lira \u00f6d\u00fcyoruz. Y\u00fczde 20 tasarrufla 12, hatta 15 milyar liral\u0131k bir b\u00fcy\u00fckl\u00fc\u011fe ula\u015fabiliriz. Bu tasarrufun 4 milyar liral\u0131k b\u00f6l\u00fcm\u00fcn\u00fcn konutlardan sa\u011flanabilece\u011fini hesaplad\u0131k. Durumu ev kad\u0131nlar\u0131na anlatmak, onlar\u0131n deste\u011fini almak i\u00e7in \u201cEnerji Han\u0131m\u201d kampanyas\u0131n\u0131 ba\u015flatt\u0131k.<\/p>\n<p>Sonra cadde ve sokak ayd\u0131nlatmas\u0131na de\u011findi:<\/p>\n<p>&#8211; Philips\u2019in D\u00fcnya Ba\u015fkan\u0131 geldi, tasarruflu sokak ayd\u0131nlatma ve armat\u00fcrlerini anlatt\u0131. Sonra di\u011ferleri de geldi. Philips\u2019<a href=\"https:\/\/www.enerjigazetesi.ist\/wp-content\/uploads\/2013\/05\/ev-beyaz-esya-enerji-tasarrufu-a-sinifi1-505x336.jpg\"><img loading=\"lazy\" class=\"alignright size-medium wp-image-10364\" title=\"ev-beyaz-esya-enerji-tasarrufu-a-sinifi1-505x336\" src=\"https:\/\/www.enerjigazetesi.ist\/wp-content\/uploads\/2013\/05\/ev-beyaz-esya-enerji-tasarrufu-a-sinifi1-505x336-300x195.jpg\" alt=\"\" width=\"300\" height=\"195\" srcset=\"https:\/\/www.enerjigazetesi.ist\/wp-content\/uploads\/2013\/05\/ev-beyaz-esya-enerji-tasarrufu-a-sinifi1-505x336-300x195.jpg 300w, https:\/\/www.enerjigazetesi.ist\/wp-content\/uploads\/2013\/05\/ev-beyaz-esya-enerji-tasarrufu-a-sinifi1-505x336-76x50.jpg 76w, https:\/\/www.enerjigazetesi.ist\/wp-content\/uploads\/2013\/05\/ev-beyaz-esya-enerji-tasarrufu-a-sinifi1-505x336.jpg 437w\" sizes=\"(max-width: 300px) 100vw, 300px\" \/><\/a>e TBMM_Enerji Bakanl\u0131\u011f\u0131 aras\u0131ndaki bulvar\u0131n sokak ayd\u0131nlatmas\u0131n\u0131 pilot b\u00f6lge olarak verdik. I\u015f\u0131k d\u00fczeyinde hi\u00e7bir azalma olmadan y\u00fczde 41 tasarrufa ula\u015ft\u0131k.<br \/>\nCadde ve sokak ayd\u0131nlatmas\u0131n\u0131n faturas\u0131n\u0131 aktard\u0131:<br \/>\n&#8211; T\u00fcrkiye\u2019de cadde ve sokaklar y\u0131lda 1.2-1.5 milyar liraya ayd\u0131nlat\u0131l\u0131yor. Y\u00fczde 40\u2019l\u0131k tasarrufla kendini finanse edecek bir modelle hepsi de\u011fi\u015ftirilebilir. Yani, kamu 5 y\u0131l boyunca ayn\u0131 faturay\u0131 \u00f6der. Aradaki fark, tasarruflu ayd\u0131nlatmaya ge\u00e7i\u015fin finansman\u0131nda kullan\u0131l\u0131r. B\u00f6ylece ekstra kaynak harcamadan ge\u00e7i\u015fi sa\u011flar\u0131z.<br \/>\nBu yolla y\u0131lda 600-750 milyon liral\u0131k kaynak yarat\u0131labilece\u011fini savundu:<br \/>\n&#8211; Cadde ve sokak ayd\u0131nlatmas\u0131nda sa\u011flanacak tasarrufla 5 y\u0131lda 3.5-4 milyar liral\u0131k kaynak a\u00e7\u0131\u011fa \u00e7\u0131kabilir. Bu da sistemin de\u011fi\u015fmesine kullan\u0131lm\u0131\u015f olur.<br \/>\nMalatya Belediye Ba\u015fkan\u0131 Ahmet \u00c7ak\u0131r\u2019a d\u00f6nd\u00fc:<br \/>\n&#8211; Malatya\u2019da trafi\u011fe kapal\u0131 bir yolda dekoratif ayd\u0131nlatma planlam\u0131\u015flar. Ankara\u2019dan \u201cDekoratif direkler mevzuata uymuyor\u201d cevab\u0131 alm\u0131\u015flar. Bakt\u0131k, kulland\u0131klar\u0131 ayd\u0131nlatma sistemi tasarruflu olacak. Hemen mevzuat\u0131 de\u011fi\u015ftirdik. Benzeri durum Samsun sahil yolunda g\u00fcndeme geldi. Onu da \u00e7\u00f6zd\u00fck.<br \/>\nCadde ve sokak ayd\u0131nlatmas\u0131nda belediyelerin de elini ta\u015f\u0131n alt\u0131na koymas\u0131 gerekti\u011fini vurgulad\u0131:<br \/>\n&#8211; B\u00fcy\u00fck\u015fehir belediyeleri harcaman\u0131n y\u00fczde 10\u2019unu, di\u011fer belediyeler y\u00fczde 5\u2019ini kar\u015f\u0131l\u0131yor. E\u011fer belediyeler dikkatli davranmazsa, b\u00fct\u00fcn bedel kendilerine yans\u0131t\u0131l\u0131yor.<br \/>\nSonra <strong>beyaz e\u015fyalardaki geli\u015fmeleri<\/strong> anlatt\u0131:<br \/>\n&#8211; Beyaz e\u015fyac\u0131lara daha az enerjiyle \u00e7al\u0131\u015fan modeller \u00fcretmeleri i\u00e7in 3 y\u0131l s\u00fcre tan\u0131m\u0131\u015ft\u0131k. Ba\u015far\u0131l\u0131 bir ge\u00e7i\u015f d\u00f6nemi oldu. Nitekim sadece bir marka, 2011\u2019de 800 bin, 2012\u2019de 1.1 milyon adet daha az enerjiyle \u00e7al\u0131\u015fan model satt\u0131.<br \/>\nKampanyalarla eski beyaz e\u015fyalar\u0131n tasarruflu olanla de\u011fi\u015ftirildi\u011fini kaydetti:<br \/>\n&#8211; Eski beyaz e\u015fyalar\u0131n bir b\u00f6l\u00fcm\u00fc yoksul ailelere da\u011f\u0131t\u0131ld\u0131. Bu durumda enerji tasarrufu konusunda hedefimize tam ula\u015famam\u0131\u015f oluyoruz. Eski beyaz e\u015fyalar\u0131n t\u00fcm\u00fcyle kullan\u0131mdan \u00e7ekilmesini sa\u011flamam\u0131z gerekiyor. Bunun i\u00e7in yeni bir form\u00fcl ar\u0131yoruz. Bunu te\u015fvik etmeyi d\u00fc\u015f\u00fcn\u00fcyoruz.<br \/>\n&#8211; Devletin eski beyaz e\u015fyan\u0131n sahibine bir bedel \u00f6demesini mi d\u00fc\u015f\u00fcn\u00fcyorsunuz?<br \/>\n&#8211; Evet. Hen\u00fcz karar vermi\u015f de\u011filiz. Model \u00fczerinde \u00e7al\u0131\u015f\u0131yoruz.<br \/>\nEnerji Bakanl\u0131\u011f\u0131 karar verirse, eski buzdolab\u0131, \u00e7ama\u015f\u0131r, bula\u015f\u0131k makinesi, f\u0131r\u0131nlara devlet bir bedel \u00f6deyecek, enerji tasarruflu olan yenilerinin al\u0131nmas\u0131n\u0131 kolayla\u015ft\u0131racak.<br \/>\nSa\u011flanacak enerji tasarrufu, belki de devletin \u00f6deyece\u011fi o bedeli fazlas\u0131yla kar\u015f\u0131layacak.<\/p>\n<h2>Elektrik t\u00fcketimini saya\u00e7la azaltanlara kar\u015f\u0131 dikkatli olun<\/h2>\n<p>ENERJ\u0130 Bakan\u0131 Taner Y\u0131ld\u0131z, baz\u0131 uyan\u0131klar\u0131n saya\u00e7larla oynayarak elektrik t\u00fcketimini y\u00fczde 25 azaltt\u0131\u011f\u0131n\u0131 belirterek uyard\u0131:<br \/>\n&#8211; Vatanda\u015f, bu t\u00fcr tekliflere itibar etmesin. Saya\u00e7la oynayarak y\u00fczde 25 daha az elektrik t\u00fcketiyormu\u015f gibi g\u00f6r\u00fcnenleri rahatl\u0131kla tesbit edebiliyoruz. Onlara ka\u00e7ak\u00e7\u0131l\u0131k i\u015flemi yap\u0131yoruz.<br \/>\n&#8211; Bu i\u015fi yapan<br \/>\n\u00e7ok mu?<br \/>\n&#8211; \u00d6n\u00fcn\u00fc kesmesek bu konuda bir sekt\u00f6r olu\u015fabilir. Bu yola ba\u015fvuran abone oran\u0131 y\u00fczde 3-5 dolay\u0131nda.<\/p>\n<p>Yazan: Vahap MUNYAR<\/p>\n<p>Kaynak: <a href=\"http:\/\/enerjienstitusu.com\/2013\/05\/01\/kose-yazisi-eski-beyaz-esyani-enerji-tasarruflu-olan-yenisiyle-degistir-destegi-geliyor\/\" target=\"_blank\">Enerji Enstit\u00fcs\u00fc<\/a><\/p>","protected":false},"excerpt":{"rendered":"<p>Sorry, this entry is only available in Turkish. For the sake of viewer convenience, the content is shown below in the alternative language. You may click the link to switch the active language.GE\u00c7EN pazar sabah\u0131 saat 08.00\u2026 Malatya\u2019daki Anemon Otel\u2019de Enerji ve Tabii Kaynaklar Bakan\u0131 Taner Y\u0131ld\u0131z\u2019dan elektrik tasarrufuna d\u00f6n\u00fck ad\u0131mlar\u0131 dinliyoruz. Masada Malatya Valisi [&hellip;]<\/p>\n","protected":false},"author":1,"featured_media":10364,"comment_status":"open","ping_status":"open","sticky":false,"template":"","format":"standard","meta":[],"categories":[53,52],"tags":[4997,104,63,67,1530,103,12],"views":769,"_links":{"self":[{"href":"https:\/\/www.enerjigazetesi.ist\/en\/wp-json\/wp\/v2\/posts\/10363"}],"collection":[{"href":"https:\/\/www.enerjigazetesi.ist\/en\/wp-json\/wp\/v2\/posts"}],"about":[{"href":"https:\/\/www.enerjigazetesi.ist\/en\/wp-json\/wp\/v2\/types\/post"}],"author":[{"embeddable":true,"href":"https:\/\/www.enerjigazetesi.ist\/en\/wp-json\/wp\/v2\/users\/1"}],"replies":[{"embeddable":true,"href":"https:\/\/www.enerjigazetesi.ist\/en\/wp-json\/wp\/v2\/comments?post=10363"}],"version-history":[{"count":3,"href":"https:\/\/www.enerjigazetesi.ist\/en\/wp-json\/wp\/v2\/posts\/10363\/revisions"}],"predecessor-version":[{"id":10366,"href":"https:\/\/www.enerjigazetesi.ist\/en\/wp-json\/wp\/v2\/posts\/10363\/revisions\/10366"}],"wp:featuredmedia":[{"embeddable":true,"href":"https:\/\/www.enerjigazetesi.ist\/en\/wp-json\/wp\/v2\/media\/10364"}],"wp:attachment":[{"href":"https:\/\/www.enerjigazetesi.ist\/en\/wp-json\/wp\/v2\/media?parent=10363"}],"wp:term":[{"taxonomy":"category","embeddable":true,"href":"https:\/\/www.enerjigazetesi.ist\/en\/wp-json\/wp\/v2\/categories?post=10363"},{"taxonomy":"post_tag","embeddable":true,"href":"https:\/\/www.enerjigazetesi.ist\/en\/wp-json\/wp\/v2\/tags?post=10363"}],"curies":[{"name":"wp","href":"https:\/\/api.w.org\/{rel}","templated":true}]}}