{"id":10360,"date":"2013-05-02T09:03:08","date_gmt":"2013-05-02T06:03:08","guid":{"rendered":"https:\/\/www.enerjigazetesi.ist\/?p=10360"},"modified":"2013-05-02T09:03:08","modified_gmt":"2013-05-02T06:03:08","slug":"kurulu-guc-ilk-ceyrekte-736-mw-artti","status":"publish","type":"post","link":"https:\/\/www.enerjigazetesi.ist\/en\/kurulu-guc-ilk-ceyrekte-736-mw-artti\/","title":{"rendered":"(Turkish) Kurulu G\u00fc\u00e7 \u0130lk \u00c7eyrekte 736 MW Artt\u0131"},"content":{"rendered":"<p class=\"qtranxs-available-languages-message qtranxs-available-languages-message-en\">Sorry, this entry is only available in <a href=\"https:\/\/www.enerjigazetesi.ist\/tr\/wp-json\/wp\/v2\/posts\/10360\" class=\"qtranxs-available-language-link qtranxs-available-language-link-tr\" title=\"Turkish\">Turkish<\/a>. For the sake of viewer convenience, the content is shown below in the alternative language. You may click the link to switch the active language.<\/p><p><strong>2013&#8217;\u00fcn ilk \u00e7eyre\u011finde T\u00fcrkiye&#8217;nin elektrik \u00fcretim kapasitesinin 735.946 MW d\u00fczeyinde artt\u0131\u011f\u0131 a\u00e7\u0131kland\u0131.<\/strong><\/p>\n<p>Enerji Bakanl\u0131\u011f\u0131 taraf\u0131n<a href=\"https:\/\/www.enerjigazetesi.ist\/wp-content\/uploads\/2013\/05\/kurulu-guc-enerji-uretim-kapasitesi.jpg\"><img loading=\"lazy\" class=\"alignleft size-medium wp-image-10361\" title=\"kurulu-guc-enerji-uretim-kapasitesi\" src=\"https:\/\/www.enerjigazetesi.ist\/wp-content\/uploads\/2013\/05\/kurulu-guc-enerji-uretim-kapasitesi-300x194.jpg\" alt=\"\" width=\"300\" height=\"194\" srcset=\"https:\/\/www.enerjigazetesi.ist\/wp-content\/uploads\/2013\/05\/kurulu-guc-enerji-uretim-kapasitesi-300x194.jpg 300w, https:\/\/www.enerjigazetesi.ist\/wp-content\/uploads\/2013\/05\/kurulu-guc-enerji-uretim-kapasitesi-77x50.jpg 77w, https:\/\/www.enerjigazetesi.ist\/wp-content\/uploads\/2013\/05\/kurulu-guc-enerji-uretim-kapasitesi.jpg 385w\" sizes=\"(max-width: 300px) 100vw, 300px\" \/><\/a>dan a\u00e7\u0131klanan verilere g\u00f6re 2013&#8217;\u00fcn ilk \u00fc\u00e7 ay\u0131nda yat\u0131r\u0131m\u0131 tamamlanan veya \u00fcretim kapasitesi artan santral say\u0131s\u0131 52 olarak ger\u00e7ekle\u015fti.<\/p>\n<p>Bu d\u00f6nemde artan kurulu g\u00fc\u00e7te termik santrallerin pay\u0131 125.129 MW, hidroelektrik santrallerin 482.630 MW, r\u00fczgar enerjisi santrallerinin ise 106.950 MW oldu. Ayn\u0131 d\u00f6nemde \u00e7\u00f6p, biyok\u00fctle, at\u0131k \u0131s\u0131 ve jeotermal santralleri kaynakl\u0131 g\u00fc\u00e7 art\u0131\u015f\u0131 ise 21.237 MW oldu.<\/p>\n<p>Bakanl\u0131\u011f\u0131n verilerine g\u00f6re 2012 y\u0131l\u0131nda T\u00fcrkiye&#8217;nin elektrik \u00fcretim kapasitesi 4,192.033 MW d\u00fczeyinde artm\u0131\u015ft\u0131. Bu g\u00fc\u00e7 art\u0131\u015f\u0131nda termik santrallerin pay\u0131 1,011.299 MW, hidroelektrik santrallerin pay\u0131 2,482.163 MW, r\u00fczgar enerjisi santrallerin pay\u0131 ise 531.850 MW olmu\u015ftu.<\/p>\n<p>Kaynak: <a href=\"http:\/\/www.yesilekonomi.com\/yenilenebilir-enerji\/kurulu-guc-ilk-ceyrekte-736-mw-artti\" target=\"_blank\">Ye\u015fil Ekonomi<\/a><\/p>","protected":false},"excerpt":{"rendered":"<p>Sorry, this entry is only available in Turkish. For the sake of viewer convenience, the content is shown below in the alternative language. You may click the link to switch the active language.2013&#8217;\u00fcn ilk \u00e7eyre\u011finde T\u00fcrkiye&#8217;nin elektrik \u00fcretim kapasitesinin 735.946 MW d\u00fczeyinde artt\u0131\u011f\u0131 a\u00e7\u0131kland\u0131. Enerji Bakanl\u0131\u011f\u0131 taraf\u0131ndan a\u00e7\u0131klanan verilere g\u00f6re 2013&#8217;\u00fcn ilk \u00fc\u00e7 ay\u0131nda yat\u0131r\u0131m\u0131 [&hellip;]<\/p>\n","protected":false},"author":1,"featured_media":10361,"comment_status":"open","ping_status":"open","sticky":false,"template":"","format":"standard","meta":[],"categories":[51,53,47,48,50],"tags":[1674,1678,4994,4996,19,4993,63,67,35370,3239,4995,16,2262],"views":890,"_links":{"self":[{"href":"https:\/\/www.enerjigazetesi.ist\/en\/wp-json\/wp\/v2\/posts\/10360"}],"collection":[{"href":"https:\/\/www.enerjigazetesi.ist\/en\/wp-json\/wp\/v2\/posts"}],"about":[{"href":"https:\/\/www.enerjigazetesi.ist\/en\/wp-json\/wp\/v2\/types\/post"}],"author":[{"embeddable":true,"href":"https:\/\/www.enerjigazetesi.ist\/en\/wp-json\/wp\/v2\/users\/1"}],"replies":[{"embeddable":true,"href":"https:\/\/www.enerjigazetesi.ist\/en\/wp-json\/wp\/v2\/comments?post=10360"}],"version-history":[{"count":1,"href":"https:\/\/www.enerjigazetesi.ist\/en\/wp-json\/wp\/v2\/posts\/10360\/revisions"}],"predecessor-version":[{"id":10362,"href":"https:\/\/www.enerjigazetesi.ist\/en\/wp-json\/wp\/v2\/posts\/10360\/revisions\/10362"}],"wp:featuredmedia":[{"embeddable":true,"href":"https:\/\/www.enerjigazetesi.ist\/en\/wp-json\/wp\/v2\/media\/10361"}],"wp:attachment":[{"href":"https:\/\/www.enerjigazetesi.ist\/en\/wp-json\/wp\/v2\/media?parent=10360"}],"wp:term":[{"taxonomy":"category","embeddable":true,"href":"https:\/\/www.enerjigazetesi.ist\/en\/wp-json\/wp\/v2\/categories?post=10360"},{"taxonomy":"post_tag","embeddable":true,"href":"https:\/\/www.enerjigazetesi.ist\/en\/wp-json\/wp\/v2\/tags?post=10360"}],"curies":[{"name":"wp","href":"https:\/\/api.w.org\/{rel}","templated":true}]}}