{"id":103585,"date":"2019-11-27T15:15:00","date_gmt":"2019-11-27T12:15:00","guid":{"rendered":"https:\/\/www.enerjigazetesi.ist\/?p=103585"},"modified":"2019-11-27T15:15:09","modified_gmt":"2019-11-27T12:15:09","slug":"90-ulke-istanbuldaki-bogazici-zirvesinde-bir-araya-geldi","status":"publish","type":"post","link":"https:\/\/www.enerjigazetesi.ist\/en\/90-ulke-istanbuldaki-bogazici-zirvesinde-bir-araya-geldi\/","title":{"rendered":"(Turkish) 90 \u00dclke \u0130stanbul\u2019daki &#8216;Bo\u011fazi\u00e7i Zirvesi&#8217;nde Bir Araya Geldi"},"content":{"rendered":"<p class=\"qtranxs-available-languages-message qtranxs-available-languages-message-en\">Sorry, this entry is only available in <a href=\"https:\/\/www.enerjigazetesi.ist\/tr\/wp-json\/wp\/v2\/posts\/103585\" class=\"qtranxs-available-language-link qtranxs-available-language-link-tr\" title=\"Turkish\">Turkish<\/a>. For the sake of viewer convenience, the content is shown below in the alternative language. You may click the link to switch the active language.<\/p><p><\/p>\n<h1><strong>10&#8217;uncu Bo\u011fazi\u00e7i Zirvesi, 90 \u00fclkeden 3 bini a\u015fk\u0131n kat\u0131l\u0131mc\u0131y\u0131 \u0130stanbul&#8217;da bir araya getirdi. &#8220;Yeni Bir D\u00fcnya D\u00fczenine Do\u011fru&#8221; temas\u0131 ile bug\u00fcn ba\u015flayan ve 29 Kas\u0131m&#8217;a kadar s\u00fcrecek zirvenin a\u00e7\u0131l\u0131\u015f konulmas\u0131n\u0131 yapan Uluslararas\u0131 \u0130\u015fbirli\u011fi Platformu (U\u0130P) Kurucusu Cengiz \u00d6zgencil, \u00f6nceki 9 y\u0131lda oldu\u011fu gibi bu sene de \u0130stanbul\u2019dan, Bo\u011fazi\u00e7i Zirvesi\u2019nden \u00e7\u0131kacak t\u00fcm \u00e7\u00f6z\u00fcm odakl\u0131 d\u00fc\u015f\u00fcncelerin d\u00fcnyaya yay\u0131lmas\u0131n\u0131 diledi\u011fini kaydetti. \u0130spanya eski Ba\u015fbakan\u0131 Rodriguez Zapatero da &#8220;Bu b\u00f6lgede gelecekten s\u00f6z edeceksek T\u00fcrkiye&#8217;nin rol\u00fc \u00e7ok \u00e7ok \u00f6nemli&#8221; dedi. <\/strong><\/h1>\n<p><strong>&#8220;Yeni Bir D\u00fcnya D\u00fczenine Do\u011fru&#8221;<\/strong> temas\u0131 ile bug\u00fcn <strong>\u00c7\u0131ra\u011fan Saray\u0131&#8217;nda<\/strong> ba\u015flayan ve <strong>3 g\u00fcn<\/strong> boyunca devam edecek <strong>Bo\u011fazi\u00e7i Zirvesi&#8217;nde<\/strong> d\u00fczenlenecek <strong>32 panelde<\/strong> \u00e7o\u011funlu\u011fu yabanc\u0131 devlet adamlar\u0131, akademisyenler, b\u00fcrokratlar ve i\u015f insanlar\u0131ndan olu\u015fan <strong>130&#8217;dan<\/strong> fazla konu\u015fmac\u0131 yer alacak. Almanya&#8217;n\u0131n eski Cumhurba\u015fkan\u0131 <strong>Christian Wulff<\/strong>, \u0130spanya eski Ba\u015fbakan\u0131 <strong>Rodriguez Zapatero<\/strong> ve <img loading=\"lazy\" class=\"alignright wp-image-103589\" src=\"https:\/\/www.enerjigazetesi.ist\/wp-content\/uploads\/2019\/11\/90-ulke-istanbuldaki-bogazici-zirvesinde-bir-araya-geldi-1.jpg\" alt=\"\" width=\"320\" height=\"205\" srcset=\"https:\/\/www.enerjigazetesi.ist\/wp-content\/uploads\/2019\/11\/90-ulke-istanbuldaki-bogazici-zirvesinde-bir-araya-geldi-1.jpg 763w, https:\/\/www.enerjigazetesi.ist\/wp-content\/uploads\/2019\/11\/90-ulke-istanbuldaki-bogazici-zirvesinde-bir-araya-geldi-1-300x192.jpg 300w, https:\/\/www.enerjigazetesi.ist\/wp-content\/uploads\/2019\/11\/90-ulke-istanbuldaki-bogazici-zirvesinde-bir-araya-geldi-1-500x320.jpg 500w, https:\/\/www.enerjigazetesi.ist\/wp-content\/uploads\/2019\/11\/90-ulke-istanbuldaki-bogazici-zirvesinde-bir-araya-geldi-1-78x50.jpg 78w\" sizes=\"(max-width: 320px) 100vw, 320px\" \/>Kolombiya eski Ba\u015fkan\u0131 <strong>Andres Pastrana Arango<\/strong> gibi isimlerin yan\u0131nda mevcut devlet ba\u015fkanlar\u0131, bakanlar, prensler ve \u00f6nemli b\u00fcrokratlarla birlikte toplamda <strong>3 bin ki\u015fiden<\/strong> fazla kat\u0131l\u0131mc\u0131 zirvede bulu\u015facak.<\/p>\n<h2><strong>D\u00dcNYA YEN\u0130 B\u0130R D\u00dcZENE G\u0130D\u0130YOR<\/strong><\/h2>\n<p>Zirvenin a\u00e7\u0131l\u0131\u015f konu\u015fmas\u0131n\u0131 yapan <strong>Uluslararas\u0131 \u0130\u015fbirli\u011fi Platformu (U\u0130P)<\/strong> Kurucusu <strong>Cengiz \u00d6zgencil<\/strong>, bug\u00fcn i\u00e7inde oldu\u011fumuz <strong>ekonomik <\/strong>ve<strong> siyasi<\/strong> problemlerin jeopolitik konumundan \u00f6t\u00fcr\u00fc sadece T\u00fcrkiye\u2019yi ve kom\u015fular\u0131n\u0131 de\u011fil t\u00fcm d\u00fcnyay\u0131 etkiledi\u011fini kaydetti.<\/p>\n<p>D\u00fcnyan\u0131n yeni bir d\u00fczene ve toplumsall\u0131\u011fa do\u011fru gitti\u011fini ifade eden \u00d6zgencil, &#8220;Daha e\u015fitlik\u00e7i, hukuk devletini g\u00f6z ard\u0131 etmeyen, ekolojik vaziyete dikkat eden, do\u011fan\u0131n ya\u011fmalanmas\u0131na izin vermeyen ve a\u015f\u0131r\u0131 t\u00fcketimden ka\u00e7an bir d\u00fc\u015f\u00fcnce bi\u00e7imi, yeni <strong>toplumsal duyarl\u0131l\u0131\u011f\u0131<\/strong> bizlere hissettiriyor. Biz de \u00f6n\u00fcm\u00fczdeki 3 g\u00fcn boyunca 30\u2019u a\u015fk\u0131n panelde \u00e7ok de\u011ferli siyaset\u00e7iler, d\u00fc\u015f\u00fcn\u00fcrler, i\u015f insanlar\u0131 ve medya mensuplar\u0131yla Yeni D\u00fcnya D\u00fczeni\u2019ne dair fikirler \u00fcretmeyi hedefliyoruz. <strong>Bo\u011fazi\u00e7i Zirvesi<\/strong> olarak ge\u00e7ti\u011fimiz y\u0131llarda da <strong>D\u00fcnya Bar\u0131\u015f\u0131\u2019na<\/strong> dair pek \u00e7ok \u00f6nemli payla\u015f\u0131mlarda bulunulmas\u0131na vesile olduk. <strong>10\u2019uncu y\u0131l\u0131m\u0131z\u0131<\/strong> ger\u00e7ekle\u015ftiriyor olman\u0131n mutlulu\u011fuyla, bu sene de \u0130stanbul\u2019dan, Bo\u011fazi\u00e7i Zirvesi\u2019nden \u00e7\u0131kacak t\u00fcm \u00e7\u00f6z\u00fcm odakl\u0131 d\u00fc\u015f\u00fcncelerin d\u00fcnyaya yay\u0131lmas\u0131n\u0131 diliyorum.&#8221; dedi.<\/p>\n<h2><strong>B\u0130ZLER DAHA FAZLA DAYANI\u015eMA \u0130\u00c7ER\u0130S\u0130NDE OLMALIYIZ<\/strong><\/h2>\n<p><strong>T\u00fcrkiye \u0130hracat\u00e7\u0131lar Meclisi (T\u0130M)<\/strong> Ba\u015fkan\u0131 \u0130smail G\u00fclle, Bo\u011fazi\u00e7i Zirvesi&#8217;nin t\u00fcm k\u00fclt\u00fcrleri kucaklayan vizyonu ile i\u00e7erisinde ya\u015fad\u0131\u011f\u0131m\u0131z co\u011frafyan\u0131n gelece\u011fi ad\u0131na b\u00fcy\u00fck bir de\u011fer olu\u015fturdu\u011funu s\u00f6yledi. Zirvede \u201cYeni D\u00fcnya D\u00fczenine Do\u011fru\u201d gelece\u011fimizi her boyutu ile tart\u0131\u015f\u0131p \u00e7\u00f6z\u00fcmler ortaya koyaca\u011f\u0131m\u0131z bir ekosistem olu\u015fturacaklar\u0131n\u0131 kaydeden G\u00fclle, <span style=\"text-decoration: underline;\">s\u00f6zlerini \u015f\u00f6yle s\u00fcrd\u00fcrd\u00fc:<\/span><\/p>\n<p>&#8220;Asl\u0131nda buna mecburuz. \u00c7\u00fcnk\u00fc k\u00fcresel \u015fartlar\u0131n geldi\u011fi nokta art\u0131k bizlerin daha fazla dayan\u0131\u015fma i\u00e7erisinde hareket etmesini, ba\u015fkalar\u0131n\u0131n de\u011fil, kendi ajandam\u0131z\u0131 olu\u015fturmam\u0131z\u0131n gereklili\u011fini \u00f6ne \u00e7\u0131kart\u0131yor. Cumhurba\u015fkan\u0131 Recep Tayyip Erdo\u011fan\u2019\u0131n <strong>Birle\u015fmi\u015f Milletler Toplant\u0131s\u0131<\/strong>\u2019nda vurgulam\u0131\u015f oldu\u011fu \u201cD\u00fcnya 5\u2019ten b\u00fcy\u00fckt\u00fcr!\u201d s\u00f6z\u00fc tam da bu gereklili\u011fin alt\u0131n\u0131 \u00e7iziyor. Bu zirvede k\u00fcreselle\u015fme ve g\u00f6\u00e7ten <strong>enerji arz\u0131n\u0131n g\u00fcvenli\u011fine<\/strong> ve gelece\u011fine, <strong>dijital d\u00f6n\u00fc\u015f\u00fcm <\/strong>ve<strong> inovasyondan<\/strong> finansal devrimlere, hayat\u0131m\u0131za giren yarat\u0131c\u0131 y\u0131k\u0131mdan k\u00fcresel ticaretin gelece\u011fine kadar bir \u00e7ok konuyu ele alaca\u011f\u0131z.&#8221;<\/p>\n<p><strong>K\u00fcresel ticarette dijitalle\u015fme<\/strong> ve lojisti\u011fin yeni bir boyuta ge\u00e7ti\u011fi bir d\u00f6nemde ya\u015fad\u0131\u011f\u0131m\u0131z\u0131 ifade eden G\u00fclle, &#8220;\u00c7in\u2019in ba\u015flatm\u0131\u015f oldu\u011fu <strong>1 Ku\u015fak 1 Yol Projesi<\/strong>, Avrasya B\u00f6lgesini ve bilhassa T\u00fcrkiye\u2019yi co\u011frafi anlamda <strong>k\u00fcresel ticaretin<\/strong> en \u00f6nemli odak noktalar\u0131ndan biri haline getiriyor. <strong>Demiryolu ta\u015f\u0131mac\u0131l\u0131\u011f\u0131<\/strong>nda da \u00f6nemli geli\u015fmelere \u015fahitlik ediyoruz. <strong>Bak\u00fc-Tiflis-Kars Hatt\u0131<\/strong> ile birlikte <strong>\u0130pek Yolu<\/strong> tekrar hayata d\u00f6nm\u00fc\u015ft\u00fc. Ge\u00e7ti\u011fimiz g\u00fcnlerde, <strong>\u00c7in\u2019den<\/strong> yola \u00e7\u0131kan ilk y\u00fck treni Chang\u2019an\u2019\u0131n iki k\u0131tay\u0131 birbirine ba\u011flayan Marmaray\u2019dan ge\u00e7erek Avrupa\u2019ya do\u011fru yoluna devam etmesi, demiryolu y\u00fck ta\u015f\u0131mac\u0131l\u0131\u011f\u0131nda da tarihi bir d\u00f6n\u00fcm noktas\u0131 oldu. \u201cT\u00fcrk ak\u0131m\u0131\u201d projesi ile birlikte, Asya\u2019dan Avrupa\u2019ya a\u00e7\u0131lan yeni bir <strong>enerji koridoru olu\u015fturulmu\u015f<\/strong> durumda. Akdeniz\u2019de, Ortado\u011fu\u2019da ve Kafkasya b\u00f6lgelerinde, <strong>enerji alan\u0131nda yap\u0131lan at\u0131l\u0131mlar<\/strong>, b\u00f6lgemizin <strong>enerji koridoru olmas<\/strong>\u0131 anlam\u0131nda da bir \u00e7ok f\u0131rsat\u0131 beraberinde getiriyor.&#8221; dedi.<\/p>\n<h2><strong>B\u00d6LGEDE T\u00dcRK\u0130YE&#8217;N\u0130N ROL\u00dc \u00c7OK \u00d6NEML\u0130<\/strong><\/h2>\n<p>\u0130spanya eski Ba\u015fbakan\u0131 <strong>Rodriguez Zapatero<\/strong>, g\u00fcvenlik ve huzur i\u00e7in Ortado\u011fu&#8217;daki istikrar sorununun \u00e7\u00f6z\u00fclmesi gerekti\u011fini belirtti. T\u00fcrkiye&#8217;nin <strong>\u00e7ok aktif ve g\u00fc\u00e7l\u00fc bir oyuncu<\/strong> oldu\u011funu ve bunu m\u00fclteciler krizinde oynad\u0131\u011f\u0131 rolle g\u00f6sterdi\u011fini kaydeden Zapatero, &#8220;Bu b\u00f6lgede gelecekten s\u00f6z edeceksek T\u00fcrkiye&#8217;nin rol\u00fc \u00e7ok \u00e7ok \u00f6nemli&#8221; dedi. Zapatero, \u015f\u00f6yle konu\u015ftu:<\/p>\n<p>&#8220;Art\u0131k <strong>siyasette k\u00fcreselle\u015fme<\/strong> var ve k\u00fcresel \u00e7apta i\u015fbirli\u011fi \u00e7ok \u00f6nemli ama son <strong>10 y\u0131lda<\/strong> g\u00fc\u00e7 kaybetti. Ancak bizim \u00e7ok aktif bir rol oynamam\u0131z laz\u0131m. K\u00fcreselle\u015fme her zaman olacak ve bundan ka\u00e7man\u0131n yolu yok. <em>K\u00fcreselle\u015fme, artan ileti\u015fim, inovasyon ve geli\u015fen teknoloji<\/em> ile ka\u00e7\u0131n\u0131lmaz olarak hayat\u0131m\u0131z\u0131n i\u00e7inde. \u0130lerleme a\u00e7\u0131s\u0131ndan bu \u00e7ok \u00f6nemli bir kald\u0131ra\u00e7. \u0130nsanlar aras\u0131ndaki ba\u011flant\u0131 ve ileti\u015fim artt\u0131\u011f\u0131nda \u00fclkeler aras\u0131ndaki ili\u015fkiler de geli\u015fiyor ve \u00e7oklu i\u015fbirlikleri ka\u00e7\u0131n\u0131lmaz oluyor. B\u00fcy\u00fck sorunlara \u00e7\u00f6z\u00fcm bulabilmek i\u00e7in b\u00fct\u00fcn milletlerin aktif bir rol oynamas\u0131 gerekiyor. <strong>Bar\u0131\u015f\u0131n tesis edilmesi<\/strong> konusunda b\u00fct\u00fcn \u00fclkeler irade g\u00f6stermeli. \u00dclkeler olarak taahh\u00fctte bulunmal\u0131y\u0131z, <strong>n\u00fckleer silahs\u0131zlanmaya<\/strong> kar\u015f\u0131 durmam\u0131z gerekiyor.&#8221;<\/p>\n<p>B\u00fcy\u00fck g\u00fc\u00e7lerin duru\u015funun kendisini endi\u015felendirdi\u011fini ifade eden Zapatero, &#8220;Do\u011fu ile bat\u0131 aras\u0131nda bir denge olmal\u0131. \u00c7in&#8217;de \u00e7ok b\u00fcy\u00fck bir d\u00f6n\u00fc\u015f\u00fcm var. \u00c7in art\u0131k bir lider ve bu konumunu koruyacak. Asya&#8217;da da refah\u0131n artmas\u0131 s\u00f6z konusu. \u00d6zellikle <strong>ABD<\/strong> bunu anlamal\u0131, d\u00fcnya \u00e7ok kutuplu bir d\u00fcnya. Art\u0131k tek bir siyasinin ve vizyonunun s\u00f6z konusu olmad\u0131\u011f\u0131n\u0131 g\u00f6rmek gerekiyor. Biz \u00e7ok kutuplu bir d\u00fcnyada ya\u015f\u0131yoruz.&#8221; dedi.<\/p>\n<h2><strong>DO\u011eU AKDEN\u0130Z&#8217;DE HAKLARIMIZ \u0130ST\u0130SMAR ED\u0130L\u0130YOR <\/strong><\/h2>\n<p>KKTC Ba\u015fbakan\u0131 <strong>Ersin Tatar<\/strong> da yapt\u0131\u011f\u0131 konu\u015fmada, &#8220;Bar\u0131\u015f, istikrar s\u00fcrd\u00fcr\u00fclebilirlik istiyorsak daha anlay\u0131\u015fl\u0131 ve \u00f6zenli olmal\u0131y\u0131z. B\u00fcy\u00fck liderler, \u00fclkeler, daha g\u00fc\u00e7l\u00fcler daha anlay\u0131\u015fl\u0131 olmal\u0131 ki daha adil bir d\u00fcnya olu\u015fsun. D\u00fcnyam\u0131z\u0131n kar\u015f\u0131la\u015faca\u011f\u0131 bir felaket var, ger\u00e7ek anlamda \u00f6nlem al\u0131nmazsa <strong>100 sene sonra<\/strong> \u00f6yle bir afetle kar\u015f\u0131 kar\u015f\u0131ya olaca\u011f\u0131z ki bunu kald\u0131ramay\u0131z&#8221; dedi.<\/p>\n<p>K\u0131br\u0131s&#8217;\u0131n kaynaklar\u0131n\u0131n da <strong>G\u00fcney <\/strong>ve<strong> Kuzey<\/strong> aras\u0131nda <strong>e\u015fit b\u00f6l\u00fc\u015f\u00fclmesi<\/strong> gerekti\u011fini belirten Tatar, &#8220;Tarihi ve siyasi sebeplerden dolay\u0131 G\u00fcney K\u0131br\u0131s tan\u0131nd\u0131\u011f\u0131ndan, devam eden anla\u015fmalara, denge kurma gayretlerine ve yeni kaynaklar\u0131n da\u011f\u0131t\u0131m\u0131ndaki \u00e7abalara ra\u011fmen bu kaynaklar Rumlar taraf\u0131ndan istismar ediliyor. Bu faaliyetleri birlikte organize etmek i\u00e7in <strong>K\u0131br\u0131sl\u0131 T\u00fcrklerin<\/strong> bir komitesi olmal\u0131. Ama kom\u015fumuz g\u00fc\u00e7l\u00fc devletlerin deste\u011fi ile bunu reddediyor. <strong>Do\u011fu Akdeniz\u2019de<\/strong> bizim haklar\u0131m\u0131z istismar ediliyor. Yeni d\u00fcnya d\u00fczeninde <strong>bar\u0131\u015f ve istikrar<\/strong> i\u00e7in bizim bu ger\u00e7eklerin kabul\u00fcne ihtiyac\u0131m\u0131z var. Aksi takdirde <strong>istikrars\u0131zl\u0131k dengesizlik<\/strong> olabilir.&#8221; diye konu\u015ftu.<\/p>","protected":false},"excerpt":{"rendered":"<p>Sorry, this entry is only available in Turkish. For the sake of viewer convenience, the content is shown below in the alternative language. You may click the link to switch the active language. 10&#8217;uncu Bo\u011fazi\u00e7i Zirvesi, 90 \u00fclkeden 3 bini a\u015fk\u0131n kat\u0131l\u0131mc\u0131y\u0131 \u0130stanbul&#8217;da bir araya getirdi. &#8220;Yeni Bir D\u00fcnya D\u00fczenine Do\u011fru&#8221; temas\u0131 ile bug\u00fcn ba\u015flayan [&hellip;]<\/p>\n","protected":false},"author":1,"featured_media":103590,"comment_status":"open","ping_status":"open","sticky":false,"template":"","format":"standard","meta":[],"categories":[53],"tags":[61703,61706,27358,61699,57479,61708,31910,3885,61702,61707,52259,55492,3008,61704,38359,1967,61705,27057,37965,61700,61698,61701,61697],"views":490,"_links":{"self":[{"href":"https:\/\/www.enerjigazetesi.ist\/en\/wp-json\/wp\/v2\/posts\/103585"}],"collection":[{"href":"https:\/\/www.enerjigazetesi.ist\/en\/wp-json\/wp\/v2\/posts"}],"about":[{"href":"https:\/\/www.enerjigazetesi.ist\/en\/wp-json\/wp\/v2\/types\/post"}],"author":[{"embeddable":true,"href":"https:\/\/www.enerjigazetesi.ist\/en\/wp-json\/wp\/v2\/users\/1"}],"replies":[{"embeddable":true,"href":"https:\/\/www.enerjigazetesi.ist\/en\/wp-json\/wp\/v2\/comments?post=103585"}],"version-history":[{"count":0,"href":"https:\/\/www.enerjigazetesi.ist\/en\/wp-json\/wp\/v2\/posts\/103585\/revisions"}],"wp:featuredmedia":[{"embeddable":true,"href":"https:\/\/www.enerjigazetesi.ist\/en\/wp-json\/wp\/v2\/media\/103590"}],"wp:attachment":[{"href":"https:\/\/www.enerjigazetesi.ist\/en\/wp-json\/wp\/v2\/media?parent=103585"}],"wp:term":[{"taxonomy":"category","embeddable":true,"href":"https:\/\/www.enerjigazetesi.ist\/en\/wp-json\/wp\/v2\/categories?post=103585"},{"taxonomy":"post_tag","embeddable":true,"href":"https:\/\/www.enerjigazetesi.ist\/en\/wp-json\/wp\/v2\/tags?post=103585"}],"curies":[{"name":"wp","href":"https:\/\/api.w.org\/{rel}","templated":true}]}}