{"id":10355,"date":"2013-05-02T09:24:46","date_gmt":"2013-05-02T06:24:46","guid":{"rendered":"https:\/\/www.enerjigazetesi.ist\/?p=10355"},"modified":"2013-05-02T10:24:16","modified_gmt":"2013-05-02T07:24:16","slug":"enerji-hanim-1-mayista-karstaydi","status":"publish","type":"post","link":"https:\/\/www.enerjigazetesi.ist\/en\/enerji-hanim-1-mayista-karstaydi\/","title":{"rendered":"(Turkish) \u201cEnerji Han\u0131m\u201d 1 May\u0131s\u2019ta Kars\u2019tayd\u0131&#8230;"},"content":{"rendered":"<p class=\"qtranxs-available-languages-message qtranxs-available-languages-message-en\">Sorry, this entry is only available in <a href=\"https:\/\/www.enerjigazetesi.ist\/tr\/wp-json\/wp\/v2\/posts\/10355\" class=\"qtranxs-available-language-link qtranxs-available-language-link-tr\" title=\"Turkish\">Turkish<\/a>. For the sake of viewer convenience, the content is shown below in the alternative language. You may click the link to switch the active language.<\/p><p><strong>Enerji verimlili\u011finin sa\u011flanmas\u0131 ve bireylere anlat\u0131lmas\u0131n\u0131 ama\u00e7layan ilk toplumsal proje olan \u201cEnerji Han\u0131m\u201d il il gezerek enerji verimlili\u011fi konusunda bilgilendirmeye devam ediyor.<a href=\"https:\/\/www.enerjigazetesi.ist\/wp-content\/uploads\/2013\/05\/enerji_hanim_1_mayista_karsta_olacak_h493059.jpg\"><img loading=\"lazy\" class=\"alignright size-medium wp-image-10356\" title=\"enerji_hanim_1_mayista_karsta_olacak_h493059\" src=\"https:\/\/www.enerjigazetesi.ist\/wp-content\/uploads\/2013\/05\/enerji_hanim_1_mayista_karsta_olacak_h493059-300x186.jpg\" alt=\"\" width=\"300\" height=\"186\" srcset=\"https:\/\/www.enerjigazetesi.ist\/wp-content\/uploads\/2013\/05\/enerji_hanim_1_mayista_karsta_olacak_h493059-300x186.jpg 300w, https:\/\/www.enerjigazetesi.ist\/wp-content\/uploads\/2013\/05\/enerji_hanim_1_mayista_karsta_olacak_h493059-80x50.jpg 80w, https:\/\/www.enerjigazetesi.ist\/wp-content\/uploads\/2013\/05\/enerji_hanim_1_mayista_karsta_olacak_h493059.jpg 464w\" sizes=\"(max-width: 300px) 100vw, 300px\" \/><\/a><\/strong><\/p>\n<p>Aile ve Sosyal Politikalar Bakanl\u0131\u011f\u0131 ile Enerji ve Tabii Kaynaklar Bakanl\u0131\u011f\u0131 inisiyatifiyle olu\u015fturulan ve Enerji Verimlili\u011fi Derne\u011fi organizasyonuyla hayata ge\u00e7irilen proje 01 May\u0131s 2013 \u00c7ar\u015famba g\u00fcn\u00fc Kars\u2019ta tan\u0131t\u0131ld\u0131.<\/p>\n<p>Ba\u015fbakan Recep Tayyip Erdo\u011fan\u2019\u0131n e\u015fi Emine Erdo\u011fan\u2019\u0131n da destek verdi\u011fi proje; kad\u0131nlar arac\u0131l\u0131\u011f\u0131 ile evin t\u00fcm fertleri aras\u0131nda enerji verimlili\u011fi konusunda bilin\u00e7 geli\u015ftirmeyi hedefliyor.<\/p>\n<p>Enerji Verimlili\u011fi Derne\u011fi Genel Ba\u015fkan Vekili Ali Kibar ve y\u00f6netim kurulu \u00fcyelerinin de kat\u0131ld\u0131\u011f\u0131 Enerji Han\u0131m Kars program\u0131na t\u00fcm Karsl\u0131lar davet edildi.<\/p>\n<p>Kaynak: <a href=\"http:\/\/www.haber01.com\/kars\/enerji-hanim-1-mayista-karsta-olacak-h493059.html\" target=\"_blank\">Haber01<\/a><\/p>","protected":false},"excerpt":{"rendered":"<p>Sorry, this entry is only available in Turkish. For the sake of viewer convenience, the content is shown below in the alternative language. You may click the link to switch the active language.Enerji verimlili\u011finin sa\u011flanmas\u0131 ve bireylere anlat\u0131lmas\u0131n\u0131 ama\u00e7layan ilk toplumsal proje olan \u201cEnerji Han\u0131m\u201d il il gezerek enerji verimlili\u011fi konusunda bilgilendirmeye devam ediyor. Aile [&hellip;]<\/p>\n","protected":false},"author":1,"featured_media":10358,"comment_status":"open","ping_status":"open","sticky":false,"template":"","format":"standard","meta":[],"categories":[53,52],"tags":[63,67,1530,103,12,4992,793],"views":775,"_links":{"self":[{"href":"https:\/\/www.enerjigazetesi.ist\/en\/wp-json\/wp\/v2\/posts\/10355"}],"collection":[{"href":"https:\/\/www.enerjigazetesi.ist\/en\/wp-json\/wp\/v2\/posts"}],"about":[{"href":"https:\/\/www.enerjigazetesi.ist\/en\/wp-json\/wp\/v2\/types\/post"}],"author":[{"embeddable":true,"href":"https:\/\/www.enerjigazetesi.ist\/en\/wp-json\/wp\/v2\/users\/1"}],"replies":[{"embeddable":true,"href":"https:\/\/www.enerjigazetesi.ist\/en\/wp-json\/wp\/v2\/comments?post=10355"}],"version-history":[{"count":3,"href":"https:\/\/www.enerjigazetesi.ist\/en\/wp-json\/wp\/v2\/posts\/10355\/revisions"}],"predecessor-version":[{"id":10397,"href":"https:\/\/www.enerjigazetesi.ist\/en\/wp-json\/wp\/v2\/posts\/10355\/revisions\/10397"}],"wp:featuredmedia":[{"embeddable":true,"href":"https:\/\/www.enerjigazetesi.ist\/en\/wp-json\/wp\/v2\/media\/10358"}],"wp:attachment":[{"href":"https:\/\/www.enerjigazetesi.ist\/en\/wp-json\/wp\/v2\/media?parent=10355"}],"wp:term":[{"taxonomy":"category","embeddable":true,"href":"https:\/\/www.enerjigazetesi.ist\/en\/wp-json\/wp\/v2\/categories?post=10355"},{"taxonomy":"post_tag","embeddable":true,"href":"https:\/\/www.enerjigazetesi.ist\/en\/wp-json\/wp\/v2\/tags?post=10355"}],"curies":[{"name":"wp","href":"https:\/\/api.w.org\/{rel}","templated":true}]}}