{"id":103545,"date":"2019-11-27T11:55:30","date_gmt":"2019-11-27T08:55:30","guid":{"rendered":"https:\/\/www.enerjigazetesi.ist\/?p=103545"},"modified":"2019-11-27T12:11:39","modified_gmt":"2019-11-27T09:11:39","slug":"tayced-in-atik-yonetim-sektorune-yonelik-sempozyumu-28-kasim-da","status":"publish","type":"post","link":"https:\/\/www.enerjigazetesi.ist\/en\/tayced-in-atik-yonetim-sektorune-yonelik-sempozyumu-28-kasim-da\/","title":{"rendered":"(Turkish) TAY\u00c7ED&#8217;in At\u0131k Y\u00f6netim Sekt\u00f6r\u00fcne Y\u00f6nelik Sempozyumu 28 Kas\u0131m&#8217;da!"},"content":{"rendered":"<p class=\"qtranxs-available-languages-message qtranxs-available-languages-message-en\">Sorry, this entry is only available in <a href=\"https:\/\/www.enerjigazetesi.ist\/tr\/wp-json\/wp\/v2\/posts\/103545\" class=\"qtranxs-available-language-link qtranxs-available-language-link-tr\" title=\"Turkish\">Turkish<\/a>. For the sake of viewer convenience, the content is shown below in the alternative language. You may click the link to switch the active language.<\/p><p><\/p>\n<h1><strong>At\u0131klar\u0131n y\u00f6netilmesi alanlar\u0131nda faaliyet g\u00f6steren lisansl\u0131 firmalar\u0131n bir araya gelerek, \u00fclkemizde \u00e7evre duyarl\u0131l\u0131\u011f\u0131n\u0131 art\u0131rmak, at\u0131k y\u00f6netimi sekt\u00f6r\u00fcn\u00fc geli\u015ftirmek, rekabet hukukuna ve mevzuata uygun olarak \u00fcyeler aras\u0131nda i\u015fbirli\u011fi ve dayan\u0131\u015fmay\u0131 geli\u015ftirmek, s\u00fcrd\u00fcr\u00fclebilirlik ilkeleri \u00e7er\u00e7evesinde, etkin at\u0131k y\u00f6netimi uygulamalar\u0131n\u0131n yayg\u0131nla\u015ft\u0131r\u0131lmas\u0131na y\u00f6nelik \u00e7al\u0131\u015fmalar yapmak amac\u0131yla kurulan TAY\u00c7ED, \u201cAt\u0131k Y\u00f6netim Sekt\u00f6r\u00fcnde <img loading=\"lazy\" class=\"alignright wp-image-103548\" src=\"https:\/\/www.enerjigazetesi.ist\/wp-content\/uploads\/2019\/11\/tayced-sempozyum2019-popup.jpg\" alt=\"\" width=\"310\" height=\"465\" srcset=\"https:\/\/www.enerjigazetesi.ist\/wp-content\/uploads\/2019\/11\/tayced-sempozyum2019-popup.jpg 400w, https:\/\/www.enerjigazetesi.ist\/wp-content\/uploads\/2019\/11\/tayced-sempozyum2019-popup-200x300.jpg 200w, https:\/\/www.enerjigazetesi.ist\/wp-content\/uploads\/2019\/11\/tayced-sempozyum2019-popup-267x400.jpg 267w, https:\/\/www.enerjigazetesi.ist\/wp-content\/uploads\/2019\/11\/tayced-sempozyum2019-popup-33x50.jpg 33w\" sizes=\"(max-width: 310px) 100vw, 310px\" \/>Yerlile\u015fme ve Millile\u015fme Sempozyumu\u201d d\u00fczenliyor.<\/strong><\/h1>\n<p><strong>Yerli <\/strong>ve <strong>milli \u00fcretimi<\/strong>\u00a0destek olmak amac\u0131yla <strong>28 Kas\u0131m 2019<\/strong> tarihinde <strong>Crown Plaza \u0130stanbul Asia<\/strong>\u2019da ger\u00e7ekle\u015ftirilecek <strong>\u201cAt\u0131k Y\u00f6netim Sekt\u00f6r\u00fcnde Yerlile\u015fme ve Millile\u015fme Sempozyumu\u201dnda<\/strong>, at\u0131k y\u00f6netimi sekt\u00f6r\u00fcne de\u011fer katmak ile birlikte <strong>\u00fclkemizin geli\u015fmesi ve g\u00fc\u00e7lenmesi<\/strong> ad\u0131na i\u00e7inde bulundu\u011fumuz <strong>k\u00fcresel ve b\u00f6lgesel olaylar<\/strong> d\u00fc\u015f\u00fcn\u00fclerek her zamankinden \u00e7ok daha fazla ihtiya\u00e7 duydu\u011fumuz <strong>yerli ve milli \u00fcretimle<\/strong> ilgili konular masaya yat\u0131r\u0131lacakt\u0131r.<\/p>\n<p><strong>TAY\u00c7ED<\/strong> taraf\u0131ndan <strong>hi\u00e7bir kar amac\u0131 ta\u015f\u0131madan<\/strong> d\u00fczenlenecek olan ve <strong>\u201cAt\u0131k Y\u00f6netim Sekt\u00f6r\u00fc\u201d<\/strong> ile <strong>\u201cSanayi Sekt\u00f6r\u00fcn\u00fc\u201d<\/strong> bir araya getirmeyi hedefleyen sempozyuma <strong>\u00c7evre Bakanl\u0131\u011f\u0131, Sanayi ve Teknoloji Bakanl\u0131\u011f\u0131, Enerji ve Tabii Kaynaklar Bakanl\u0131\u011f\u0131, T\u00dcB\u0130TAK, T\u00fcrkiye Odalar ve Borsalar Birli\u011fi, Organize Sanayi B\u00f6lgeleri, Belediyeler, \u00dcniversiteler<\/strong>, sekt\u00f6rlerin ileri gelen <strong>firmalar\u0131<\/strong> ve <strong>\u00e7evre kurulu\u015flar\u0131<\/strong> kat\u0131l\u0131m sa\u011flayacakt\u0131r.<\/p>\n<p><strong>Detayl\u0131 Bilgi ve \u00dccretsiz Kay\u0131tlar \u0130\u00e7in:<\/strong>\u00a0<a href=\"http:\/\/www.tayced.org\" target=\"_blank\" rel=\"noopener\">www.tayced.org<\/a> adresini ziyaret edebilirsiniz.<\/p>","protected":false},"excerpt":{"rendered":"<p>Sorry, this entry is only available in Turkish. For the sake of viewer convenience, the content is shown below in the alternative language. You may click the link to switch the active language. At\u0131klar\u0131n y\u00f6netilmesi alanlar\u0131nda faaliyet g\u00f6steren lisansl\u0131 firmalar\u0131n bir araya gelerek, \u00fclkemizde \u00e7evre duyarl\u0131l\u0131\u011f\u0131n\u0131 art\u0131rmak, at\u0131k y\u00f6netimi sekt\u00f6r\u00fcn\u00fc geli\u015ftirmek, rekabet hukukuna ve mevzuata [&hellip;]<\/p>\n","protected":false},"author":1,"featured_media":103547,"comment_status":"open","ping_status":"open","sticky":false,"template":"","format":"standard","meta":[],"categories":[53,52],"tags":[61658,61662,61661,61659,48163,61660,61664,52259,61663,61657,39935],"views":452,"_links":{"self":[{"href":"https:\/\/www.enerjigazetesi.ist\/en\/wp-json\/wp\/v2\/posts\/103545"}],"collection":[{"href":"https:\/\/www.enerjigazetesi.ist\/en\/wp-json\/wp\/v2\/posts"}],"about":[{"href":"https:\/\/www.enerjigazetesi.ist\/en\/wp-json\/wp\/v2\/types\/post"}],"author":[{"embeddable":true,"href":"https:\/\/www.enerjigazetesi.ist\/en\/wp-json\/wp\/v2\/users\/1"}],"replies":[{"embeddable":true,"href":"https:\/\/www.enerjigazetesi.ist\/en\/wp-json\/wp\/v2\/comments?post=103545"}],"version-history":[{"count":0,"href":"https:\/\/www.enerjigazetesi.ist\/en\/wp-json\/wp\/v2\/posts\/103545\/revisions"}],"wp:featuredmedia":[{"embeddable":true,"href":"https:\/\/www.enerjigazetesi.ist\/en\/wp-json\/wp\/v2\/media\/103547"}],"wp:attachment":[{"href":"https:\/\/www.enerjigazetesi.ist\/en\/wp-json\/wp\/v2\/media?parent=103545"}],"wp:term":[{"taxonomy":"category","embeddable":true,"href":"https:\/\/www.enerjigazetesi.ist\/en\/wp-json\/wp\/v2\/categories?post=103545"},{"taxonomy":"post_tag","embeddable":true,"href":"https:\/\/www.enerjigazetesi.ist\/en\/wp-json\/wp\/v2\/tags?post=103545"}],"curies":[{"name":"wp","href":"https:\/\/api.w.org\/{rel}","templated":true}]}}