{"id":103409,"date":"2019-11-25T10:23:20","date_gmt":"2019-11-25T07:23:20","guid":{"rendered":"https:\/\/www.enerjigazetesi.ist\/?p=103409"},"modified":"2019-11-25T10:24:20","modified_gmt":"2019-11-25T07:24:20","slug":"lityum-ureticileri-elektrikli-arac-doneminin-ilk-buyuk-sikintili-doneminde","status":"publish","type":"post","link":"https:\/\/www.enerjigazetesi.ist\/en\/lityum-ureticileri-elektrikli-arac-doneminin-ilk-buyuk-sikintili-doneminde\/","title":{"rendered":"(Turkish) &#8217;Lityum \u00dcreticileri&#8217; Elektrikli Ara\u00e7 D\u00f6neminin \u0130lk B\u00fcy\u00fck S\u0131k\u0131nt\u0131l\u0131 D\u00f6neminde&#8230;"},"content":{"rendered":"<p class=\"qtranxs-available-languages-message qtranxs-available-languages-message-en\">Sorry, this entry is only available in <a href=\"https:\/\/www.enerjigazetesi.ist\/tr\/wp-json\/wp\/v2\/posts\/103409\" class=\"qtranxs-available-language-link qtranxs-available-language-link-tr\" title=\"Turkish\">Turkish<\/a>. For the sake of viewer convenience, the content is shown below in the alternative language. You may click the link to switch the active language.<\/p><p><\/p>\n<h1>Elektrikli ara\u00e7 bataryalar\u0131na y\u00f6nelik kullan\u0131lan etkin maddeleri \u00fcreten ve geli\u015fmekte olan lityum end\u00fcstrisi, iklim de\u011fi\u015fikli\u011fi ile sava\u015fmaya istekli olan yat\u0131r\u0131mc\u0131lar i\u00e7in tats\u0131z bir yara olan ilk b\u00fcy\u00fck \u00e7apl\u0131 s\u0131k\u0131nt\u0131 d\u00f6nemine giri\u015f yapt\u0131.<\/h1>\n<p><strong>Albemarle Corp (ALB.N), Tianqi Lithium Corp<\/strong> ve di\u011ferleri <strong>otomobil \u00fcreticilerinin<\/strong> ihtiya\u00e7 duydu\u011fundan daha fazla lityum \u00fcretmekteler. Canaccord verisine g\u00f6re, k\u00fcresel arz yakla\u015f\u0131k<strong> %5<\/strong> talep <img loading=\"lazy\" class=\"alignright wp-image-103411\" src=\"https:\/\/www.enerjigazetesi.ist\/wp-content\/uploads\/2019\/11\/lityum-ureticileri-elektrikli-arac-doneminin-ilk-buyuk-sikintili-doneminde.jpg\" alt=\"\" width=\"320\" height=\"179\" srcset=\"https:\/\/www.enerjigazetesi.ist\/wp-content\/uploads\/2019\/11\/lityum-ureticileri-elektrikli-arac-doneminin-ilk-buyuk-sikintili-doneminde.jpg 840w, https:\/\/www.enerjigazetesi.ist\/wp-content\/uploads\/2019\/11\/lityum-ureticileri-elektrikli-arac-doneminin-ilk-buyuk-sikintili-doneminde-300x168.jpg 300w, https:\/\/www.enerjigazetesi.ist\/wp-content\/uploads\/2019\/11\/lityum-ureticileri-elektrikli-arac-doneminin-ilk-buyuk-sikintili-doneminde-768x431.jpg 768w, https:\/\/www.enerjigazetesi.ist\/wp-content\/uploads\/2019\/11\/lityum-ureticileri-elektrikli-arac-doneminin-ilk-buyuk-sikintili-doneminde-500x280.jpg 500w, https:\/\/www.enerjigazetesi.ist\/wp-content\/uploads\/2019\/11\/lityum-ureticileri-elektrikli-arac-doneminin-ilk-buyuk-sikintili-doneminde-80x45.jpg 80w\" sizes=\"(max-width: 320px) 100vw, 320px\" \/>oran\u0131n\u0131n \u00fczerine \u00e7\u0131k\u0131yor. Jefferies\u2019e g\u00f6re, d\u00fcnyan\u0131n en b\u00fcy\u00fck <strong>EV marketi<\/strong> olan \u00c7in\u2019deki <strong>elektrikli ara\u00e7 sat\u0131\u015flar\u0131<\/strong> \u00fc\u00e7\u00fcnc\u00fc arka arkaya gelen d\u00fc\u015f\u00fc\u015f olarak Eyl\u00fcl\u2019de de\u011fi\u015fken devlet yard\u0131mlar\u0131 aras\u0131nda 3&#8217;\u00fcnc\u00fcl\u00fc\u011fe geriledi. Bu hafta <strong>Los Angeles<\/strong>\u2019ta bir EV tedarik zinciri konferans\u0131 d\u00fczenleyip metaller fiyat belirleyicisi konumunda olan <strong>Benchmark Mineral Intelligence<\/strong>\u2019a g\u00f6re, <strong>ortalama k\u00fcresel fiyatlar<\/strong> 2018\u2019in ba\u015f\u0131ndan beri <strong>%50 oran\u0131ndan<\/strong> da fazla d\u00fc\u015f\u00fc\u015fte.<\/p>\n<p>Albemarle Genel M\u00fcd\u00fcr\u00fc <strong>Luke Kissam<\/strong> ge\u00e7ti\u011fimiz hafta: &#8220;\u015eu anki market durumlar\u0131 zorlay\u0131c\u0131&#8221; dedi. Zay\u0131f verilere ra\u011fmen, <strong>analist ve y\u00f6neticiler<\/strong> \u00f6n\u00fcm\u00fczdeki <strong>10 y\u0131la bakt\u0131klar\u0131nda<\/strong> olumlu bir gelecek bekliyorlar. Benchmark\u2019tan Simon Moorses <strong>lityum \u00fcretim fazlas\u0131n\u0131<\/strong> \u201ctalep duvar\u0131ndan azalan hava bo\u015flu\u011fu\u201d olarak niteledi ve marketteki beyaz metal fazlas\u0131n\u0131n \u00e7o\u011funun teknik dereceli, kronometrelerdeki t\u00fcrden veya di\u011fer k\u00fc\u00e7\u00fck elektroniklerdeki gibi oldu\u011funu belirtti.<\/p>\n<p><strong>Kaynak:<\/strong>\u00a0<a href=\"https:\/\/www.reuters.com\/article\/us-lithium-conference-producers\/lithium-producers-hit-by-first-big-downturn-of-electric-vehicle-era-idUSKBN1XN0HV\" target=\"_blank\" rel=\"noopener\">Reuters<\/a>\u00a0&#8211; <strong>Yay\u0131na Haz\u0131rlayan:<\/strong> <a href=\"https:\/\/www.dunyaenerji.org.tr\/lityum-ureticileri-elektrikli-arac-doneminin-ilk-buyuk-sikintili-donemini-yasiyor\/\" target=\"_blank\" rel=\"noopener\">D\u00fcnya Enerji Konseyi T\u00fcrk Milli Komitesi<\/a><\/p>","protected":false},"excerpt":{"rendered":"<p>Sorry, this entry is only available in Turkish. For the sake of viewer convenience, the content is shown below in the alternative language. You may click the link to switch the active language. Elektrikli ara\u00e7 bataryalar\u0131na y\u00f6nelik kullan\u0131lan etkin maddeleri \u00fcreten ve geli\u015fmekte olan lityum end\u00fcstrisi, iklim de\u011fi\u015fikli\u011fi ile sava\u015fmaya istekli olan yat\u0131r\u0131mc\u0131lar i\u00e7in tats\u0131z [&hellip;]<\/p>\n","protected":false},"author":1,"featured_media":103411,"comment_status":"open","ping_status":"open","sticky":false,"template":"","format":"standard","meta":[],"categories":[51,53,157],"tags":[61493,61488,61494,61491,53114,25473,23762,35236,52259,58276,61487,61497,61496,61490,61492,61495,61489],"views":446,"_links":{"self":[{"href":"https:\/\/www.enerjigazetesi.ist\/en\/wp-json\/wp\/v2\/posts\/103409"}],"collection":[{"href":"https:\/\/www.enerjigazetesi.ist\/en\/wp-json\/wp\/v2\/posts"}],"about":[{"href":"https:\/\/www.enerjigazetesi.ist\/en\/wp-json\/wp\/v2\/types\/post"}],"author":[{"embeddable":true,"href":"https:\/\/www.enerjigazetesi.ist\/en\/wp-json\/wp\/v2\/users\/1"}],"replies":[{"embeddable":true,"href":"https:\/\/www.enerjigazetesi.ist\/en\/wp-json\/wp\/v2\/comments?post=103409"}],"version-history":[{"count":0,"href":"https:\/\/www.enerjigazetesi.ist\/en\/wp-json\/wp\/v2\/posts\/103409\/revisions"}],"wp:featuredmedia":[{"embeddable":true,"href":"https:\/\/www.enerjigazetesi.ist\/en\/wp-json\/wp\/v2\/media\/103411"}],"wp:attachment":[{"href":"https:\/\/www.enerjigazetesi.ist\/en\/wp-json\/wp\/v2\/media?parent=103409"}],"wp:term":[{"taxonomy":"category","embeddable":true,"href":"https:\/\/www.enerjigazetesi.ist\/en\/wp-json\/wp\/v2\/categories?post=103409"},{"taxonomy":"post_tag","embeddable":true,"href":"https:\/\/www.enerjigazetesi.ist\/en\/wp-json\/wp\/v2\/tags?post=103409"}],"curies":[{"name":"wp","href":"https:\/\/api.w.org\/{rel}","templated":true}]}}