{"id":103370,"date":"2019-11-23T17:21:44","date_gmt":"2019-11-23T14:21:44","guid":{"rendered":"https:\/\/www.enerjigazetesi.ist\/?p=103370"},"modified":"2019-11-23T17:22:41","modified_gmt":"2019-11-23T14:22:41","slug":"avl-sanayi-ve-teknoloji-bakanligindan-ar-ge-istihdam-odulu-aldi","status":"publish","type":"post","link":"https:\/\/www.enerjigazetesi.ist\/en\/avl-sanayi-ve-teknoloji-bakanligindan-ar-ge-istihdam-odulu-aldi\/","title":{"rendered":"(Turkish) &#8217;AVL\u2019 Sanayi ve Teknoloji Bakanl\u0131\u011f\u0131&#8217;ndan Ar-Ge \u0130stihdam \u00d6d\u00fcl\u00fc Ald\u0131"},"content":{"rendered":"<p class=\"qtranxs-available-languages-message qtranxs-available-languages-message-en\">Sorry, this entry is only available in <a href=\"https:\/\/www.enerjigazetesi.ist\/tr\/wp-json\/wp\/v2\/posts\/103370\" class=\"qtranxs-available-language-link qtranxs-available-language-link-tr\" title=\"Turkish\">Turkish<\/a>. For the sake of viewer convenience, the content is shown below in the alternative language. You may click the link to switch the active language.<\/p><p><\/p>\n<h1><strong>Sanayi ve Teknoloji Bakanl\u0131\u011f\u0131 taraf\u0131ndan d\u00fczenlenen <\/strong><strong>7&#8217;nci Teknoloji Geli\u015ftirme B\u00f6lgeleri ve Ar-Ge Merkezleri \u00d6d\u00fcl T\u00f6reni\u2019nde AVL Ara\u015ft\u0131rma ve M\u00fchendislik T\u00fcrkiye, Ar-Ge istihdam\u0131nda \u00f6d\u00fcle lay\u0131k g\u00f6r\u00fcld\u00fc.<\/strong><\/h1>\n<p>AVL Ara\u015ft\u0131rma ve M\u00fchendislik T\u00fcrkiye, \u0130stanbul\u2019daki iki Ar-Ge merkezinde yapt\u0131\u011f\u0131 istihdam yat\u0131r\u0131mlar\u0131yla Sanayi ve Teknoloji Bakanl\u0131\u011f\u0131 taraf\u0131ndan d\u00fczenlenen 7&#8217;nci Teknoloji Geli\u015ftirme B\u00f6lgeleri <img loading=\"lazy\" class=\"alignright wp-image-103373\" src=\"https:\/\/www.enerjigazetesi.ist\/wp-content\/uploads\/2019\/11\/avl-sanayi-ve-teknoloji-bakanligindan-ar-ge-istihdam-odulu-aldi.jpg\" alt=\"\" width=\"320\" height=\"294\" srcset=\"https:\/\/www.enerjigazetesi.ist\/wp-content\/uploads\/2019\/11\/avl-sanayi-ve-teknoloji-bakanligindan-ar-ge-istihdam-odulu-aldi.jpg 531w, https:\/\/www.enerjigazetesi.ist\/wp-content\/uploads\/2019\/11\/avl-sanayi-ve-teknoloji-bakanligindan-ar-ge-istihdam-odulu-aldi-300x276.jpg 300w, https:\/\/www.enerjigazetesi.ist\/wp-content\/uploads\/2019\/11\/avl-sanayi-ve-teknoloji-bakanligindan-ar-ge-istihdam-odulu-aldi-435x400.jpg 435w, https:\/\/www.enerjigazetesi.ist\/wp-content\/uploads\/2019\/11\/avl-sanayi-ve-teknoloji-bakanligindan-ar-ge-istihdam-odulu-aldi-54x50.jpg 54w\" sizes=\"(max-width: 320px) 100vw, 320px\" \/>ve Ar-Ge Merkezleri T\u00f6reni\u2019nde 76 ila 250 Ar-Ge Personel \u0130stihdam\u0131 kategorisinde \u00f6d\u00fcl\u00fcn sahibi oldu. AVL Ara\u015ft\u0131rma ve M\u00fchendislik T\u00fcrkiye Genel M\u00fcd\u00fcr\u00fc Dr. Serkan \u0130mpram, \u00f6d\u00fcl\u00fc Sanayi ve Teknoloji Bakan\u0131 Mustafa Varank\u2019tan ald\u0131. \u00d6d\u00fcle lay\u0131k g\u00f6r\u00fclmekten duydu\u011fu mutlulu\u011fu dile getiren \u0130mpram, 2020\u2019de de \u00f6nemli yat\u0131r\u0131mlar\u0131 hayata ge\u00e7irmeye haz\u0131rland\u0131klar\u0131n\u0131 s\u00f6yledi.<\/p>\n<h2><strong>Cironun %10\u2019u Ar-Ge yat\u0131r\u0131mlar\u0131na ayr\u0131l\u0131yor<\/strong><\/h2>\n<p>Sanayi ve Teknoloji Bakanl\u0131\u011f\u0131 taraf\u0131ndan \u00f6d\u00fcle lay\u0131k g\u00f6r\u00fclmenin de\u011ferli bir anlam ifade etti\u011fini dile getiren Serkan \u0130mpram, Ar-Ge ve istihdam yat\u0131r\u0131mlar\u0131n\u0131 T\u00fcrkiye\u2019de s\u00fcrd\u00fcrmeye devam edeceklerini belirterek, \u201c7&#8217;nci Teknoloji Geli\u015ftirme B\u00f6lgeleri ve Ar-Ge Merkezleri T\u00f6reni\u2019nde Sanayi ve Teknoloji Bakan\u0131 Say\u0131n Mustafa Varank\u2019\u0131n elinden ald\u0131\u011f\u0131m\u0131z bu \u00f6d\u00fcl yapt\u0131\u011f\u0131m\u0131z \u00e7al\u0131\u015fmalar\u0131n takdiri a\u00e7\u0131s\u0131ndan olduk\u00e7a mutluluk verici. AVL, otomotiv ve g\u00fc\u00e7 aktarma sistemleri m\u00fchendisli\u011fi konusunda a\u00e7\u0131k ara d\u00fcnya lideri konumunda olan ve y\u0131ll\u0131k cirosunun %10\u2019unu Ar-Ge ve inovasyona yat\u0131ran bir Ar-Ge ve m\u00fchendislik \u015firketidir. Bizde, AVL T\u00fcrkiye olarak \u0130stanbul\u2019daki iki Ar-Ge merkezimizle, global yap\u0131m\u0131za benzer bir stratejide yat\u0131r\u0131mlar\u0131m\u0131z\u0131 s\u00fcrd\u00fcr\u00fcyoruz. Bug\u00fcn kendi b\u00fcnyemizde istihdam etti\u011fimiz 250 ki\u015filik m\u00fchendis ekibimizle t\u00fcm d\u00fcnyaya projeler yap\u0131yoruz. Bu projelerin \u00f6nemli bir k\u0131sm\u0131 prototip seviyede de\u011fil ve seri \u00fcretime y\u00f6neliktir ve \u00e7\u0131kt\u0131lar\u0131 d\u00fcnya piyasalar\u0131nda sat\u0131lmakta olan ara\u00e7larda yer almaktad\u0131r. Yapaca\u011f\u0131m\u0131z yeni yat\u0131r\u0131mlarla da \u0130stanbul\u2019da \u015firketimizi ileri teknolojilerde global bir m\u00fchendislik \u00fcss\u00fc haline getirilmeyi hedefliyoruz.\u201d a\u00e7\u0131klamas\u0131nda bulundu.<\/p>\n<h2><strong>\u201cM\u00fchendislik ihracat\u0131 ger\u00e7ekle\u015ftiriyoruz\u201d<\/strong><\/h2>\n<p>Ar-Ge ve istihdam yat\u0131r\u0131mlar\u0131yla m\u00fchendislik ihracat\u0131 ger\u00e7ekle\u015ftirmeyi ba\u015fard\u0131klar\u0131n\u0131 s\u00f6yleyen \u0130mpram, s\u00f6zlerine <span style=\"text-decoration: underline;\">\u015f\u00f6yle devam etti:<\/span> \u201cM\u00fchendislik ihracat\u0131 bir bilgi birikimini, tecr\u00fcbeyi ve sekt\u00f6r\u00fcn ihtiya\u00e7 duydu\u011fu, \u00f6zellikle de gelece\u011fin teknolojilerini geli\u015ftirebilecek \u015fekilde yeti\u015ftirilmi\u015f olan m\u00fchendisleri kaps\u0131yor. AVL T\u00fcrkiye olarak biz bu konuda yakla\u015f\u0131k 11 y\u0131ld\u0131r h\u0131z kesmeden ciddi yat\u0131r\u0131mlar yap\u0131yoruz.\u00a0 \u00d6zellikle Ar-Ge ve insan kayna\u011f\u0131 alan\u0131ndaki yat\u0131r\u0131mlarda ba\u015far\u0131l\u0131 sonu\u00e7lar ald\u0131k. 250 ki\u015filik bir m\u00fchendislik kadromuzla \u00f6nemli i\u015flere imza atarken m\u00fchendislik ihracat\u0131nda da b\u00fcy\u00fck \u00fclkelerle yar\u0131\u015f\u0131r hale geldik. Toplam ciromuz i\u00e7indeki ileri m\u00fchendislik ihracat\u0131m\u0131z\u0131n oran\u0131n\u0131n <strong>%80<\/strong>\u2019in \u00fczerinde oldu\u011funu s\u00f6yleyebilirim. 2019 itibari ile AVL T\u00fcrkiye\u2019nin ger\u00e7ekle\u015ftirdi\u011fi toplam m\u00fchendislik ihracat\u0131n\u0131 da y\u0131l sonuna kadar 35 Milyon Euro\u2019ya yakla\u015ft\u0131rmay\u0131 hedefliyoruz.\u201d<\/p>","protected":false},"excerpt":{"rendered":"<p>Sorry, this entry is only available in Turkish. For the sake of viewer convenience, the content is shown below in the alternative language. You may click the link to switch the active language. Sanayi ve Teknoloji Bakanl\u0131\u011f\u0131 taraf\u0131ndan d\u00fczenlenen 7&#8217;nci Teknoloji Geli\u015ftirme B\u00f6lgeleri ve Ar-Ge Merkezleri \u00d6d\u00fcl T\u00f6reni\u2019nde AVL Ara\u015ft\u0131rma ve M\u00fchendislik T\u00fcrkiye, Ar-Ge istihdam\u0131nda [&hellip;]<\/p>\n","protected":false},"author":1,"featured_media":103373,"comment_status":"open","ping_status":"open","sticky":false,"template":"","format":"standard","meta":[],"categories":[51,53],"tags":[61458,61459,14412,61461,61462,61464,16269,61460,61466,52259,61463,1967,61465,61467,15785,846],"views":442,"_links":{"self":[{"href":"https:\/\/www.enerjigazetesi.ist\/en\/wp-json\/wp\/v2\/posts\/103370"}],"collection":[{"href":"https:\/\/www.enerjigazetesi.ist\/en\/wp-json\/wp\/v2\/posts"}],"about":[{"href":"https:\/\/www.enerjigazetesi.ist\/en\/wp-json\/wp\/v2\/types\/post"}],"author":[{"embeddable":true,"href":"https:\/\/www.enerjigazetesi.ist\/en\/wp-json\/wp\/v2\/users\/1"}],"replies":[{"embeddable":true,"href":"https:\/\/www.enerjigazetesi.ist\/en\/wp-json\/wp\/v2\/comments?post=103370"}],"version-history":[{"count":0,"href":"https:\/\/www.enerjigazetesi.ist\/en\/wp-json\/wp\/v2\/posts\/103370\/revisions"}],"wp:featuredmedia":[{"embeddable":true,"href":"https:\/\/www.enerjigazetesi.ist\/en\/wp-json\/wp\/v2\/media\/103373"}],"wp:attachment":[{"href":"https:\/\/www.enerjigazetesi.ist\/en\/wp-json\/wp\/v2\/media?parent=103370"}],"wp:term":[{"taxonomy":"category","embeddable":true,"href":"https:\/\/www.enerjigazetesi.ist\/en\/wp-json\/wp\/v2\/categories?post=103370"},{"taxonomy":"post_tag","embeddable":true,"href":"https:\/\/www.enerjigazetesi.ist\/en\/wp-json\/wp\/v2\/tags?post=103370"}],"curies":[{"name":"wp","href":"https:\/\/api.w.org\/{rel}","templated":true}]}}