{"id":103309,"date":"2019-11-20T12:57:08","date_gmt":"2019-11-20T09:57:08","guid":{"rendered":"https:\/\/www.enerjigazetesi.ist\/?p=103309"},"modified":"2019-11-22T14:14:34","modified_gmt":"2019-11-22T11:14:34","slug":"dusuk-karbon-yetmez-artik-yasanabilir-sehirler-ile-sifir-karbon-zamani","status":"publish","type":"post","link":"https:\/\/www.enerjigazetesi.ist\/en\/dusuk-karbon-yetmez-artik-yasanabilir-sehirler-ile-sifir-karbon-zamani\/","title":{"rendered":"(Turkish) D\u00fc\u015f\u00fck Karbon Yetmez, Art\u0131k &#8216;Ya\u015fanabilir \u015eehirler&#8217; ile S\u0131f\u0131r Karbon Zaman\u0131!"},"content":{"rendered":"<p class=\"qtranxs-available-languages-message qtranxs-available-languages-message-en\">Sorry, this entry is only available in <a href=\"https:\/\/www.enerjigazetesi.ist\/tr\/wp-json\/wp\/v2\/posts\/103309\" class=\"qtranxs-available-language-link qtranxs-available-language-link-tr\" title=\"Turkish\">Turkish<\/a>. For the sake of viewer convenience, the content is shown below in the alternative language. You may click the link to switch the active language.<\/p><p><\/p>\n<h1><strong>Daha ya\u015fanabilir kentler yaratmak i\u00e7in \u00e7al\u0131\u015fmalar y\u00fcr\u00fcten WRI T\u00fcrkiye, &#8216;S\u00fcrd\u00fcr\u00fclebilir \u015eehirler 7&#8217;inci Ya\u015fanabilir \u015eehirler Sempozyumu\u2019nu d\u00fczenliyor. Sempozyumun ba\u015fl\u0131\u011f\u0131 \u2018D\u00fc\u015f\u00fck Karbon Yetmez, Art\u0131k S\u0131f\u0131r Karbon Zaman\u0131!\u2019<\/strong><\/h1>\n<p>K\u00fcresel olarak, <strong>iklim kriziyle<\/strong> kar\u015f\u0131 kar\u015f\u0131yay\u0131z. Ge\u00e7ti\u011fimiz y\u0131llarda, tart\u0131\u015fmalar k\u00fcresel \u0131s\u0131nmay\u0131 <strong>1.5\u00b0C \u2013 2\u00b0C<\/strong> aras\u0131nda s\u0131n\u0131rlamaya odakland\u0131. Ancak, \u015fu anki uygulamalarla bunun neredeyse imkans\u0131z oldu\u011fu <img loading=\"lazy\" class=\"alignright wp-image-103316\" src=\"https:\/\/www.enerjigazetesi.ist\/wp-content\/uploads\/2019\/11\/dusuk-karbon-yetmez-artik-yasanabilir-sehirler-ile-sifir-karbon-zamani-1.jpg\" alt=\"\" width=\"320\" height=\"233\" srcset=\"https:\/\/www.enerjigazetesi.ist\/wp-content\/uploads\/2019\/11\/dusuk-karbon-yetmez-artik-yasanabilir-sehirler-ile-sifir-karbon-zamani-1.jpg 800w, https:\/\/www.enerjigazetesi.ist\/wp-content\/uploads\/2019\/11\/dusuk-karbon-yetmez-artik-yasanabilir-sehirler-ile-sifir-karbon-zamani-1-300x219.jpg 300w, https:\/\/www.enerjigazetesi.ist\/wp-content\/uploads\/2019\/11\/dusuk-karbon-yetmez-artik-yasanabilir-sehirler-ile-sifir-karbon-zamani-1-768x560.jpg 768w, https:\/\/www.enerjigazetesi.ist\/wp-content\/uploads\/2019\/11\/dusuk-karbon-yetmez-artik-yasanabilir-sehirler-ile-sifir-karbon-zamani-1-500x364.jpg 500w, https:\/\/www.enerjigazetesi.ist\/wp-content\/uploads\/2019\/11\/dusuk-karbon-yetmez-artik-yasanabilir-sehirler-ile-sifir-karbon-zamani-1-69x50.jpg 69w\" sizes=\"(max-width: 320px) 100vw, 320px\" \/>a\u00e7\u0131k\u00e7a g\u00f6r\u00fcl\u00fcyor. <strong>1.5\u00b0C s\u0131n\u0131r\u0131nda<\/strong> kalmak istiyorsak, <strong>2050\u2019den<\/strong> \u00f6nce k\u00fcresel <strong>CO2 emisyonumuzu<\/strong> azaltmak i\u00e7in <strong>net s\u0131f\u0131r karbon hareketine<\/strong> ge\u00e7meliyiz.<\/p>\n<p>Uluslararas\u0131 kurum ve kurulu\u015flar, yerel y\u00f6netimler, akademi, \u00f6zel sekt\u00f6r ve sivil toplum kurulu\u015flar\u0131ndan temsilcilerin kat\u0131laca\u011f\u0131 sempozyumda <strong>T\u00fcrkiye\u2019deki<\/strong> kentlerde <strong>s\u0131f\u0131r karbona ge\u00e7i\u015fin<\/strong> nas\u0131l olaca\u011f\u0131 t\u00fcm y\u00f6nleriyle tart\u0131\u015f\u0131lacak.<\/p>\n<p>\u2018<strong>D\u00fc\u015f\u00fck Karbon Yetmez, Art\u0131k S\u0131f\u0131r Karbon Zaman\u0131!<\/strong>\u2019,\u2018<strong>T\u00fcrkiye\u2019nin S\u0131f\u0131r Karbon \u015eehirler Taahh\u00fcd\u00fc<\/strong>\u2019, \u2018<strong>S\u0131f\u0131r Karbon \u015eehirler<\/strong>\u2019, \u2018<strong>Ak\u0131ll\u0131n\u0131n Yeni Ad\u0131: S\u00fcrd\u00fcr\u00fclebilir<\/strong>\u2019 ve \u2018<strong>Aktif ve Sa\u011fl\u0131kl\u0131 \u015eehirler<\/strong>\u2019 oturumlar\u0131nda <strong>iklim kriziyle m\u00fccadelede<\/strong> \u015fehirlerin oynad\u0131\u011f\u0131 \u00f6nemli rol ele al\u0131nacak.<\/p>\n<p><strong>Etkinlik Program\u0131 ve Kay\u0131tlar \u0130\u00e7in:<\/strong>\u00a0<a href=\"https:\/\/yasanabilirsehirler.org\" target=\"_blank\" rel=\"noopener\">https:\/\/yasanabilirsehirler.org\u00a0<\/a>adresini ziyaret edebilirsiniz.<\/p>\n<p><strong>Mekan: <\/strong>Elite World \u0130stanbul Otel &#8211; \u015eehit Muhtar Mah, \u015eehit Muhtar Bey Cad. No:42 Talimhane \/ Beyo\u011flu &#8211; Taksim<\/p>\n<p><strong>Tarih: <\/strong>22 Kas\u0131m, Cuma &#8211;\u00a0<strong>Saat: <\/strong>09:30 \u2013 Kay\u0131t<\/p>\n<p><strong>Kay\u0131tlar:<\/strong> 10:00 &#8211; A\u00e7\u0131l\u0131\u015f konu\u015fmas\u0131 \/ 17:30 &#8211; Kapan\u0131\u015f<\/p>\n<p><strong>&#8216;WRI T\u00fcrkiye&#8217; S\u00fcrd\u00fcr\u00fclebilir \u015eehirler hakk\u0131nda Daha Fazla Bilgiye Ula\u015fmak \u0130\u00e7in:\u00a0<\/strong><a href=\"http:\/\/www.wrisehirler.org\/\" target=\"_blank\" rel=\"noopener\">www.wrisehirler.org<\/a>\u00a0adresini ziyaret edebilirsiniz.<\/p>","protected":false},"excerpt":{"rendered":"<p>Sorry, this entry is only available in Turkish. For the sake of viewer convenience, the content is shown below in the alternative language. You may click the link to switch the active language. Daha ya\u015fanabilir kentler yaratmak i\u00e7in \u00e7al\u0131\u015fmalar y\u00fcr\u00fcten WRI T\u00fcrkiye, &#8216;S\u00fcrd\u00fcr\u00fclebilir \u015eehirler 7&#8217;inci Ya\u015fanabilir \u015eehirler Sempozyumu\u2019nu d\u00fczenliyor. Sempozyumun ba\u015fl\u0131\u011f\u0131 \u2018D\u00fc\u015f\u00fck Karbon Yetmez, Art\u0131k [&hellip;]<\/p>\n","protected":false},"author":1,"featured_media":103314,"comment_status":"open","ping_status":"open","sticky":false,"template":"","format":"standard","meta":[],"categories":[51,53,52],"tags":[61408,61414,61415,61410,54002,61409,52259,26559,53407,61416,61413,1471,61418,61411,61417,38237,846,61412,793,40044,61407],"views":642,"_links":{"self":[{"href":"https:\/\/www.enerjigazetesi.ist\/en\/wp-json\/wp\/v2\/posts\/103309"}],"collection":[{"href":"https:\/\/www.enerjigazetesi.ist\/en\/wp-json\/wp\/v2\/posts"}],"about":[{"href":"https:\/\/www.enerjigazetesi.ist\/en\/wp-json\/wp\/v2\/types\/post"}],"author":[{"embeddable":true,"href":"https:\/\/www.enerjigazetesi.ist\/en\/wp-json\/wp\/v2\/users\/1"}],"replies":[{"embeddable":true,"href":"https:\/\/www.enerjigazetesi.ist\/en\/wp-json\/wp\/v2\/comments?post=103309"}],"version-history":[{"count":0,"href":"https:\/\/www.enerjigazetesi.ist\/en\/wp-json\/wp\/v2\/posts\/103309\/revisions"}],"wp:featuredmedia":[{"embeddable":true,"href":"https:\/\/www.enerjigazetesi.ist\/en\/wp-json\/wp\/v2\/media\/103314"}],"wp:attachment":[{"href":"https:\/\/www.enerjigazetesi.ist\/en\/wp-json\/wp\/v2\/media?parent=103309"}],"wp:term":[{"taxonomy":"category","embeddable":true,"href":"https:\/\/www.enerjigazetesi.ist\/en\/wp-json\/wp\/v2\/categories?post=103309"},{"taxonomy":"post_tag","embeddable":true,"href":"https:\/\/www.enerjigazetesi.ist\/en\/wp-json\/wp\/v2\/tags?post=103309"}],"curies":[{"name":"wp","href":"https:\/\/api.w.org\/{rel}","templated":true}]}}