{"id":103300,"date":"2019-11-22T12:21:35","date_gmt":"2019-11-22T09:21:35","guid":{"rendered":"https:\/\/www.enerjigazetesi.ist\/?p=103300"},"modified":"2019-11-22T12:21:35","modified_gmt":"2019-11-22T09:21:35","slug":"akilli-bina-teknolojileri-ve-elektrik-sektoru-a-techte-bir-araya-geldi","status":"publish","type":"post","link":"https:\/\/www.enerjigazetesi.ist\/en\/akilli-bina-teknolojileri-ve-elektrik-sektoru-a-techte-bir-araya-geldi\/","title":{"rendered":"(Turkish) &#8217;Ak\u0131ll\u0131 Bina Teknolojileri ve Elektrik Sekt\u00f6r\u00fc&#8217; A-TECH\u2019te Bir Araya Geldi!"},"content":{"rendered":"<p class=\"qtranxs-available-languages-message qtranxs-available-languages-message-en\">Sorry, this entry is only available in <a href=\"https:\/\/www.enerjigazetesi.ist\/tr\/wp-json\/wp\/v2\/posts\/103300\" class=\"qtranxs-available-language-link qtranxs-available-language-link-tr\" title=\"Turkish\">Turkish<\/a>. For the sake of viewer convenience, the content is shown below in the alternative language. You may click the link to switch the active language.<\/p><p><\/p>\n<h1><strong>Globalde yapt\u0131\u011f\u0131 i\u015fbirlikleriyle sekt\u00f6rde ad\u0131ndan s\u00f6z ettiren T\u00fcrkiye\u2019nin lider jenerat\u00f6r markas\u0131 AKSA, 21-23 Kas\u0131m 2019 tarihleri aras\u0131nda Ankara\u2019da d\u00fczenlenen ak\u0131ll\u0131 bina teknolojileri ve elektrik sekt\u00f6r\u00fcn\u00fcn \u00fcretici, da\u011f\u0131t\u0131c\u0131 ve kullan\u0131c\u0131lar\u0131n\u0131 bir araya getiren A-TECH Fuar\u0131\u2019nda yer ald\u0131.<\/strong><\/h1>\n<p>Amerika\u2019dan Asya\u2019ya, Afrika\u2019dan Okyanusya\u2019ya kadar <strong>170 \u00fclkeye<\/strong> sat\u0131\u015f yapan; <em>T\u00fcrkiye, \u00c7in ve ABD<\/em>\u2019deki \u00fcretim tesisleriyle <strong>d\u00fcnyan\u0131n 5 b\u00fcy\u00fck jenerat\u00f6r \u00fcreticisinden<\/strong> biri olan Aksa Jenerat\u00f6r, elektrik <img loading=\"lazy\" class=\"alignright wp-image-103302\" src=\"https:\/\/www.enerjigazetesi.ist\/wp-content\/uploads\/2019\/11\/akilli-bina-teknolojileri-ve-elektrik-sektoru-a-techte-bir-araya-geldi.jpg\" alt=\"\" width=\"320\" height=\"240\" srcset=\"https:\/\/www.enerjigazetesi.ist\/wp-content\/uploads\/2019\/11\/akilli-bina-teknolojileri-ve-elektrik-sektoru-a-techte-bir-araya-geldi.jpg 651w, https:\/\/www.enerjigazetesi.ist\/wp-content\/uploads\/2019\/11\/akilli-bina-teknolojileri-ve-elektrik-sektoru-a-techte-bir-araya-geldi-300x225.jpg 300w, https:\/\/www.enerjigazetesi.ist\/wp-content\/uploads\/2019\/11\/akilli-bina-teknolojileri-ve-elektrik-sektoru-a-techte-bir-araya-geldi-500x375.jpg 500w, https:\/\/www.enerjigazetesi.ist\/wp-content\/uploads\/2019\/11\/akilli-bina-teknolojileri-ve-elektrik-sektoru-a-techte-bir-araya-geldi-67x50.jpg 67w\" sizes=\"(max-width: 320px) 100vw, 320px\" \/>sekt\u00f6r\u00fcn\u00fcn \u00f6nde gelen firmalar\u0131n\u0131n kat\u0131ld\u0131\u011f\u0131, gelece\u011fi de\u011fi\u015ftirecek ak\u0131ll\u0131 bina teknolojilerinin tan\u0131t\u0131ld\u0131\u011f\u0131 Ak\u0131ll\u0131 Bina Teknolojileri ve Elektrik Sistemleri Fuar\u0131 <strong>A-TECH<\/strong>\u2019e kat\u0131ld\u0131. Bu y\u0131l \u00fc\u00e7\u00fcnc\u00fcs\u00fc d\u00fczenlenen ve gelece\u011fin evlerinde kullan\u0131lacak teknolojilerin sergilendi\u011fi fuarda Aksa Jenerat\u00f6r, yenilik\u00e7i \u00e7\u00f6z\u00fcmlerini tan\u0131tt\u0131.<\/p>\n<p><strong>Ak\u0131ll\u0131 bina teknolojileri ve elektrik sekt\u00f6r\u00fc<\/strong>n\u00fcn <strong>\u00fcretici, da\u011f\u0131t\u0131c\u0131 ve kullan\u0131c\u0131lar\u0131n\u0131<\/strong> bir araya getiren ve kamu kurumlar\u0131 ile \u00f6zel sekt\u00f6r\u00fc bulu\u015fturan T\u00fcrkiye\u2019nin en \u00f6nemli fuarlar\u0131ndan biri olma yolunda ilerleyen <strong>A-TECH fuar\u0131<\/strong> yo\u011fun kat\u0131l\u0131mla ger\u00e7ekle\u015fti. D\u00fczenlenen etkinlikler, konusunda uzman ki\u015filer ve akademisyenlerin <strong>teorik ve uygulamal\u0131 sunumlar\u0131<\/strong>, ayn\u0131 zamanda <strong>fuar\u0131 sekt\u00f6r\u00fcn zirvesi<\/strong> olma \u00f6zelli\u011fine ta\u015f\u0131yor.<\/p>\n<p><strong>Ak\u0131ll\u0131 bina teknolojileri ve elektrik sekt\u00f6r\u00fcnde<\/strong> jenerat\u00f6r\u00fcn \u00f6nemine de\u011finen <strong>AKSA Jenerat\u00f6r CEO\u2019su Alper Peker, <\/strong>\u201cTeknolojinin bu kadar geli\u015fti\u011fi g\u00fcnl\u00fck ya\u015fant\u0131m\u0131zda enerjiye ihtiyac\u0131m\u0131z hi\u00e7 eksilmiyor. Enerjinin de her sekt\u00f6rde hayati \u00f6neme sahip oldu\u011funun da fark\u0131nday\u0131z. Bu sebeple yenilik\u00e7i hizmet ve \u00e7\u00f6z\u00fcmlerimizi de olabildi\u011fince farkl\u0131 sekt\u00f6rlere tan\u0131tmak istiyoruz\u201d dedi. T\u00fcrkiye ekonomisinin daha da b\u00fcy\u00fcmesi i\u00e7in yerli \u00fcretimin \u00f6nemine de\u011finen Peker \u201cT\u00fcrkiye ekonomisinin b\u00fcy\u00fcyerek di\u011fer \u00fclkelerle yar\u0131\u015fabilir hale gelmesi i\u00e7in farkl\u0131 sekt\u00f6rlerdeki firmalar\u0131 bir araya getiren fuarlara kat\u0131lmaya \u00f6zen g\u00f6steriyoruz. <strong>A-TECH fuar\u0131<\/strong> da bu nokta bizim i\u00e7in \u00f6nemli bir fuar olma \u00f6zelli\u011fi ta\u015f\u0131yor\u201d dedi.<\/p>","protected":false},"excerpt":{"rendered":"<p>Sorry, this entry is only available in Turkish. For the sake of viewer convenience, the content is shown below in the alternative language. You may click the link to switch the active language. Globalde yapt\u0131\u011f\u0131 i\u015fbirlikleriyle sekt\u00f6rde ad\u0131ndan s\u00f6z ettiren T\u00fcrkiye\u2019nin lider jenerat\u00f6r markas\u0131 AKSA, 21-23 Kas\u0131m 2019 tarihleri aras\u0131nda Ankara\u2019da d\u00fczenlenen ak\u0131ll\u0131 bina teknolojileri [&hellip;]<\/p>\n","protected":false},"author":1,"featured_media":103302,"comment_status":"open","ping_status":"open","sticky":false,"template":"","format":"standard","meta":[],"categories":[51,53],"tags":[41742,61390,36162,12982,28913,2674,53114,5070,52674,52259,55588,61391,1802],"views":524,"_links":{"self":[{"href":"https:\/\/www.enerjigazetesi.ist\/en\/wp-json\/wp\/v2\/posts\/103300"}],"collection":[{"href":"https:\/\/www.enerjigazetesi.ist\/en\/wp-json\/wp\/v2\/posts"}],"about":[{"href":"https:\/\/www.enerjigazetesi.ist\/en\/wp-json\/wp\/v2\/types\/post"}],"author":[{"embeddable":true,"href":"https:\/\/www.enerjigazetesi.ist\/en\/wp-json\/wp\/v2\/users\/1"}],"replies":[{"embeddable":true,"href":"https:\/\/www.enerjigazetesi.ist\/en\/wp-json\/wp\/v2\/comments?post=103300"}],"version-history":[{"count":0,"href":"https:\/\/www.enerjigazetesi.ist\/en\/wp-json\/wp\/v2\/posts\/103300\/revisions"}],"wp:featuredmedia":[{"embeddable":true,"href":"https:\/\/www.enerjigazetesi.ist\/en\/wp-json\/wp\/v2\/media\/103302"}],"wp:attachment":[{"href":"https:\/\/www.enerjigazetesi.ist\/en\/wp-json\/wp\/v2\/media?parent=103300"}],"wp:term":[{"taxonomy":"category","embeddable":true,"href":"https:\/\/www.enerjigazetesi.ist\/en\/wp-json\/wp\/v2\/categories?post=103300"},{"taxonomy":"post_tag","embeddable":true,"href":"https:\/\/www.enerjigazetesi.ist\/en\/wp-json\/wp\/v2\/tags?post=103300"}],"curies":[{"name":"wp","href":"https:\/\/api.w.org\/{rel}","templated":true}]}}