{"id":103257,"date":"2019-11-21T12:16:18","date_gmt":"2019-11-21T09:16:18","guid":{"rendered":"https:\/\/www.enerjigazetesi.ist\/?p=103257"},"modified":"2019-11-21T12:16:40","modified_gmt":"2019-11-21T09:16:40","slug":"malatya-su-ve-kanalizasyon-idaresi-enerji-giderlerini-gunesten-karsilayacak","status":"publish","type":"post","link":"https:\/\/www.enerjigazetesi.ist\/en\/malatya-su-ve-kanalizasyon-idaresi-enerji-giderlerini-gunesten-karsilayacak\/","title":{"rendered":"(Turkish) Malatya &#8216;Su ve Kanalizasyon \u0130daresi&#8217; Enerji Giderlerini G\u00fcne\u015ften Kar\u015f\u0131layacak"},"content":{"rendered":"<p class=\"qtranxs-available-languages-message qtranxs-available-languages-message-en\">Sorry, this entry is only available in <a href=\"https:\/\/www.enerjigazetesi.ist\/tr\/wp-json\/wp\/v2\/posts\/103257\" class=\"qtranxs-available-language-link qtranxs-available-language-link-tr\" title=\"Turkish\">Turkish<\/a>. For the sake of viewer convenience, the content is shown below in the alternative language. You may click the link to switch the active language.<\/p><p><\/p>\n<h1><strong>Malatya Su ve Kanalizasyon \u0130daresi (MASK\u0130) At\u0131ksu Ar\u0131tma Tesisinin b\u00fct\u00fcn elektrik giderleri GES ile kar\u015f\u0131lanacak.<\/strong><\/h1>\n<p>Ar\u0131tma Tesisi taraf\u0131ndan kullan\u0131lan elektrik enerjisinin art\u0131k <strong>G\u00fcne\u015f Enerji Santrali<\/strong> ile \u00fcretilece\u011fini belirten B\u00fcy\u00fck\u015fehir Belediye Ba\u015fkan\u0131 <strong>Selahattin G\u00fcrkan<\/strong>, \u201cMASK\u0130 Genel M\u00fcd\u00fcrl\u00fc\u011f\u00fcm\u00fcz taraf\u0131ndan <img loading=\"lazy\" class=\"alignright wp-image-103259\" src=\"https:\/\/www.enerjigazetesi.ist\/wp-content\/uploads\/2019\/11\/malatya-su-ve-kanalizasyon-idaresi-enerji-giderlerini-gunesten-karsilayacak.jpeg\" alt=\"\" width=\"320\" height=\"213\" srcset=\"https:\/\/www.enerjigazetesi.ist\/wp-content\/uploads\/2019\/11\/malatya-su-ve-kanalizasyon-idaresi-enerji-giderlerini-gunesten-karsilayacak.jpeg 1024w, https:\/\/www.enerjigazetesi.ist\/wp-content\/uploads\/2019\/11\/malatya-su-ve-kanalizasyon-idaresi-enerji-giderlerini-gunesten-karsilayacak-300x200.jpeg 300w, https:\/\/www.enerjigazetesi.ist\/wp-content\/uploads\/2019\/11\/malatya-su-ve-kanalizasyon-idaresi-enerji-giderlerini-gunesten-karsilayacak-768x512.jpeg 768w, https:\/\/www.enerjigazetesi.ist\/wp-content\/uploads\/2019\/11\/malatya-su-ve-kanalizasyon-idaresi-enerji-giderlerini-gunesten-karsilayacak-500x333.jpeg 500w, https:\/\/www.enerjigazetesi.ist\/wp-content\/uploads\/2019\/11\/malatya-su-ve-kanalizasyon-idaresi-enerji-giderlerini-gunesten-karsilayacak-75x50.jpeg 75w, https:\/\/www.enerjigazetesi.ist\/wp-content\/uploads\/2019\/11\/malatya-su-ve-kanalizasyon-idaresi-enerji-giderlerini-gunesten-karsilayacak-450x300.jpeg 450w\" sizes=\"(max-width: 320px) 100vw, 320px\" \/>yap\u0131lan \u00e7al\u0131\u015fmalar neticesinde <strong>AB\u2019den<\/strong> al\u0131nan <strong>hibe kredi<\/strong> ile ilk etapta <strong>1 MW kurulu g\u00fc\u00e7<\/strong> ile <strong>At\u0131ks\u0131 Ar\u0131tma Tesisinin<\/strong> toplam t\u00fcketiminin 5\/1\u2019inin kar\u015f\u0131lanmas\u0131 ama\u00e7lanmaktad\u0131r. MASK\u0130 Genel M\u00fcd\u00fcrl\u00fc\u011f\u00fcm\u00fcz taraf\u0131ndan ikinci a\u015famada ise <strong>GES projesi<\/strong> ile 5 MW kurulu g\u00fc\u00e7 ile \u00fcretilen enerji ile At\u0131ksu Ar\u0131tma Tesisinin b\u00fct\u00fcn <strong>enerji giderlerinin kar\u015f\u0131lanmas\u0131<\/strong> planlanmaktad\u0131r. GES Projemizin hayata ge\u00e7irilmesi i\u00e7in \u00e7al\u0131\u015fmalara biran \u00f6nce ba\u015flanacak ve herhangi bir aksilik \u00e7\u0131kmad\u0131\u011f\u0131 taktirde \u00f6n\u00fcm\u00fczdeki y\u0131ldan itibaren <strong>enerji \u00fcretimine<\/strong> ba\u015flanacakt\u0131r. B\u00f6yle bir projeyi haz\u0131rlad\u0131klar\u0131 ve hayata ge\u00e7irdikleri i\u00e7in <strong>MASK\u0130 Genel M\u00fcd\u00fcr\u00fc<\/strong>m\u00fcze ve ekibine te\u015fekk\u00fcr ediyorum.\u201d dedi.<\/p>\n<p>At\u0131ksu Ar\u0131tma Tesisinin bulundu\u011fu alanda kurulacak olan GES ile ilk ba\u015fta 1 MW sonras\u0131nda ise 5 MW elektrik enerjisi \u00fcretimiyle y\u0131ll\u0131k yakla\u015f\u0131k olarak 40 milyon liray\u0131 bulan elektrik gideri g\u00fcne\u015f enerjisinden elde edilecektir.<\/p>","protected":false},"excerpt":{"rendered":"<p>Sorry, this entry is only available in Turkish. For the sake of viewer convenience, the content is shown below in the alternative language. You may click the link to switch the active language. Malatya Su ve Kanalizasyon \u0130daresi (MASK\u0130) At\u0131ksu Ar\u0131tma Tesisinin b\u00fct\u00fcn elektrik giderleri GES ile kar\u015f\u0131lanacak. Ar\u0131tma Tesisi taraf\u0131ndan kullan\u0131lan elektrik enerjisinin art\u0131k [&hellip;]<\/p>\n","protected":false},"author":1,"featured_media":103259,"comment_status":"open","ping_status":"open","sticky":false,"template":"","format":"standard","meta":[],"categories":[53,52,49],"tags":[61348,4898,4900,61349,53114,5070,35038,7440,6014,35039,53157,3489,61347,38976],"views":521,"_links":{"self":[{"href":"https:\/\/www.enerjigazetesi.ist\/en\/wp-json\/wp\/v2\/posts\/103257"}],"collection":[{"href":"https:\/\/www.enerjigazetesi.ist\/en\/wp-json\/wp\/v2\/posts"}],"about":[{"href":"https:\/\/www.enerjigazetesi.ist\/en\/wp-json\/wp\/v2\/types\/post"}],"author":[{"embeddable":true,"href":"https:\/\/www.enerjigazetesi.ist\/en\/wp-json\/wp\/v2\/users\/1"}],"replies":[{"embeddable":true,"href":"https:\/\/www.enerjigazetesi.ist\/en\/wp-json\/wp\/v2\/comments?post=103257"}],"version-history":[{"count":0,"href":"https:\/\/www.enerjigazetesi.ist\/en\/wp-json\/wp\/v2\/posts\/103257\/revisions"}],"wp:featuredmedia":[{"embeddable":true,"href":"https:\/\/www.enerjigazetesi.ist\/en\/wp-json\/wp\/v2\/media\/103259"}],"wp:attachment":[{"href":"https:\/\/www.enerjigazetesi.ist\/en\/wp-json\/wp\/v2\/media?parent=103257"}],"wp:term":[{"taxonomy":"category","embeddable":true,"href":"https:\/\/www.enerjigazetesi.ist\/en\/wp-json\/wp\/v2\/categories?post=103257"},{"taxonomy":"post_tag","embeddable":true,"href":"https:\/\/www.enerjigazetesi.ist\/en\/wp-json\/wp\/v2\/tags?post=103257"}],"curies":[{"name":"wp","href":"https:\/\/api.w.org\/{rel}","templated":true}]}}