{"id":10325,"date":"2013-04-30T10:16:15","date_gmt":"2013-04-30T07:16:15","guid":{"rendered":"https:\/\/www.enerjigazetesi.ist\/?p=10325"},"modified":"2013-04-30T10:16:15","modified_gmt":"2013-04-30T07:16:15","slug":"5-milyar-tonluk-komur-ekonomiye-kazandirilmali","status":"publish","type":"post","link":"https:\/\/www.enerjigazetesi.ist\/en\/5-milyar-tonluk-komur-ekonomiye-kazandirilmali\/","title":{"rendered":"(Turkish) 5 Milyar Tonluk K\u00f6m\u00fcr Ekonomiye Kazand\u0131r\u0131lmal\u0131"},"content":{"rendered":"<p class=\"qtranxs-available-languages-message qtranxs-available-languages-message-en\">Sorry, this entry is only available in <a href=\"https:\/\/www.enerjigazetesi.ist\/tr\/wp-json\/wp\/v2\/posts\/10325\" class=\"qtranxs-available-language-link qtranxs-available-language-link-tr\" title=\"Turkish\">Turkish<\/a>. For the sake of viewer convenience, the content is shown below in the alternative language. You may click the link to switch the active language.<\/p><p><strong>Enerji Bakanl\u0131\u011f\u0131 Maden Sahalar\u0131 Sorumlusu ve M\u00fcste\u015far Yard\u0131mc\u0131s\u0131 Maden Y\u00fcksek M\u00fchendisi Dr. Nevzat Kavakl\u0131 a\u00e7\u0131klamada bulundu.<\/strong><\/p>\n<p>E\u00dcA\u015e Genel M\u00fcd\u00fcrl\u00fc\u011f\u00fc Daire Ba\u015fkan\u0131 H\u00fcsamettin Kav\u015fut ile birlikte, Af\u015fin-Elbistan Linyitleri (AEL) \u0130\u015fletme M\u00fcd\u00fcrl\u00fc\u011f\u00fc ile A ve B termik santrallerinde incelemelerde bulunan Dr. Nevzat Kavakl\u0131, Af\u015fin-Elbistan b\u00f6lgesinde ciddi bir k\u00f6m\u00fcr potansiyeli oldu\u011funa dikkat \u00e7ekti<\/p>\n<p>Kavakl\u0131, &#8220;B\u00f6lgemiz k\u00f6m\u00fcr madeni konusunda ciddi bir potansiyele sahip. \u00dclkemizde kurulu termik santrali potansiyeli buradan sa\u011flan\u0131yor. Arkada\u015flar\u0131m\u0131z\u0131 ziyaret etmek i\u00e7in bu<a href=\"https:\/\/www.enerjigazetesi.ist\/wp-content\/uploads\/2013\/04\/5-milyar-tonluk-komur-ekonomi-ye-kazandirilmali.jpg\"><img loading=\"lazy\" class=\"alignleft size-medium wp-image-10326\" title=\"5-milyar-tonluk-komur-ekonomi-ye-kazandirilmali\" src=\"https:\/\/www.enerjigazetesi.ist\/wp-content\/uploads\/2013\/04\/5-milyar-tonluk-komur-ekonomi-ye-kazandirilmali-300x210.jpg\" alt=\"\" width=\"300\" height=\"210\" srcset=\"https:\/\/www.enerjigazetesi.ist\/wp-content\/uploads\/2013\/04\/5-milyar-tonluk-komur-ekonomi-ye-kazandirilmali-300x210.jpg 300w, https:\/\/www.enerjigazetesi.ist\/wp-content\/uploads\/2013\/04\/5-milyar-tonluk-komur-ekonomi-ye-kazandirilmali-71x50.jpg 71w, https:\/\/www.enerjigazetesi.ist\/wp-content\/uploads\/2013\/04\/5-milyar-tonluk-komur-ekonomi-ye-kazandirilmali.jpg 414w\" sizes=\"(max-width: 300px) 100vw, 300px\" \/><\/a>raday\u0131m. S\u00fcren \u00e7al\u0131\u015fmalarla ilgili bilgileri ald\u0131k. \u0130lerleyen zamanlarda b\u00f6lgemiz, elektrik arz\u0131nda \u00f6nemli bir yere sahip olacak. Arkada\u015flar\u0131m\u0131zla birlikte gerekli t\u00fcm \u00e7al\u0131\u015fmalar\u0131m\u0131z\u0131 yapaca\u011f\u0131z. B\u00f6lgemizde 5 milyar ton civar\u0131nda k\u00f6m\u00fcr\u00fcm\u00fcz var. Bu k\u00f6m\u00fcr kayna\u011f\u0131n\u0131n h\u0131zl\u0131ca \u00fclke ekonomisine arz edilmesi gerekiyor&#8221; dedi.<\/p>\n<p>Birle\u015fik Arap Emirlikleri ile yap\u0131lan anla\u015fmayla ilgili olarak, santrallerde \u00e7al\u0131\u015fan i\u015f\u00e7ilerin i\u015flerini kaybetmeleri gibi bir durumun s\u00f6z konusu olmayaca\u011f\u0131n\u0131 ifade eden Kavakl\u0131, \u015funlar\u0131 s\u00f6yledi:<\/p>\n<p>&#8220;Bu arz s\u0131ras\u0131nda da tam tersine yeni istihdam alanlar\u0131 olu\u015facak. \u00d6zelle\u015ftirme farkl\u0131 bir olgu. Dolay\u0131s\u0131yla b\u0131rak\u0131n mevcut i\u015f\u00e7ilerin i\u015fleri kaybetmesini, tam tersi bir durum s\u00f6z konusu. \u0130n\u015faat a\u015famas\u0131nda 5 bin ki\u015fi, i\u015fletme a\u015famas\u0131nda ise 8 bin ki\u015filik bir istihdam olu\u015facak. H\u00fck\u00fcmetler aras\u0131 ev sahibi \u00fclke anla\u015fmas\u0131 noktas\u0131nda, m\u00fczakereler devam ediyor.<\/p>\n<p>\u0130GA&#8217;da bunun i\u00e7in 6 ay s\u00fcre konulmu\u015ftu. Bu 6 ayl\u0131k s\u00fcre yetmez ise, uzat\u0131lmas\u0131 m\u00fcmk\u00fcn. Bununla ilgili teknik bir sorun yok. Ya\u015fanan yeni geli\u015fmelerle ilgili kamuoyunu bilgilendirece\u011fiz.&#8221;<\/p>\n<p>Kaynak: <a href=\"http:\/\/www.energyworld.com.tr\/root.vol?title=-quot5-milyar-tonluk-komur-ekonomiye-kazandirilmali-quot&amp;exec=page&amp;nid=531885\" target=\"_blank\">Energy World<\/a><\/p>","protected":false},"excerpt":{"rendered":"<p>Sorry, this entry is only available in Turkish. For the sake of viewer convenience, the content is shown below in the alternative language. You may click the link to switch the active language.Enerji Bakanl\u0131\u011f\u0131 Maden Sahalar\u0131 Sorumlusu ve M\u00fcste\u015far Yard\u0131mc\u0131s\u0131 Maden Y\u00fcksek M\u00fchendisi Dr. Nevzat Kavakl\u0131 a\u00e7\u0131klamada bulundu. E\u00dcA\u015e Genel M\u00fcd\u00fcrl\u00fc\u011f\u00fc Daire Ba\u015fkan\u0131 H\u00fcsamettin Kav\u015fut [&hellip;]<\/p>\n","protected":false},"author":1,"featured_media":10326,"comment_status":"open","ping_status":"open","sticky":false,"template":"","format":"standard","meta":[],"categories":[53],"tags":[1249,4972,4975,63,963,4974,67,1033,4976,1675,4973,4971,438],"views":779,"_links":{"self":[{"href":"https:\/\/www.enerjigazetesi.ist\/en\/wp-json\/wp\/v2\/posts\/10325"}],"collection":[{"href":"https:\/\/www.enerjigazetesi.ist\/en\/wp-json\/wp\/v2\/posts"}],"about":[{"href":"https:\/\/www.enerjigazetesi.ist\/en\/wp-json\/wp\/v2\/types\/post"}],"author":[{"embeddable":true,"href":"https:\/\/www.enerjigazetesi.ist\/en\/wp-json\/wp\/v2\/users\/1"}],"replies":[{"embeddable":true,"href":"https:\/\/www.enerjigazetesi.ist\/en\/wp-json\/wp\/v2\/comments?post=10325"}],"version-history":[{"count":1,"href":"https:\/\/www.enerjigazetesi.ist\/en\/wp-json\/wp\/v2\/posts\/10325\/revisions"}],"predecessor-version":[{"id":10327,"href":"https:\/\/www.enerjigazetesi.ist\/en\/wp-json\/wp\/v2\/posts\/10325\/revisions\/10327"}],"wp:featuredmedia":[{"embeddable":true,"href":"https:\/\/www.enerjigazetesi.ist\/en\/wp-json\/wp\/v2\/media\/10326"}],"wp:attachment":[{"href":"https:\/\/www.enerjigazetesi.ist\/en\/wp-json\/wp\/v2\/media?parent=10325"}],"wp:term":[{"taxonomy":"category","embeddable":true,"href":"https:\/\/www.enerjigazetesi.ist\/en\/wp-json\/wp\/v2\/categories?post=10325"},{"taxonomy":"post_tag","embeddable":true,"href":"https:\/\/www.enerjigazetesi.ist\/en\/wp-json\/wp\/v2\/tags?post=10325"}],"curies":[{"name":"wp","href":"https:\/\/api.w.org\/{rel}","templated":true}]}}