{"id":10318,"date":"2013-04-30T09:57:33","date_gmt":"2013-04-30T06:57:33","guid":{"rendered":"https:\/\/www.enerjigazetesi.ist\/?p=10318"},"modified":"2013-04-30T09:57:33","modified_gmt":"2013-04-30T06:57:33","slug":"hedef-200-bin-konutu-yikip-enerji-verimliligi-yuksek-konutlar-yapmak","status":"publish","type":"post","link":"https:\/\/www.enerjigazetesi.ist\/en\/hedef-200-bin-konutu-yikip-enerji-verimliligi-yuksek-konutlar-yapmak\/","title":{"rendered":"(Turkish) Hedef 200 Bin Konutu Y\u0131k\u0131p, Enerji Verimlili\u011fi Y\u00fcksek Konutlar Yapmak&#8230;"},"content":{"rendered":"<p class=\"qtranxs-available-languages-message qtranxs-available-languages-message-en\">Sorry, this entry is only available in <a href=\"https:\/\/www.enerjigazetesi.ist\/tr\/wp-json\/wp\/v2\/posts\/10318\" class=\"qtranxs-available-language-link qtranxs-available-language-link-tr\" title=\"Turkish\">Turkish<\/a>. For the sake of viewer convenience, the content is shown below in the alternative language. You may click the link to switch the active language.<\/p><p><strong>\u00c7evre ve \u015eehircilik Bakan Yard\u0131mc\u0131s\u0131 Muhammet Balta, T\u00fcrkiye&#8217;de afet riski ta\u015f\u0131yan alanlarda 6,5 milyon konutun 20 y\u0131l i\u00e7inde y\u0131k\u0131l\u0131p, yeniden in\u015fa edilmesinin planland\u0131\u011f\u0131n\u0131 s\u00f6yledi.<\/strong><\/p>\n<p>Balta, beraberindeki \u0130l Genel Meclisi Ba\u015fkan\u0131 Haydar Revi ile Trabzon Gazeteciler Cemiyeti&#8217;ni (TGC) ziyaret ederek, ba\u015fkanl\u0131\u011fa se\u00e7ilen Turgut \u00d6zdemir ve y\u00f6netim kurulu \u00fcyelerini tebrik etti.<\/p>\n<p>Trabzon tarih ve k\u00fclt\u00fcrel de\u011ferleri ile do\u011fal g\u00fczelliklerinin g\u00fc\u00e7l\u00fc olmas\u0131n\u0131n yan\u0131 s\u0131ra bas\u0131n camias\u0131n\u0131n da \u00e7ok g\u00fc\u00e7l\u00fc oldu\u011funu belirten Balta, &#8220;TGC, 1946&#8217;dan beri hizmet veriyor. TGC hem Trabzon&#8217;a hem b\u00f6lgeye hem de \u00fclkeye hizmet eden bir kurulu\u015f. Bas\u0131n\u0131n\u0131z e\u011fer g\u00fc\u00e7l\u00fcyse, demokrasiniz de o derece g\u00fc\u00e7l\u00fc olur. Kalemler, e\u011fer ele\u015ftirel bazda eksikleri yazabiliyorsa siz de o derece kendinize \u00e7ekid\u00fczen veriyorsunuz&#8221; dedi.<\/p>\n<p><a href=\"https:\/\/www.enerjigazetesi.ist\/wp-content\/uploads\/2013\/04\/hedef-200-bin-konutun-yikilmasi-enerji-verimliligi-saglayan-konutlarin-yapilmasi.jpg\"><img loading=\"lazy\" class=\"alignleft size-medium wp-image-10319\" title=\"hedef-200-bin-konutun-yikilmasi-enerji-verimliligi-saglayan-konutlarin-yapilmasi\" src=\"https:\/\/www.enerjigazetesi.ist\/wp-content\/uploads\/2013\/04\/hedef-200-bin-konutun-yikilmasi-enerji-verimliligi-saglayan-konutlarin-yapilmasi-300x201.jpg\" alt=\"\" width=\"300\" height=\"201\" srcset=\"https:\/\/www.enerjigazetesi.ist\/wp-content\/uploads\/2013\/04\/hedef-200-bin-konutun-yikilmasi-enerji-verimliligi-saglayan-konutlarin-yapilmasi-300x201.jpg 300w, https:\/\/www.enerjigazetesi.ist\/wp-content\/uploads\/2013\/04\/hedef-200-bin-konutun-yikilmasi-enerji-verimliligi-saglayan-konutlarin-yapilmasi-74x50.jpg 74w, https:\/\/www.enerjigazetesi.ist\/wp-content\/uploads\/2013\/04\/hedef-200-bin-konutun-yikilmasi-enerji-verimliligi-saglayan-konutlarin-yapilmasi.jpg 431w\" sizes=\"(max-width: 300px) 100vw, 300px\" \/><\/a>Balta, gazetecili\u011fin \u00e7ok kutsal ve zor bir i\u015f oldu\u011funu ifade ederek, gazetecilerin 24 saat a\u011f\u0131r bir sorumluluk ta\u015f\u0131d\u0131klar\u0131n\u0131 vurgulad\u0131.<br \/>\n&#8220;Bu sene hedef 200 bin konutun y\u0131k\u0131lmas\u0131&#8221;<\/p>\n<p>\u00c7evre ve \u015eehircilik Bakanl\u0131\u011f\u0131n\u0131n \u00e7al\u0131\u015fmalar\u0131 hakk\u0131nda bilgi veren Balta,<\/p>\n<p>&#8220;Bakanl\u0131k olarak asli g\u00f6revimiz havay\u0131, suyu, topra\u011f\u0131 ve topra\u011f\u0131n \u00fczerinde yap\u0131lan imalatlar\u0131 kontrol etmek. \u0130nsanlara ya\u015fanabilir kentler, il\u00e7eler, beldeler ve k\u00f6yler sunmak. Bunun i\u00e7in \u00e7abal\u0131yoruz, m\u00fccadele ediyoruz&#8221; diye konu\u015ftu.<\/p>\n<p>Balta, T\u00fcrkiye&#8217;de afet riski ta\u015f\u0131yan alanlarda 6.5 milyon konutun 20 y\u0131l i\u00e7inde y\u0131k\u0131l\u0131p yeniden in\u015fa edilmesinin planland\u0131\u011f\u0131n\u0131 an\u0131msatarak, \u015funlar\u0131 kaydetti:<br \/>\n&#8220;T\u00fcrkiye&#8217;de \u015fu anda riskli olan 50 bin konut y\u0131k\u0131l\u0131yor. Bu konutlar aras\u0131nda kamu binalar\u0131 da bulunuyor. Bu sene hedef 200 bin konutun y\u0131k\u0131lmas\u0131. Seneye ise 400 bin konutun y\u0131k\u0131l\u0131p, yeniden yap\u0131lmas\u0131 laz\u0131m. Bunlar\u0131 yaparken neyi d\u00fc\u015f\u00fcn\u00fcyoruz- <strong>Enerji verimlili\u011fi<\/strong> y\u00fcksek, ye\u015fil alan\u0131, otopark\u0131 olan her \u015feyi ile beraber m\u00fckemmel ya\u015fam alanlar\u0131 yapmay\u0131 d\u00fc\u015f\u00fcn\u00fcyoruz.&#8221;<\/p>\n<p>\u00d6zdemir ise Balta&#8217;ya ziyareti dolay\u0131s\u0131yla te\u015fekk\u00fcr ederek, \u00c7evre ve \u015eehircilik Bakanl\u0131\u011f\u0131n\u0131n TGC&#8217;nin \u00e7e\u015fitli \u00e7al\u0131\u015fmalar\u0131na katk\u0131lar\u0131 oldu\u011funu belirterek, katk\u0131lar\u0131n yeni s\u00fcre\u00e7te de devam etmesini umduklar\u0131n\u0131 s\u00f6yledi.<\/p>\n<p>Kaynak: <a href=\"http:\/\/www.energyworld.com.tr\/root.vol?title=-quotbu-sene-hedef-200-bin-konutun-yikilmasi-quot&amp;exec=page&amp;nid=531890\" target=\"_blank\">Energy World<\/a><\/p>","protected":false},"excerpt":{"rendered":"<p>Sorry, this entry is only available in Turkish. For the sake of viewer convenience, the content is shown below in the alternative language. You may click the link to switch the active language.\u00c7evre ve \u015eehircilik Bakan Yard\u0131mc\u0131s\u0131 Muhammet Balta, T\u00fcrkiye&#8217;de afet riski ta\u015f\u0131yan alanlarda 6,5 milyon konutun 20 y\u0131l i\u00e7inde y\u0131k\u0131l\u0131p, yeniden in\u015fa edilmesinin planland\u0131\u011f\u0131n\u0131 [&hellip;]<\/p>\n","protected":false},"author":1,"featured_media":10319,"comment_status":"open","ping_status":"open","sticky":false,"template":"","format":"standard","meta":[],"categories":[53,52],"tags":[4967,4965,4968,63,67,12,2288,4966],"views":587,"_links":{"self":[{"href":"https:\/\/www.enerjigazetesi.ist\/en\/wp-json\/wp\/v2\/posts\/10318"}],"collection":[{"href":"https:\/\/www.enerjigazetesi.ist\/en\/wp-json\/wp\/v2\/posts"}],"about":[{"href":"https:\/\/www.enerjigazetesi.ist\/en\/wp-json\/wp\/v2\/types\/post"}],"author":[{"embeddable":true,"href":"https:\/\/www.enerjigazetesi.ist\/en\/wp-json\/wp\/v2\/users\/1"}],"replies":[{"embeddable":true,"href":"https:\/\/www.enerjigazetesi.ist\/en\/wp-json\/wp\/v2\/comments?post=10318"}],"version-history":[{"count":2,"href":"https:\/\/www.enerjigazetesi.ist\/en\/wp-json\/wp\/v2\/posts\/10318\/revisions"}],"predecessor-version":[{"id":10321,"href":"https:\/\/www.enerjigazetesi.ist\/en\/wp-json\/wp\/v2\/posts\/10318\/revisions\/10321"}],"wp:featuredmedia":[{"embeddable":true,"href":"https:\/\/www.enerjigazetesi.ist\/en\/wp-json\/wp\/v2\/media\/10319"}],"wp:attachment":[{"href":"https:\/\/www.enerjigazetesi.ist\/en\/wp-json\/wp\/v2\/media?parent=10318"}],"wp:term":[{"taxonomy":"category","embeddable":true,"href":"https:\/\/www.enerjigazetesi.ist\/en\/wp-json\/wp\/v2\/categories?post=10318"},{"taxonomy":"post_tag","embeddable":true,"href":"https:\/\/www.enerjigazetesi.ist\/en\/wp-json\/wp\/v2\/tags?post=10318"}],"curies":[{"name":"wp","href":"https:\/\/api.w.org\/{rel}","templated":true}]}}