{"id":102979,"date":"2019-11-16T19:34:34","date_gmt":"2019-11-16T16:34:34","guid":{"rendered":"https:\/\/www.enerjigazetesi.ist\/?p=102979"},"modified":"2019-11-16T19:38:22","modified_gmt":"2019-11-16T16:38:22","slug":"guyad-yenilenebilir-enerji-finansmani-zirvesi-istanbulda-gerceklestirildi","status":"publish","type":"post","link":"https:\/\/www.enerjigazetesi.ist\/en\/guyad-yenilenebilir-enerji-finansmani-zirvesi-istanbulda-gerceklestirildi\/","title":{"rendered":"(Turkish) G\u00dcYAD &#8216;Yenilenebilir Enerji Finansman\u0131 Zirvesi&#8217; \u0130stanbul&#8217;da Ger\u00e7ekle\u015ftirildi"},"content":{"rendered":"<p class=\"qtranxs-available-languages-message qtranxs-available-languages-message-en\">Sorry, this entry is only available in <a href=\"https:\/\/www.enerjigazetesi.ist\/tr\/wp-json\/wp\/v2\/posts\/102979\" class=\"qtranxs-available-language-link qtranxs-available-language-link-tr\" title=\"Turkish\">Turkish<\/a>. For the sake of viewer convenience, the content is shown below in the alternative language. You may click the link to switch the active language.<\/p><p><\/p>\n<h1><strong>G\u00fcne\u015f Enerjisi Yat\u0131r\u0131mc\u0131lar\u0131 Derne\u011fi G\u00dcYAD taraf\u0131ndan d\u00fczenlenen \u201cYenilenebilir Enerji Finansman\u0131 Zirvesi\u201d, Enerji ve Tabii Kaynaklar Bakan Yard\u0131mc\u0131s\u0131 Abdullah Tancan, TBMM Sanayi, Ticaret, Enerji, Bilgi ve Teknoloji Komisyonu Ba\u015fkan\u0131 Mustafa Elita\u015f ve EPDK Ba\u015fkan\u0131 Mustafa Y\u0131lmaz\u2019\u0131n kat\u0131l\u0131mlar\u0131yla ger\u00e7ekle\u015ftirildi.<\/strong><\/h1>\n<p>G\u00dcYAD Y\u00f6netim Kurulu Ba\u015fkan\u0131 Cem \u00d6zk\u00f6k ba\u015fkanl\u0131\u011f\u0131ndaki toplant\u0131 G\u00dcYAD Genel Sekreteri Av. Berke Ayg\u00fcn\u2019\u00fcn a\u00e7\u0131l\u0131\u015f konu\u015fmas\u0131 ile ba\u015flad\u0131. A\u00e7\u0131l\u0131\u015f\u0131n ard\u0131ndan banka temsilcilerinin kat\u0131l\u0131m\u0131yla yap\u0131lan <em><img loading=\"lazy\" class=\"alignright wp-image-102981\" src=\"https:\/\/www.enerjigazetesi.ist\/wp-content\/uploads\/2019\/11\/guyad-yenilenebilir-enerji-finansmani-zirvesi-istanbulda-gerceklestirildi.jpg\" alt=\"\" width=\"320\" height=\"213\" srcset=\"https:\/\/www.enerjigazetesi.ist\/wp-content\/uploads\/2019\/11\/guyad-yenilenebilir-enerji-finansmani-zirvesi-istanbulda-gerceklestirildi.jpg 732w, https:\/\/www.enerjigazetesi.ist\/wp-content\/uploads\/2019\/11\/guyad-yenilenebilir-enerji-finansmani-zirvesi-istanbulda-gerceklestirildi-300x200.jpg 300w, https:\/\/www.enerjigazetesi.ist\/wp-content\/uploads\/2019\/11\/guyad-yenilenebilir-enerji-finansmani-zirvesi-istanbulda-gerceklestirildi-500x333.jpg 500w, https:\/\/www.enerjigazetesi.ist\/wp-content\/uploads\/2019\/11\/guyad-yenilenebilir-enerji-finansmani-zirvesi-istanbulda-gerceklestirildi-75x50.jpg 75w, https:\/\/www.enerjigazetesi.ist\/wp-content\/uploads\/2019\/11\/guyad-yenilenebilir-enerji-finansmani-zirvesi-istanbulda-gerceklestirildi-450x300.jpg 450w\" sizes=\"(max-width: 320px) 100vw, 320px\" \/><\/em>oturuma moderat\u00f6rl\u00fck yapan G\u00dcYAD Y\u00f6netim Kurulu Ba\u015fkan\u0131 Cem \u00d6zk\u00f6k oturumu, \u201c<em>Bug\u00fcn bir ba\u015far\u0131 hikayesi olarak nitelendirilen YEKDEM s\u00fcrecinin t\u00fcm mimarlar\u0131n\u0131 bir araya getirdik. Enerji Bakanl\u0131\u011f\u0131, Meclis Enerji Komisyonu, EPDK, bankalar ve yat\u0131r\u0131mc\u0131larla YEKDEM ger\u00e7ekten de bir ba\u015far\u0131 \u00f6yk\u00fcs\u00fc oldu\u201d<\/em> s\u00f6zleriyle ba\u015flatt\u0131. Oturumda Akbank, Garanti BBVA, \u0130\u015f Bankas\u0131 ve Yap\u0131 Kredi Bankas\u0131 y\u00f6neticileri YEKDEM\u2019in ge\u00e7mi\u015ften bug\u00fcne T\u00fcrkiye enerji sekt\u00f6r\u00fcne nas\u0131l bir ivme kazand\u0131rd\u0131\u011f\u0131n\u0131 ve bundan sonraki s\u00fcrece dair beklentilerini payla\u015ft\u0131.<\/p>\n<p>Zirvenin son b\u00f6l\u00fcm\u00fcnde ise EPDK Ba\u015fkan\u0131 Mustafa Y\u0131lmaz, TBMM Sanayi, Ticaret, Enerji, Bilgi ve Teknoloji Komisyonu Ba\u015fkan\u0131 Mustafa Elita\u015f ve Enerji ve Tabii Kaynaklar Bakan Yard\u0131mc\u0131s\u0131 Abdullah Tancan\u2019\u0131n g\u00f6r\u00fc\u015fleri al\u0131nd\u0131.<\/p>\n<h2><strong>Tancan: G\u00fcne\u015fte mini YEKA ihaleleri Aral\u0131k ay\u0131nda ilan edilecek<\/strong><\/h2>\n<p>YEKA yar\u0131\u015fmalar\u0131n\u0131 Aral\u0131k ay\u0131nda ilan etmeyi planlad\u0131klar\u0131n\u0131 belirten Enerji ve Tabii Kaynaklar Bakan Yard\u0131mc\u0131s\u0131 Tancan, yenilenebilir enerji kaynaklar\u0131n\u0131n elektrik enerjisi \u00fcretimi amac\u0131 kullan\u0131m\u0131na dair kanunda d\u00fczenlemeler yap\u0131lmas\u0131 gerekti\u011fini ve bunlar\u0131n yasala\u015fmas\u0131n\u0131n ard\u0131ndan 2021 y\u0131l\u0131 sonras\u0131 i\u00e7in <strong>yenilenebilir enerji te\u015fvikleri<\/strong> ile ilgili s\u00fcrecin ilan edilece\u011fini s\u00f6yledi. Abdullah Tancan, \u201c<em>Aral\u0131kta 1.000 MW kapasiteli <strong>mini g\u00fcne\u015f YEKA yar\u0131\u015fmalar\u0131<\/strong>n\u0131 ilan edece\u011fiz. 1.000 MW\u2019l\u0131k bir kapasiteyi 10&#8217;ar MW kapasitelere ba\u015fvurulabilecek ve 100 ayr\u0131 yar\u0131\u015fma ilan\u0131 olacak \u015fekilde kurguluyoruz. Bu \u015fu an i\u00e7in bir taslak. 10 ile 50 mw aras\u0131nda de\u011fi\u015febilecek kapasiteleri 39 ilimiz i\u00e7in a\u00e7may\u0131 planl\u0131yoruz, bu say\u0131 40 ya da 41 de olabilir. Sekt\u00f6rden de g\u00f6r\u00fc\u015fleri ald\u0131ktan sonra teknik hususlar\u0131 da netle\u015ftirmi\u015f olaca\u011f\u0131z. Nisan 2020&#8217;de teklifleri alacak \u015fekilde planlama yap\u0131yoruz. Sekt\u00f6r\u00fcm\u00fcz\u00fcn uzun zamand\u0131r bekledi\u011fi bir geli\u015fmeydi<\/em>\u201d \u015feklinde konu\u015ftu.<\/p>\n<h2><strong>Y\u0131lmaz: Tek model YEKDEM olmamal\u0131<\/strong><\/h2>\n<p>Bug\u00fcn T\u00fcrkiye\u2019de r\u00fczgar enerjisinde 8 bin, g\u00fcne\u015f enerjisinde 6 bin MW\u2019l\u0131k kapasitelerin olu\u015fmas\u0131nda YEKDEM\u2019in \u00f6nemli bir pay\u0131 oldu\u011funu s\u00f6yleyen EPDK Ba\u015fkan\u0131 Mustafa Y\u0131lmaz da, \u201c<em>T\u00fcrkiye\u2019nin enerji yat\u0131r\u0131m k\u00fclt\u00fcr\u00fcn\u00fc de\u011fi\u015ftirdik, buna paralel finansman k\u00fclt\u00fcr\u00fcn\u00fc de de\u011fi\u015ftirmemiz gerekli. Yeni modeller \u00fcretmeliyiz. T\u00fcrkiye enerji sekt\u00f6r\u00fcnde yat\u0131r\u0131mlar\u0131n k\u00fc\u00e7\u00fclerek tabana yay\u0131lmas\u0131n\u0131 arzu ediyoruz. YEKDEM\u2019i destekliyoruz ancak tek model YEKDEM olmamal\u0131. Yeni finansman modellerine dair \u00e7al\u0131\u015fmalar yap\u0131lmal\u0131<\/em>\u201d dedi.<\/p>\n<h2><strong>Bankalar uzun vadeli destek istiyor<\/strong><\/h2>\n<p>YEKDEM\u2019in devam etmesinin enerji sekt\u00f6r\u00fcn\u00fcn b\u00fcy\u00fcmesi i\u00e7in gerekli oldu\u011funu belirten<strong> Garanti BBVA Kurumsal Krediler ve Proje Finansman\u0131 Yap\u0131land\u0131rma Direkt\u00f6r\u00fc Emre Hatem <\/strong>de konu\u015fmas\u0131nda \u015funlar\u0131 dile getirdi: \u201c<em>Yeni d\u00f6nem i\u00e7in al\u0131m garantisinin fiyat seviyesi, para birimi ve garantinin sabit mi yoksa piyasa takas fiyat\u0131na (PTF) m\u0131 ba\u011fl\u0131 olaca\u011f\u0131 \u00fc\u00e7 \u00f6nemli konu. Yeni d\u00f6nemdeki al\u0131m garantisi PTF\u2019ye endeskli olursa, bankalar\u0131n bu projeleri finanse etmesi zorla\u015f\u0131r. \u015eu an en d\u00fc\u015f\u00fck faiz avroda ve yeni d\u00f6nemde al\u0131m garantisinin de avro \u00fczerinden verilmesinde fayda oldu\u011funu g\u00f6r\u00fcyoruz. Ayr\u0131ca, yenilenebilir enerji projelerindeki ekipmanlar\u0131n \u00e7o\u011funlukla Avrupa\u2019dan ithal edildi\u011fini d\u00fc\u015f\u00fcnd\u00fc\u011f\u00fcm\u00fczde, maliyetler dolara g\u00f6re daha d\u00fc\u015f\u00fck \u00e7\u0131k\u0131yor.<\/em>\u201d<\/p>\n<p><strong>T\u00fcrkiye \u0130\u015f Bankas\u0131 Kurumsal Krediler Tahsis B\u00f6l\u00fcm M\u00fcd\u00fcr\u00fc Can Y\u00fccel<\/strong> de, \u201c<em>95 milyar dolarl\u0131k yat\u0131r\u0131m b\u00fct\u00e7esinin 70 milyar dolar\u0131 bankalarca fonland\u0131. A\u011f\u0131rl\u0131kl\u0131 b\u00f6l\u00fcm ise YEKDEM. Bankalar\u0131n \u00f6nemli oranda tahsilat yapt\u0131\u011f\u0131 sekt\u00f6rde 45 milyar dolarl\u0131k bir kredi bakiyesi olu\u015ftu. Bu \u00e7ok \u00f6nemli. Sekt\u00f6r her hal\u00fckarda mevcut kapasitenin kalitesini muhafaza etmek ve teknolojiye ayak uydurmak i\u00e7in b\u00fcy\u00fcmek zorunda. Kredi portf\u00f6y\u00fcm\u00fcz i\u00e7inde enerjinin a\u011f\u0131rl\u0131\u011f\u0131n\u0131n ayn\u0131 \u015fekilde devam edece\u011fini d\u00fc\u015f\u00fcn\u00fcyoruz<\/em>\u201d analizini yapt\u0131.<\/p>\n<p><strong>Akbank Kurumsal ve Yat\u0131r\u0131m Bankac\u0131l\u0131\u011f\u0131 B\u00f6l\u00fcm Ba\u015fkan\u0131 Hakan Birhan<\/strong> \u201c<em>Vadenin yeterli olmas\u0131 laz\u0131m. Fiyat\u0131n sabit ve vadenin uzun olmas\u0131 durumunda kaynaklar\u0131 daha rahat ay\u0131rabiliyoruz. Vade ve fiyat\u0131n birbiriyle \u00e7al\u0131\u015f\u0131yor olmas\u0131 \u00e7ok \u00f6nemli. Mevzuat da \u00e7ok net, az de\u011fi\u015fen bir mevzuat olmal\u0131<\/em>\u201d ifadelerini kulland\u0131.<\/p>\n<p>\u201c<em>YEKDEM bankac\u0131lar\u0131n sisteme olan g\u00fcvenini ve inanc\u0131 per\u00e7inledi. Proje finansman\u0131 bankac\u0131lar olarak g\u00f6rmek istedi\u011fimiz sabit fiyattan uzun vadeli sat\u0131n al\u0131m garantis<\/em>i\u201d diyen <strong>Yap\u0131 Kredi Bankas\u0131 Proje ve Yap\u0131land\u0131r\u0131lm\u0131\u015f Finansman Direkt\u00f6r\u00fc Hale Tunaboylu Yayla <\/strong>ise, r\u00fczgar ve g\u00fcne\u015fin son derece sa\u011fl\u0131kl\u0131 giden, kredi \u00f6deme sorunu olmayan projeler oldu\u011funu belirtti. Tunaboylu Yayla, \u201c<em>10 y\u0131l\u0131 a\u015fk\u0131n s\u00fcreleri kapsayan uzun vadeli finansman garantileri bu deste\u011fi s\u00fcrd\u00fcr\u00fclebilir k\u0131lar<\/em>\u201d \u015feklinde konu\u015ftu.<\/p>","protected":false},"excerpt":{"rendered":"<p>Sorry, this entry is only available in Turkish. For the sake of viewer convenience, the content is shown below in the alternative language. You may click the link to switch the active language. G\u00fcne\u015f Enerjisi Yat\u0131r\u0131mc\u0131lar\u0131 Derne\u011fi G\u00dcYAD taraf\u0131ndan d\u00fczenlenen \u201cYenilenebilir Enerji Finansman\u0131 Zirvesi\u201d, Enerji ve Tabii Kaynaklar Bakan Yard\u0131mc\u0131s\u0131 Abdullah Tancan, TBMM Sanayi, Ticaret, [&hellip;]<\/p>\n","protected":false},"author":1,"featured_media":102982,"comment_status":"open","ping_status":"open","sticky":false,"template":"","format":"standard","meta":[],"categories":[51,53],"tags":[32584,2714,46861,61027,44797,5070,48480,52259,54747,750,52480,53157,32191,32192,31672,61026,48949,9075,12996,46846,32142,61023,8275,61022,61024,61025,508,21656],"views":541,"_links":{"self":[{"href":"https:\/\/www.enerjigazetesi.ist\/en\/wp-json\/wp\/v2\/posts\/102979"}],"collection":[{"href":"https:\/\/www.enerjigazetesi.ist\/en\/wp-json\/wp\/v2\/posts"}],"about":[{"href":"https:\/\/www.enerjigazetesi.ist\/en\/wp-json\/wp\/v2\/types\/post"}],"author":[{"embeddable":true,"href":"https:\/\/www.enerjigazetesi.ist\/en\/wp-json\/wp\/v2\/users\/1"}],"replies":[{"embeddable":true,"href":"https:\/\/www.enerjigazetesi.ist\/en\/wp-json\/wp\/v2\/comments?post=102979"}],"version-history":[{"count":0,"href":"https:\/\/www.enerjigazetesi.ist\/en\/wp-json\/wp\/v2\/posts\/102979\/revisions"}],"wp:featuredmedia":[{"embeddable":true,"href":"https:\/\/www.enerjigazetesi.ist\/en\/wp-json\/wp\/v2\/media\/102982"}],"wp:attachment":[{"href":"https:\/\/www.enerjigazetesi.ist\/en\/wp-json\/wp\/v2\/media?parent=102979"}],"wp:term":[{"taxonomy":"category","embeddable":true,"href":"https:\/\/www.enerjigazetesi.ist\/en\/wp-json\/wp\/v2\/categories?post=102979"},{"taxonomy":"post_tag","embeddable":true,"href":"https:\/\/www.enerjigazetesi.ist\/en\/wp-json\/wp\/v2\/tags?post=102979"}],"curies":[{"name":"wp","href":"https:\/\/api.w.org\/{rel}","templated":true}]}}