{"id":102963,"date":"2019-11-16T08:25:00","date_gmt":"2019-11-16T05:25:00","guid":{"rendered":"https:\/\/www.enerjigazetesi.ist\/?p=102963"},"modified":"2019-11-16T08:25:00","modified_gmt":"2019-11-16T05:25:00","slug":"mugla-buyuksehir-belediyesi-enerjisini-gunes-enerji-santralinden-aliyor","status":"publish","type":"post","link":"https:\/\/www.enerjigazetesi.ist\/en\/mugla-buyuksehir-belediyesi-enerjisini-gunes-enerji-santralinden-aliyor\/","title":{"rendered":"(Turkish) &#8217;Mu\u011fla B\u00fcy\u00fck\u015fehir Belediyesi&#8217; Enerjisini G\u00fcne\u015f Enerji Santrali&#8217;nden Al\u0131yor"},"content":{"rendered":"<p class=\"qtranxs-available-languages-message qtranxs-available-languages-message-en\">Sorry, this entry is only available in <a href=\"https:\/\/www.enerjigazetesi.ist\/tr\/wp-json\/wp\/v2\/posts\/102963\" class=\"qtranxs-available-language-link qtranxs-available-language-link-tr\" title=\"Turkish\">Turkish<\/a>. For the sake of viewer convenience, the content is shown below in the alternative language. You may click the link to switch the active language.<\/p><p><\/p>\n<h1><strong>Mu\u011fla B\u00fcy\u00fck\u015fehir Belediyesi taraf\u0131ndan tesislere kurulan g\u00fcne\u015f enerjisi santralleriyle y\u0131lda yakla\u015f\u0131k 1000 hanenin elektri\u011fi \u00fcretilerek do\u011faya ve b\u00fct\u00e7esine katk\u0131 sa\u011fl\u0131yor.<\/strong><\/h1>\n<p>T\u00fcrkiye\u2019de g\u00fcne\u015flenme s\u00fcresi en y\u00fcksek illerden biri olan <strong>Mu\u011fla\u2019da<\/strong>, B\u00fcy\u00fck\u015fehir Belediyesi tesislerinde <strong>g\u00fcne\u015f enerji santralleri kurmaya<\/strong>, do\u011fay\u0131 ve b\u00fct\u00e7esini korumaya devam ediyor. B\u00fcy\u00fck\u015fehir <img loading=\"lazy\" class=\"alignright wp-image-102966\" src=\"https:\/\/www.enerjigazetesi.ist\/wp-content\/uploads\/2019\/11\/mugla-buyuksehir-belediyesi-enerjisini-gunes-enerji-santralinden-aliyor-3.jpg\" alt=\"\" width=\"320\" height=\"180\" srcset=\"https:\/\/www.enerjigazetesi.ist\/wp-content\/uploads\/2019\/11\/mugla-buyuksehir-belediyesi-enerjisini-gunes-enerji-santralinden-aliyor-3.jpg 868w, https:\/\/www.enerjigazetesi.ist\/wp-content\/uploads\/2019\/11\/mugla-buyuksehir-belediyesi-enerjisini-gunes-enerji-santralinden-aliyor-3-300x169.jpg 300w, https:\/\/www.enerjigazetesi.ist\/wp-content\/uploads\/2019\/11\/mugla-buyuksehir-belediyesi-enerjisini-gunes-enerji-santralinden-aliyor-3-768x432.jpg 768w, https:\/\/www.enerjigazetesi.ist\/wp-content\/uploads\/2019\/11\/mugla-buyuksehir-belediyesi-enerjisini-gunes-enerji-santralinden-aliyor-3-500x281.jpg 500w, https:\/\/www.enerjigazetesi.ist\/wp-content\/uploads\/2019\/11\/mugla-buyuksehir-belediyesi-enerjisini-gunes-enerji-santralinden-aliyor-3-80x45.jpg 80w\" sizes=\"(max-width: 320px) 100vw, 320px\" \/>Belediye tesislerinden <strong>Mente\u015fe Terminal<\/strong> T\u00fcrkiye\u2019de ilk yap\u0131ya <strong>entegre GES<\/strong> 290,4 kwh kurulu g\u00fc\u00e7, <strong>Mente\u015fe Mezbaha Tesisi GES<\/strong> 105,4 kwh kurulu g\u00fc\u00e7, <strong>Konac\u0131k \u0130dari Bina \u00e7at\u0131s\u0131 GES<\/strong> 52,4 kwh kurulu g\u00fc\u00e7 ve yap\u0131m\u0131 devam eden <strong>Bodrum Terminal \u00c7at\u0131s\u0131na kurulumu yap\u0131lacak<\/strong> GES 640 kwh g\u00fcce sahip olacak ve B\u00fcy\u00fck\u015fehir Belediyesinin t\u00fcm tesisleri, <strong>1067 kwh kurulu<\/strong> g\u00fcce sahip olacak. T\u00fcm g\u00fcne\u015f enerji santrallerinin sorunsuz \u00e7al\u0131\u015fmas\u0131 ile Mu\u011fla B\u00fcy\u00fck\u015fehir Belediyesi y\u0131lda yakla\u015f\u0131k <strong>1000 hanenin elektrik t\u00fcketimine e\u015fit<\/strong> enerjiyi g\u00fcne\u015ften kar\u015f\u0131layacak. Y\u0131lda <strong>1.400.000 KWH enerji \u00fcretecek<\/strong> tesisler, 1000 hanenin elektrik \u00fcretimi yan\u0131nda <strong>30 ton ka\u011f\u0131d\u0131n<\/strong> geri d\u00f6n\u00fc\u015f\u00fcm\u00fcn\u00fc sa\u011flayacak ve <strong>840 ton<\/strong> Co2\u2019nin atmosfere sal\u0131n\u0131m\u0131n\u0131 engelleyecek. Ayn\u0131 zamanda belediye b\u00fct\u00e7esine de b\u00fcy\u00fck katk\u0131 sa\u011flayan <strong>g\u00fcne\u015f panellerinin<\/strong>, <strong>B\u00fcy\u00fck\u015fehir Belediyesi<\/strong> taraf\u0131ndan bundan sonra yap\u0131lacak binalarda da kullan\u0131lmas\u0131 planlan\u0131yor.<\/p>\n<h2><strong>1000 Hanenin Elektrik T\u00fcketimine E\u015fit Enerji G\u00fcne\u015ften Kar\u015f\u0131lanacak<\/strong><\/h2>\n<p>D\u00fcnyan\u0131n ve T\u00fcrkiye\u2019nin en \u00f6zel, e\u015fsiz \u015fehirlerinden birinde ya\u015fad\u0131klar\u0131n\u0131 dile getiren Mu\u011fla B\u00fcy\u00fck\u015fehir Belediye Ba\u015fkan\u0131 Dr. Osman G\u00fcr\u00fcn, hizmetleri ve projeleri ile ya\u015famaktan ve hizmet etmekten gurur <img loading=\"lazy\" class=\"alignleft wp-image-102967\" src=\"https:\/\/www.enerjigazetesi.ist\/wp-content\/uploads\/2019\/11\/mugla-buyuksehir-belediyesi-enerjisini-gunes-enerji-santralinden-aliyor-1.jpg\" alt=\"\" width=\"320\" height=\"240\" srcset=\"https:\/\/www.enerjigazetesi.ist\/wp-content\/uploads\/2019\/11\/mugla-buyuksehir-belediyesi-enerjisini-gunes-enerji-santralinden-aliyor-1.jpg 796w, https:\/\/www.enerjigazetesi.ist\/wp-content\/uploads\/2019\/11\/mugla-buyuksehir-belediyesi-enerjisini-gunes-enerji-santralinden-aliyor-1-300x225.jpg 300w, https:\/\/www.enerjigazetesi.ist\/wp-content\/uploads\/2019\/11\/mugla-buyuksehir-belediyesi-enerjisini-gunes-enerji-santralinden-aliyor-1-768x576.jpg 768w, https:\/\/www.enerjigazetesi.ist\/wp-content\/uploads\/2019\/11\/mugla-buyuksehir-belediyesi-enerjisini-gunes-enerji-santralinden-aliyor-1-500x375.jpg 500w, https:\/\/www.enerjigazetesi.ist\/wp-content\/uploads\/2019\/11\/mugla-buyuksehir-belediyesi-enerjisini-gunes-enerji-santralinden-aliyor-1-67x50.jpg 67w\" sizes=\"(max-width: 320px) 100vw, 320px\" \/>duyduklar\u0131 <strong>Mu\u011fla\u2019y\u0131<\/strong> koruduklar\u0131n\u0131 ve koruyarak gelece\u011fe ta\u015f\u0131d\u0131klar\u0131n\u0131 belirtti. G\u00fcr\u00fcn, \u201c<strong>% 68 orman<\/strong> varl\u0131\u011f\u0131, <strong>1480 km<\/strong> k\u0131y\u0131 \u015feridi ile dantela gibi i\u015flenmi\u015f e\u015fsiz koylara sahip Mu\u011flam\u0131z, g\u00fcne\u015ften en fazla yararlanan \u015fehirlerin de ba\u015f\u0131nda geliyor. Yerel y\u00f6netimler olarak, il belediyesi iken <strong>mezbaha tesisimiz<\/strong> arkas\u0131nda ba\u015flatt\u0131\u011f\u0131m\u0131z <strong>g\u00fcne\u015f enerjisinden yararlanma<\/strong> projesini <strong>B\u00fcy\u00fck\u015fehir Belediyesi<\/strong> oldu\u011fumuzda <strong>Mente\u015fe, Bodrum otogarlar\u0131n \u00e7at\u0131s\u0131<\/strong> ve <strong>Bodrum Konac\u0131k<\/strong> hizmet binas\u0131 \u00e7at\u0131s\u0131nda devam ettirdik. <strong>G\u00fcne\u015f enerjisi santralleri<\/strong>mizden en b\u00fcy\u00fc\u011f\u00fc, yap\u0131m\u0131 devam eden Bodrum otogar\u0131m\u0131z\u0131n \u00e7at\u0131s\u0131. Bodrum otogar\u0131m\u0131z\u0131n da devreye girmesi ile kurulu g\u00fcc\u00fcm\u00fcz <strong>y\u0131ll\u0131k 1000 hanenin<\/strong> elektri\u011fini \u00fcretebilen g\u00fc\u00e7te olacak. \u00c7evreyi, b\u00fct\u00e7emizi koruyan yenilik\u00e7i bu projeleri, Mu\u011flam\u0131z genelinde daha da artt\u0131rmay\u0131 hedefliyoruz. Mu\u011fla, <strong>ye\u015fili mavisi<\/strong> ile tertemiz havas\u0131 do\u011fas\u0131 ile <strong>verimli topraklar\u0131<\/strong> yararl\u0131 <strong>g\u00fcne\u015fi ile<\/strong> bir \u015fehirden fazlas\u0131\u201d dedi.<\/p>\n<p>Sarp ALTINEL \/ Enerji Gazetesi &#8211; <a href=\"mailto:sarp.altinel@enerjigazetesi.ist\" target=\"_blank\" rel=\"noopener\">sarp.altinel@enerjigazetesi.ist<\/a><\/p>","protected":false},"excerpt":{"rendered":"<p>Sorry, this entry is only available in Turkish. For the sake of viewer convenience, the content is shown below in the alternative language. You may click the link to switch the active language. Mu\u011fla B\u00fcy\u00fck\u015fehir Belediyesi taraf\u0131ndan tesislere kurulan g\u00fcne\u015f enerjisi santralleriyle y\u0131lda yakla\u015f\u0131k 1000 hanenin elektri\u011fi \u00fcretilerek do\u011faya ve b\u00fct\u00e7esine katk\u0131 sa\u011fl\u0131yor. T\u00fcrkiye\u2019de g\u00fcne\u015flenme [&hellip;]<\/p>\n","protected":false},"author":1,"featured_media":102965,"comment_status":"open","ping_status":"open","sticky":false,"template":"","format":"standard","meta":[],"categories":[51,53,49],"tags":[16138,52362,47554,5070,52674,21919,52259,35038,1325,53157,61015,30503,54979],"views":506,"_links":{"self":[{"href":"https:\/\/www.enerjigazetesi.ist\/en\/wp-json\/wp\/v2\/posts\/102963"}],"collection":[{"href":"https:\/\/www.enerjigazetesi.ist\/en\/wp-json\/wp\/v2\/posts"}],"about":[{"href":"https:\/\/www.enerjigazetesi.ist\/en\/wp-json\/wp\/v2\/types\/post"}],"author":[{"embeddable":true,"href":"https:\/\/www.enerjigazetesi.ist\/en\/wp-json\/wp\/v2\/users\/1"}],"replies":[{"embeddable":true,"href":"https:\/\/www.enerjigazetesi.ist\/en\/wp-json\/wp\/v2\/comments?post=102963"}],"version-history":[{"count":0,"href":"https:\/\/www.enerjigazetesi.ist\/en\/wp-json\/wp\/v2\/posts\/102963\/revisions"}],"wp:featuredmedia":[{"embeddable":true,"href":"https:\/\/www.enerjigazetesi.ist\/en\/wp-json\/wp\/v2\/media\/102965"}],"wp:attachment":[{"href":"https:\/\/www.enerjigazetesi.ist\/en\/wp-json\/wp\/v2\/media?parent=102963"}],"wp:term":[{"taxonomy":"category","embeddable":true,"href":"https:\/\/www.enerjigazetesi.ist\/en\/wp-json\/wp\/v2\/categories?post=102963"},{"taxonomy":"post_tag","embeddable":true,"href":"https:\/\/www.enerjigazetesi.ist\/en\/wp-json\/wp\/v2\/tags?post=102963"}],"curies":[{"name":"wp","href":"https:\/\/api.w.org\/{rel}","templated":true}]}}